{"id":367,"date":"2012-04-14T13:23:22","date_gmt":"2012-04-14T13:23:22","guid":{"rendered":"http:\/\/www.culturalusa.com\/news\/?p=367"},"modified":"2025-01-21T11:40:19","modified_gmt":"2025-01-21T10:40:19","slug":"quinto-de-antonio-zambujo","status":"publish","type":"post","link":"https:\/\/www.culturalusa.com\/news\/media-gallery\/musique-albums\/quinto-de-antonio-zambujo\/","title":{"rendered":"Quinto de Ant\u00f3nio Zambujo"},"content":{"rendered":"<p><img loading=\"lazy\" decoding=\"async\" class=\"alignleft size-full wp-image-305\" title=\"ANTONIO ZAMBUJO\" src=\"https:\/\/www.culturalusa.com\/news\/wp-content\/uploads\/2012\/04\/ANTONIO-ZAMBUJO.jpg\" alt=\"\" width=\"200\" height=\"177\" \/><strong>Ant\u00f3nio Zambujo<\/strong><br \/>\n<strong>Album : Quinto (2012)<\/strong><\/p>\n<p>L&rsquo;harmonie des voix, la cadence des phrases et le tempo de chaque tempo ont toujours \u00e9t\u00e9 une influence.<\/p>\n<p>N\u00e9 \u00e0 Beja en 1975, Ant\u00f3nio Zambujo a commenc\u00e9 l\u2019\u00e9tude de clarinette \u00e0 l\u2019\u00e2ge de 8 ans et a fait ses d\u00e9buts au conservatoire r\u00e9gional du Baixo Alentejo.<\/p>\n<p>Dans sa jeunesse, il est tomb\u00e9 amoureux du Fado et des voix d&rsquo;Am\u00e1lia Rodrigues, de Maria Teresa de Noronha, d&rsquo;Alfredo Marceneiro, de Jo\u00e3o Ferreira Rosa, de Max et de bien d&rsquo;autres.<\/p>\n<p>Il \u00e9tait habitu\u00e9 \u00e0 chanter avec sa famille et ses amis et, \u00e0 16 ans, il a m\u00eame remport\u00e9 un concours de fado.<\/p>\n<p><strong>(PT)<\/strong> A harmonia das vozes, a cad\u00eancia das frases e o tempo de cada andamento, foram para sempre uma influ\u00eancia. Nascido em Beja, em 1975, Ant\u00f3nio Zambujo come\u00e7ou a estudar clarinete com 8 anos, estreando-se no Conservat\u00f3rio Regional do Baixo Alentejo.<\/p>\n<p>Na sua juventude, apaixonou-se pelo Fado e pelas vozes de Am\u00e1lia Rodrigues, Maria Teresa de Noronha, Alfredo Marceneiro, Jo\u00e3o Ferreira Rosa, Max entre muitos outros. Estava habituado a cantar em fam\u00edlia e entre amigos, e aos 16 anos chegou mesmo a ganhar um concurso de fado.<\/p>\n<p>Album : <strong>Quinto<\/strong><br \/>\n1. Fado desconcertado<br \/>\n2. A casa fechada<br \/>\n3. Algo estranho acontece<br \/>\n4. Rua dos meus ci\u00fames<br \/>\n5. Flagrante<br \/>\n6. N\u00e3o vale mais um dia<br \/>\n7. Lambreta<br \/>\n8. Madrugada<br \/>\n9. Milagr\u00e1rio pessoal<br \/>\n10. S\u00f3 pode ser amor<br \/>\n11. Noite estrelada<br \/>\n12. Queria conhecer-te um dia<br \/>\n13. Fortuna<br \/>\n14. Mar\u00e9<\/p>\n<p><img decoding=\"async\" style=\"margin-right: 5px; vertical-align: middle;\" src=\"https:\/\/www.culturalusa.com\/images\/icon-music-achat-32.png\" alt=\"achat musique\" \/>Acheter les Albums CD ou mp3 de <a href=\"https:\/\/www.amazon.fr\/gp\/search?ie=UTF8&amp;keywords=Antonio%20Zambujo&amp;tag=musica7-21&amp;index=music&amp;linkCode=ur2&amp;camp=1642&amp;creative=6746\" target=\"_blank\" rel=\"noopener noreferrer\">Antonio Zambujo<\/a><img loading=\"lazy\" decoding=\"async\" style=\"border: none !important; margin: 0px !important;\" src=\"https:\/\/www.assoc-amazon.fr\/e\/ir?t=muica7-21&amp;l=ur2&amp;o=8\" alt=\"\" width=\"1\" height=\"1\" border=\"0\" \/><\/p>\n<p><audio controls=\"controls\"><source src=\"\/news\/audio\/Antonio_Zambujo-Flagrante.mp3\" type=\"audio\/mp3\" \/>Votre navigateur ne prend pas en charge l&rsquo;\u00e9l\u00e9ment <code>audio<\/code>.<\/audio><\/p>\n<p style=\"text-align: center;\"><script type=\"text\/javascript\"><!-- google_ad_client = \"ca-pub-2727717456356200\"; \/* CulturaLusa 468x60 *\/ google_ad_slot = \"2785499263\"; google_ad_width = 468; google_ad_height = 60; \/\/-->\n<\/script><br \/>\n<script type=\"text\/javascript\" src=\"https:\/\/pagead2.googlesyndication.com\/pagead\/show_ads.js\">\n<\/script><\/p>\n<p><iframe loading=\"lazy\" width=\"100%\" height=\"450\" src=\"https:\/\/www.youtube-nocookie.com\/embed\/EHm3iKEw78U?si=XQFeKyi6y1lv9jRF\" title=\"YouTube video player\" frameborder=\"0\" allow=\"accelerometer; autoplay; clipboard-write; encrypted-media; gyroscope; picture-in-picture; web-share\" referrerpolicy=\"strict-origin-when-cross-origin\" allowfullscreen><\/iframe><\/p>\n","protected":false},"excerpt":{"rendered":"<p>Ant\u00f3nio Zambujo Album : Quinto (2012) L&rsquo;harmonie des voix, la cadence des phrases et le tempo de chaque tempo ont toujours \u00e9t\u00e9 une influence. N\u00e9 \u00e0 Beja en 1975, Ant\u00f3nio Zambujo a commenc\u00e9 l\u2019\u00e9tude de clarinette \u00e0 l\u2019\u00e2ge de 8 ans et a fait ses d\u00e9buts au conservatoire r\u00e9gional du Baixo Alentejo. Dans sa jeunesse, [&hellip;]<\/p>\n","protected":false},"author":1,"featured_media":3437,"comment_status":"open","ping_status":"closed","sticky":false,"template":"","format":"standard","meta":{"footnotes":""},"categories":[29],"tags":[1122,1121],"class_list":["post-367","post","type-post","status-publish","format-standard","has-post-thumbnail","hentry","category-musique-albums","tag-album-quinto","tag-antonio-zambujo"],"aioseo_notices":[],"_links":{"self":[{"href":"https:\/\/www.culturalusa.com\/news\/wp-json\/wp\/v2\/posts\/367","targetHints":{"allow":["GET"]}}],"collection":[{"href":"https:\/\/www.culturalusa.com\/news\/wp-json\/wp\/v2\/posts"}],"about":[{"href":"https:\/\/www.culturalusa.com\/news\/wp-json\/wp\/v2\/types\/post"}],"author":[{"embeddable":true,"href":"https:\/\/www.culturalusa.com\/news\/wp-json\/wp\/v2\/users\/1"}],"replies":[{"embeddable":true,"href":"https:\/\/www.culturalusa.com\/news\/wp-json\/wp\/v2\/comments?post=367"}],"version-history":[{"count":3,"href":"https:\/\/www.culturalusa.com\/news\/wp-json\/wp\/v2\/posts\/367\/revisions"}],"predecessor-version":[{"id":13184,"href":"https:\/\/www.culturalusa.com\/news\/wp-json\/wp\/v2\/posts\/367\/revisions\/13184"}],"wp:featuredmedia":[{"embeddable":true,"href":"https:\/\/www.culturalusa.com\/news\/wp-json\/wp\/v2\/media\/3437"}],"wp:attachment":[{"href":"https:\/\/www.culturalusa.com\/news\/wp-json\/wp\/v2\/media?parent=367"}],"wp:term":[{"taxonomy":"category","embeddable":true,"href":"https:\/\/www.culturalusa.com\/news\/wp-json\/wp\/v2\/categories?post=367"},{"taxonomy":"post_tag","embeddable":true,"href":"https:\/\/www.culturalusa.com\/news\/wp-json\/wp\/v2\/tags?post=367"}],"curies":[{"name":"wp","href":"https:\/\/api.w.org\/{rel}","templated":true}]}}