{"id":3677,"date":"2018-06-27T00:23:39","date_gmt":"2018-06-26T22:23:39","guid":{"rendered":"https:\/\/www.culturalusa.com\/news\/?p=3677"},"modified":"2020-10-20T17:57:26","modified_gmt":"2020-10-20T15:57:26","slug":"macron-rencontre-le-pape-et-joue-lapaisement-avec-rome","status":"publish","type":"post","link":"https:\/\/www.culturalusa.com\/news\/actualite\/macron-rencontre-le-pape-et-joue-lapaisement-avec-rome\/","title":{"rendered":"Macron rencontre le pape et joue l&rsquo;apaisement avec Rome"},"content":{"rendered":"<p>Le pr\u00e9sident fran\u00e7ais Emmanuel Macron a rencontr\u00e9 le pape Fran\u00e7ois au Vatican sur le sujet incontournable de l&rsquo;accueil des <strong>migrants en Europe<\/strong>, tout en jouant l&rsquo;apaisement avec le nouveau gouvernement populiste italien.<\/p>\n<p>A l&rsquo;issue de sa visite officiellement vaticane, il a r\u00e9v\u00e9l\u00e9 devant la presse avoir eu une rencontre officieuse la veille au soir avec le chef du gouvernement italien Giuseppe Conte, \u00e0 deux jours du conseil europ\u00e9en consacr\u00e9 au dossier migratoire qui d\u00e9chire l&rsquo;UE.<\/p>\n<p>La France s&rsquo;\u00e9tait encore fait vertement critiqu\u00e9e lundi par le ministre de l&rsquo;Int\u00e9rieur Matteo Salvini, qui accuse M. Macron de fermer ses portes aux migrants.<\/p>\n<p>Mais dans un geste d&rsquo;apaisement et de coop\u00e9ration europ\u00e9enne, le pr\u00e9sident a annonc\u00e9 mardi que la France sera l&rsquo;un des six pays europ\u00e9ens \u00e0 accueillir les 233 migrants du navire humanitaire Lifeline que Malte va laisser accoster. Il s&rsquo;agira de \u00ab\u00a0quelques dizaines d&rsquo;individus par pays\u00a0\u00bb d&rsquo;accueil, a-t-il pr\u00e9cis\u00e9.<\/p>\n<p>Et M. Macron a m\u00eame rejoint certaines critiques de Rome sur le r\u00f4le des ONG en M\u00e9diterran\u00e9e. Pour lui, l&rsquo;ONG allemande Lifeline \u00ab\u00a0a coup\u00e9 le signal et elle est intervenue en contravention de toutes les r\u00e8gles et des garde-c\u00f4tes libyens\u00a0\u00bb<\/p>\n<p>\u00ab\u00a0On ne peut pas accepter durablement cette situation car au nom de l&rsquo;humanitaire cela veut dire qu&rsquo;il n&rsquo;y plus aucun contr\u00f4le. A la fin on fait le jeu des passeurs en r\u00e9duisant le co\u00fbt du passage pour les passeurs. C&rsquo;est d&rsquo;un cynisme terrible\u00a0\u00bb, a poursuivi le pr\u00e9sident fran\u00e7ais.<\/p>\n<p>Il veut aussi que l&rsquo;Europe \u00ab\u00a0renforce sa coop\u00e9ration avec les garde-c\u00f4tes\u00a0\u00bb libyens pour \u00ab\u00a0limiter les mouvements\u00a0\u00bb de migrants car, selon lui, \u00ab\u00a0la capacit\u00e9 \u00e0 fermer cette route est la plus efficace et aussi la plus humaine\u00a0\u00bb.<\/p>\n<p>M. Macron a reconnu aussi que \u00ab\u00a0l&rsquo;Italie a un fardeau: les centaines de milliers d&rsquo;exil\u00e9s qui n&rsquo;ont pas obtenu l&rsquo;asile et restent dans une situation de non droit\u00a0\u00bb.<\/p>\n<p>\u00ab\u00a0Nous avons regard\u00e9 la r\u00e9alit\u00e9 de cette situation avec le pape\u00a0\u00bb, a-t-il d\u00e9voil\u00e9 apr\u00e8s son entretien priv\u00e9, en jugeant \u00e0 ses c\u00f4t\u00e9s que ce d\u00e9fi politique \u00ab\u00a0ne se r\u00e9sout ni dans la dilution absolue de ce que nous sommes, ni dans un rejet absolu\u00a0\u00bb.<\/p>\n<p>A l&rsquo;issue de leur longue rencontre de 57 minutes, le pape lui a offert un m\u00e9daillon de Saint Martin, qui selon la tradition chr\u00e9tienne a partag\u00e9 son manteau avec un d\u00e9sh\u00e9rit\u00e9. \u00ab\u00a0C&rsquo;est la vocation des gouvernants de prot\u00e9ger les pauvres&#8230; e tutti siamo poveri\u00a0\u00bb (et nous sommes tous des pauvres), lui a fait remarquer Fran\u00e7ois avec un regard appuy\u00e9, en m\u00e9langeant les deux langues.<\/p>\n<p>Le chef de l&rsquo;Etat fran\u00e7ais a aussi \u00e9voqu\u00e9 des sujets soci\u00e9taux avec le souverain pontife, comme l&rsquo;avortement, le mariage homosexuel, ou la procr\u00e9ation m\u00e9dicalement assist\u00e9e, d\u00e9fendant devant lui \u00ab\u00a0la libert\u00e9 des femmes \u00e0 disposer de leur corps\u00a0\u00bb.<\/p>\n<p>En quittant le Souverain Pontife, le pr\u00e9sident fran\u00e7ais a pos\u00e9 la main sur l&rsquo;\u00e9paule de Fran\u00e7ois dans un geste complice et ils se sont embrass\u00e9s sur les deux joues.<\/p>\n<p>Commentant la personnalit\u00e9 de Jorge Bergoglio, Emmanuel Macron a expliqu\u00e9 avoir appr\u00e9ci\u00e9 \u00ab\u00a0sa singularit\u00e9\u00a0\u00bb. \u00ab\u00a0J&rsquo;ai eu face \u00e0 moi quelqu&rsquo;un qui n&rsquo;a cherch\u00e9 aucun rapport de force, c&rsquo;est tr\u00e8s rare dans la vie politique contemporaine\u00a0\u00bb.<\/p>\n<p><strong>Cierges et la\u00efcit\u00e9<\/strong><\/p>\n<p>Apr\u00e8s sa visite chez le pape, Emmanuel Macron est all\u00e9 chercher son titre de \u00ab\u00a0premier et unique chanoine d&rsquo;honneur\u00a0\u00bb de la basilique Saint-Jean-de-Latran, une tradition remontant \u00e0 Henri IV.<\/p>\n<p>Le pr\u00e9sident fran\u00e7ais a dans la foul\u00e9e pr\u00e9cis\u00e9 sa vision de la la\u00efcit\u00e9 lors d&rsquo;une allocution de vingt minutes devant la communaut\u00e9 catholique fran\u00e7aise de Rome.<\/p>\n<p>\u00ab\u00a0La France a un lien particulier avec l&rsquo;Eglise catholique\u00a0\u00bb, a-t-il rappel\u00e9. Pour lui, la la\u00efcit\u00e9 \u00ab\u00a0n&rsquo;est pas la lutte contre la religion\u00a0\u00bb. \u00ab\u00a0C&rsquo;est la libert\u00e9 de croire et ne pas croire\u00a0\u00bb, \u00ab\u00a0\u00e0 condition que chacun, quelle que soit sa religion ou sa conviction philosophique, soit pleinement dans la R\u00e9publique\u00a0\u00bb, a-t-il ajout\u00e9.<\/p>\n<p>La la\u00efcit\u00e9 ne doit pas \u00eatre \u00ab\u00a0une pudibonderie contemporaine, qui consisterait \u00e0 dire +ne me parlez pas de religion, cachez cette religion, cette croyance que je ne saurais voir. Elle est partout dans la soci\u00e9t\u00e9\u00a0\u00bb, a-t-il plaid\u00e9.<\/p>\n<p>Devant la presse, il s&rsquo;est plus tard f\u00e9licit\u00e9 que la France soit un pays \u00ab\u00a0o\u00f9 la critique des religions est possible, o\u00f9 le blasph\u00e8me est possible\u00a0\u00bb.<\/p>\n<p>D\u00e9but avril, devant l&rsquo;\u00e9piscopat fran\u00e7ais, Emmanuel Macron avait dit vouloir \u00ab\u00a0r\u00e9parer\u00a0\u00bb le \u00ab\u00a0lien ab\u00eem\u00e9\u00a0\u00bb entre l&rsquo;\u00c9glise catholique et la R\u00e9publique fran\u00e7aise. La gauche avait d\u00e9nonc\u00e9 avec vigueur une atteinte \u00e0 la la\u00efcit\u00e9. (AFP)<\/p>\n","protected":false},"excerpt":{"rendered":"<p>Le pr\u00e9sident fran\u00e7ais Emmanuel Macron a rencontr\u00e9 le pape Fran\u00e7ois au Vatican sur le sujet incontournable de l&rsquo;accueil des migrants en Europe, tout en jouant l&rsquo;apaisement avec le nouveau gouvernement populiste italien. A l&rsquo;issue de sa visite officiellement vaticane, il a r\u00e9v\u00e9l\u00e9 devant la presse avoir eu une rencontre officieuse la veille au soir avec [&hellip;]<\/p>\n","protected":false},"author":1,"featured_media":3678,"comment_status":"open","ping_status":"closed","sticky":false,"template":"","format":"standard","meta":{"footnotes":""},"categories":[30],"tags":[642,838],"class_list":["post-3677","post","type-post","status-publish","format-standard","has-post-thumbnail","hentry","category-actualite","tag-emmanuel-macron","tag-pape-et-macron"],"aioseo_notices":[],"_links":{"self":[{"href":"https:\/\/www.culturalusa.com\/news\/wp-json\/wp\/v2\/posts\/3677","targetHints":{"allow":["GET"]}}],"collection":[{"href":"https:\/\/www.culturalusa.com\/news\/wp-json\/wp\/v2\/posts"}],"about":[{"href":"https:\/\/www.culturalusa.com\/news\/wp-json\/wp\/v2\/types\/post"}],"author":[{"embeddable":true,"href":"https:\/\/www.culturalusa.com\/news\/wp-json\/wp\/v2\/users\/1"}],"replies":[{"embeddable":true,"href":"https:\/\/www.culturalusa.com\/news\/wp-json\/wp\/v2\/comments?post=3677"}],"version-history":[{"count":0,"href":"https:\/\/www.culturalusa.com\/news\/wp-json\/wp\/v2\/posts\/3677\/revisions"}],"wp:featuredmedia":[{"embeddable":true,"href":"https:\/\/www.culturalusa.com\/news\/wp-json\/wp\/v2\/media\/3678"}],"wp:attachment":[{"href":"https:\/\/www.culturalusa.com\/news\/wp-json\/wp\/v2\/media?parent=3677"}],"wp:term":[{"taxonomy":"category","embeddable":true,"href":"https:\/\/www.culturalusa.com\/news\/wp-json\/wp\/v2\/categories?post=3677"},{"taxonomy":"post_tag","embeddable":true,"href":"https:\/\/www.culturalusa.com\/news\/wp-json\/wp\/v2\/tags?post=3677"}],"curies":[{"name":"wp","href":"https:\/\/api.w.org\/{rel}","templated":true}]}}