{"id":3687,"date":"2018-06-28T10:08:23","date_gmt":"2018-06-28T08:08:23","guid":{"rendered":"https:\/\/www.culturalusa.com\/news\/?p=3687"},"modified":"2020-10-20T17:56:18","modified_gmt":"2020-10-20T15:56:18","slug":"lue-avec-des-profondes-divisions-sur-les-migrations-pour-un-sommet-decisif","status":"publish","type":"post","link":"https:\/\/www.culturalusa.com\/news\/actualite\/lue-avec-des-profondes-divisions-sur-les-migrations-pour-un-sommet-decisif\/","title":{"rendered":"L&rsquo;UE avec des profondes divisions sur les migrations pour un \u00ab\u00a0sommet d\u00e9cisif\u00a0\u00bb"},"content":{"rendered":"<p>Les dirigeants des pays de l&rsquo;UE tenteront de surmonter leurs profondes divisions face au d\u00e9fi migratoire, comme sur l&rsquo;avenir de la zone euro, lors d&rsquo;un sommet sous tension jeudi et vendredi \u00e0 Bruxelles, devenu crucial pour l&rsquo;avenir politique d&rsquo;Angela Merkel.<\/p>\n<p>Ce \u00ab\u00a0sommet des sommets\u00a0\u00bb, selon l&rsquo;expression d&rsquo;un responsable europ\u00e9en en r\u00e9f\u00e9rence \u00e0 son agenda surcharg\u00e9, ponctuera plus de deux semaines de frictions autour de navires transportant des migrants secourus en M\u00e9diterran\u00e9e, auxquels le gouvernement populiste italien a refus\u00e9 l&rsquo;accostage.<\/p>\n<p>Il sera aussi marqu\u00e9 par la fragilit\u00e9 in\u00e9dite de la chanceli\u00e8re allemande, dont l&rsquo;autorit\u00e9 est d\u00e9fi\u00e9e sur la question migratoire: son ministre de l&rsquo;Int\u00e9rieur menace de refouler aux fronti\u00e8res les migrants d\u00e9j\u00e0 enregistr\u00e9s ailleurs, de mani\u00e8re unilat\u00e9rale, faute de mesures europ\u00e9ennes contre les d\u00e9placements de migrants dans l&rsquo;UE.<\/p>\n<p>\u00ab\u00a0Le d\u00e9bat sur les migrations s&rsquo;enflamme de plus en plus, a soulign\u00e9 mercredi le pr\u00e9sident du Conseil europ\u00e9en, Donald Tusk, craignant que l&rsquo;absence de solution europ\u00e9enne fournisse \u00ab\u00a0un nombre croissant d&rsquo;arguments\u00a0\u00bb \u00e0 des mouvements populistes \u00ab\u00a0avec une tendance \u00e0 l&rsquo;autoritarisme manifeste\u00a0\u00bb.<\/p>\n<p>La n\u00e9cessit\u00e9 d&rsquo;unit\u00e9 de l&rsquo;UE est d&rsquo;autant plus n\u00e9cessaire dans un contexte de vives tensions avec les Etats-Unis de Donald Trump, avec lequel les \u00ab\u00a0divisions vont au-del\u00e0 du commerce\u00a0\u00bb et des taxes douani\u00e8res, a-t-il soulign\u00e9.<\/p>\n<p>Pourfendeur du multilat\u00e9ralisme, Donald Turmp a annonc\u00e9 mercredi qu&rsquo;il recevrait le 30 juillet le nouveau chef du gouvernement italien Giuseppe Conte, qu&rsquo;il avait lou\u00e9 pour sa position \u00ab\u00a0tr\u00e8s ferme\u00a0\u00bb sur l&rsquo;immigration.<\/p>\n<p>\u00ab\u00a0Les enjeux sont tr\u00e8s \u00e9lev\u00e9s. Et le temps est court\u00a0\u00bb, a-t-il mis en garde dans sa lettre d&rsquo;invitation aux dirigeants des 28, o\u00f9 il rappelle pourtant que les arriv\u00e9es sur les c\u00f4tes europ\u00e9ennes ont chut\u00e9 de mani\u00e8re spectaculaire compar\u00e9 au pic enregistr\u00e9 \u00e0 l&rsquo;autome 2015.<\/p>\n<p>Le d\u00e9bat \u00e0 27 vendredi, sans la Premi\u00e8re ministre britannique Theresa May, montrera aussi les divisions qui persistent sur l&rsquo;avenir de la zone euro, et la cr\u00e9ation d&rsquo;un budget sp\u00e9cifique. L&rsquo;id\u00e9e est ardemment d\u00e9fendue par le pr\u00e9sident fran\u00e7ais Emmanuel Macron, mais elle suscite de fortes r\u00e9sistances.<\/p>\n<p>Le bilan qui sera fait lors du sommet sur la difficile n\u00e9gociation du Brexit, l&rsquo;un des rares sujets qui cimente les pays qui resteront dans l&rsquo;Union apr\u00e8s le d\u00e9part britannique fin mars 2019, passera lui au second plan.<\/p>\n<p><strong>Coup fatal pour l&rsquo;UE<\/strong><\/p>\n<p>Ce sera \u00ab\u00a0un sommet d\u00e9cisif\u00a0\u00bb, a pr\u00e9venu le pr\u00e9sident du Parlement europ\u00e9en Antonio Tajani, dans une tribune publi\u00e9e mercredi par le Guardian. Car \u00ab\u00a0l&rsquo;absence d&rsquo;un accord sur la mani\u00e8re de g\u00e9rer la crise migratoire pourrait porter un coup fatal au projet europ\u00e9en\u00a0\u00bb, a insist\u00e9 l&rsquo;Italien, appelant \u00e0 un accord sur la r\u00e9forme du r\u00e9gime d&rsquo;asile europ\u00e9en.<\/p>\n<p>Le sommet devait initialement permettre de d\u00e9bloquer ce dossier bloqu\u00e9 depuis deux ans. Mais cet objectif a \u00e9t\u00e9 abandonn\u00e9, les divergences \u00e9tant trop fortes sur la r\u00e9forme du R\u00e8glement de Dublin, qui confie aux pays de premi\u00e8re entr\u00e9e dans l&rsquo;UE la responsabilit\u00e9 des demandes d&rsquo;asile.<\/p>\n<p>La Commission propose de d\u00e9roger \u00e0 ce principe ponctuellement en p\u00e9riode de crise, avec une r\u00e9partition des demandeurs d&rsquo;asile dans l&rsquo;UE. Mais des pays comme la Hongrie et la Pologne, soutenus par l&rsquo;Autriche, s&rsquo;y opposent frontalement, tandis que l&rsquo;Italie exige au contraire un syst\u00e8me permanent de r\u00e9partition.<\/p>\n<p>Face \u00e0 cette impasse, Donald Tusk proposera jeudi aux dirigeants des pays de l&rsquo;UE de se concentrer sur un objectif consensuel: la poursuite de la lutte contre les arriv\u00e9es irr\u00e9guli\u00e8res.<\/p>\n<p>Il mettra ainsi sur la table une proposition nouvelle, la cr\u00e9ation de \u00ab\u00a0plateformes de d\u00e9barquement hors de l&rsquo;Europe\u00a0\u00bb pour les migrants secourus en mer, qui \u00ab\u00a0mettrait fin au mod\u00e8le \u00e9conomique des passeurs\u00a0\u00bb, selon projet de conclusions du sommet.<\/p>\n<p>D\u00e9barquer les migrants hors de l&rsquo;UE \u00e9pargnerait aux Europ\u00e9ens des bras de fer diplomatiques pour la prise en charge de navires. Mais les contours du projet restent encore tr\u00e8s flous, et il suscite de nombreuses questions sur sa compatibilit\u00e9 avec le droit international.<\/p>\n<p>\u00ab\u00a0Pour l&rsquo;instant, l&rsquo;id\u00e9e est juste de nous donner le feu vert pour y r\u00e9fl\u00e9chir\u00a0\u00bb, plaide un responsable europ\u00e9en.<\/p>\n<p>Le texte sur lequel doivent s&rsquo;accorder jeudi les dirigeants europ\u00e9ens devrait aussi appeler les Etats membres \u00e0 des mesures contre les \u00ab\u00a0mouvements secondaires\u00a0\u00bb de migrants, au coeur du d\u00e9bat politique en Allemagne, y compris par des accords entre eux comme le souhaite Angela Merkel, mise sous pression par ses alli\u00e9s conservateurs bavarois de la CSU.<\/p>\n<p>Vendredi, la chanceli\u00e8re d\u00e9fendra avec Emmanuel Macron leur feuille de route commune pour la zone euro.<\/p>\n<p>Mais leur proposition d&rsquo;un budget pour la zone euro, modeste en comparaison de l&rsquo;ambition initiale de la France, rencontre de fortes r\u00e9sistances parmi les Etats membres, Pays-Bas en t\u00eate, et ne devrait \u00eatre mentionn\u00e9e qu&rsquo;implicitement dans les conclusions finales du sommet. (AFP)<\/p>\n","protected":false},"excerpt":{"rendered":"<p>Les dirigeants des pays de l&rsquo;UE tenteront de surmonter leurs profondes divisions face au d\u00e9fi migratoire, comme sur l&rsquo;avenir de la zone euro, lors d&rsquo;un sommet sous tension jeudi et vendredi \u00e0 Bruxelles, devenu crucial pour l&rsquo;avenir politique d&rsquo;Angela Merkel. Ce \u00ab\u00a0sommet des sommets\u00a0\u00bb, selon l&rsquo;expression d&rsquo;un responsable europ\u00e9en en r\u00e9f\u00e9rence \u00e0 son agenda surcharg\u00e9, [&hellip;]<\/p>\n","protected":false},"author":1,"featured_media":3688,"comment_status":"open","ping_status":"closed","sticky":false,"template":"","format":"standard","meta":{"footnotes":""},"categories":[30],"tags":[244,840],"class_list":["post-3687","post","type-post","status-publish","format-standard","has-post-thumbnail","hentry","category-actualite","tag-migrants","tag-sommet-migrations"],"aioseo_notices":[],"_links":{"self":[{"href":"https:\/\/www.culturalusa.com\/news\/wp-json\/wp\/v2\/posts\/3687","targetHints":{"allow":["GET"]}}],"collection":[{"href":"https:\/\/www.culturalusa.com\/news\/wp-json\/wp\/v2\/posts"}],"about":[{"href":"https:\/\/www.culturalusa.com\/news\/wp-json\/wp\/v2\/types\/post"}],"author":[{"embeddable":true,"href":"https:\/\/www.culturalusa.com\/news\/wp-json\/wp\/v2\/users\/1"}],"replies":[{"embeddable":true,"href":"https:\/\/www.culturalusa.com\/news\/wp-json\/wp\/v2\/comments?post=3687"}],"version-history":[{"count":0,"href":"https:\/\/www.culturalusa.com\/news\/wp-json\/wp\/v2\/posts\/3687\/revisions"}],"wp:featuredmedia":[{"embeddable":true,"href":"https:\/\/www.culturalusa.com\/news\/wp-json\/wp\/v2\/media\/3688"}],"wp:attachment":[{"href":"https:\/\/www.culturalusa.com\/news\/wp-json\/wp\/v2\/media?parent=3687"}],"wp:term":[{"taxonomy":"category","embeddable":true,"href":"https:\/\/www.culturalusa.com\/news\/wp-json\/wp\/v2\/categories?post=3687"},{"taxonomy":"post_tag","embeddable":true,"href":"https:\/\/www.culturalusa.com\/news\/wp-json\/wp\/v2\/tags?post=3687"}],"curies":[{"name":"wp","href":"https:\/\/api.w.org\/{rel}","templated":true}]}}