{"id":3742,"date":"2018-07-11T16:52:22","date_gmt":"2018-07-11T14:52:22","guid":{"rendered":"https:\/\/www.culturalusa.com\/news\/?p=3742"},"modified":"2020-10-20T17:53:30","modified_gmt":"2020-10-20T15:53:30","slug":"lisbonne-le-nouveau-parking-de-madonna-fait-polemique","status":"publish","type":"post","link":"https:\/\/www.culturalusa.com\/news\/actualite\/lisbonne-le-nouveau-parking-de-madonna-fait-polemique\/","title":{"rendered":"Lisbonne : le nouveau parking de Madonna fait pol\u00e9mique"},"content":{"rendered":"<p>Madonna en concert. La star de la pop loue un terrain pouvant accueillir jusqu\u2019\u00e0 15 v\u00e9hicules. Un \u00ab passe-droit \u00bb dans la capitale portugaise, selon l\u2019opposition au maire. Madonna s\u2019est install\u00e9e \u00e0 Lisbonne en 2017, comme plusieurs autres stars, car le Portugal propose une fiscalit\u00e9 avantageuse pour les artistes et les grosses fortunes.<\/p>\n<p>Traitement de faveur? La location d\u2019un terrain \u00e0 la chanteuse am\u00e9ricaine Madonna, afin qu\u2019elle puisse stationner ses voitures pr\u00e8s de sa propri\u00e9t\u00e9 \u00e0 Lisbonne, suscite un toll\u00e9 au Portugal, au point de pousser la municipalit\u00e9 socialiste \u00e0 s\u2019expliquer.<\/p>\n<p>La pol\u00e9mique est partie d\u2019un article de l\u2019hebdomadaire portugais Expresso qui annon\u00e7ait ce week-end l\u2019existence d\u2019un contrat entre la diva de la pop et la mairie de Lisbonne. <\/p>\n<p>Le document pr\u00e9voyait la location d\u2019un terrain pouvant accueillir jusqu\u2019\u00e0 quinze v\u00e9hicules \u00e0 quelques m\u00e8tres de sa demeure situ\u00e9e sur les bords du Tage (<a href=\"https:\/\/www.msn.com\/pt-pt\/noticias\/portugal\/veja-o-contrato-mais-pol%c3%a9mico-do-momento-o-que-a-c%c3%a2mara-de-lisboa-assinou-com-madonna\/ar-AAztrK7?ocid=ob-tw-ptpt-551\" rel=\"noopener noreferrer\" target=\"_blank\">savoir plus<\/a>).<\/p>\n<p>Cette r\u00e9v\u00e9lation a suscit\u00e9 l\u2019indignation d\u2019une bonne partie de l\u2019\u00e9chiquier politique portugais, qui a consid\u00e9r\u00e9 que la star am\u00e9ricaine b\u00e9n\u00e9ficiait d\u2019un traitement de faveur.<\/p>\n<p>Le maire de Lisbonne accus\u00e9 par l\u2019opposition<\/p>\n<p>Le Bloc de Gauche, alli\u00e9 des socialistes au sein du gouvernement portugais, a appel\u00e9 \u00e0 r\u00e9guler le stationnement \u00ab\u00a0avec responsabilit\u00e9\u00a0\u00bb \u00e9tant donn\u00e9 les difficult\u00e9s des Lisbo\u00e8tes dans ce domaine.<\/p>\n<p>Au centre, le PSD, principal parti d\u2019opposition, a souhait\u00e9 conna\u00eetre \u00ab\u00a0la raison pour laquelle le maire a autoris\u00e9 une telle exception\u00a0\u00bb. Autre formation centriste, le CDS a \u00e9t\u00e9 le plus virulent envers Fernando Medina, l\u2019actuel maire de Lisbonne, qu\u2019il a accus\u00e9 \u00ab d\u2019utiliser le patrimoine \u00e0 son avantage \u00bb, avant de rappeler que \u00ab la ville de Lisbonne n\u2019appartient pas \u00e0 Fernando Medina \u00bb.<\/p>\n<p>Face \u00e0 cette lev\u00e9e de boucliers, la mairie de Lisbonne a divulgu\u00e9 lundi le contenu du contrat conclu avec Madonna, dont le but \u00e9tait \u00ab\u00a0d\u2019\u00e9viter les perturbations dans le trafic au sein d\u2019une art\u00e8re \u00e9troite mais tr\u00e8s fr\u00e9quent\u00e9e\u00a0\u00bb.<\/p>\n<p>720 euros de loyer mensuel<\/p>\n<p>Sign\u00e9 en janvier dernier, le document pr\u00e9voit le paiement d\u2019un loyer mensuel de 720 euros pour le terrain et interdit \u00e0 la chanteuse l\u2019acc\u00e8s au palais qui le jouxte : l\u2019\u00e9difice fait actuellement l\u2019objet de n\u00e9gociations pour devenir la future ambassade du Timor oriental.<\/p>\n<p>Le contrat prendra fin si le Portugal et le petit pays d\u2019Asie du Sud-Est parviennent \u00e0 un accord pour \u00e9tablir la repr\u00e9sentation diplomatique timorienne \u00e0 cet endroit.<\/p>\n<p>Madonna s\u2019est install\u00e9e \u00e0 Lisbonne \u00e0 l\u2019\u00e9t\u00e9 2017, embo\u00eetant le pas aux stars du cin\u00e9ma Monica Bellucci, Michael Fassbender et John Malkovich, ou encore au chanteur fran\u00e7ais Florent Pagny, au cr\u00e9ateur de chaussures fran\u00e7ais Christian Louboutin et \u00e0 l\u2019ancien footballeur \u00c9ric Cantona. (AFP)<\/p>\n","protected":false},"excerpt":{"rendered":"<p>Madonna en concert. La star de la pop loue un terrain pouvant accueillir jusqu\u2019\u00e0 15 v\u00e9hicules. Un \u00ab passe-droit \u00bb dans la capitale portugaise, selon l\u2019opposition au maire. Madonna s\u2019est install\u00e9e \u00e0 Lisbonne en 2017, comme plusieurs autres stars, car le Portugal propose une fiscalit\u00e9 avantageuse pour les artistes et les grosses fortunes. Traitement de [&hellip;]<\/p>\n","protected":false},"author":1,"featured_media":3744,"comment_status":"open","ping_status":"closed","sticky":false,"template":"","format":"standard","meta":{"footnotes":""},"categories":[30],"tags":[848,47,14],"class_list":["post-3742","post","type-post","status-publish","format-standard","has-post-thumbnail","hentry","category-actualite","tag-fiscalite-avantageuse","tag-lisbonne","tag-madonna"],"aioseo_notices":[],"_links":{"self":[{"href":"https:\/\/www.culturalusa.com\/news\/wp-json\/wp\/v2\/posts\/3742","targetHints":{"allow":["GET"]}}],"collection":[{"href":"https:\/\/www.culturalusa.com\/news\/wp-json\/wp\/v2\/posts"}],"about":[{"href":"https:\/\/www.culturalusa.com\/news\/wp-json\/wp\/v2\/types\/post"}],"author":[{"embeddable":true,"href":"https:\/\/www.culturalusa.com\/news\/wp-json\/wp\/v2\/users\/1"}],"replies":[{"embeddable":true,"href":"https:\/\/www.culturalusa.com\/news\/wp-json\/wp\/v2\/comments?post=3742"}],"version-history":[{"count":0,"href":"https:\/\/www.culturalusa.com\/news\/wp-json\/wp\/v2\/posts\/3742\/revisions"}],"wp:featuredmedia":[{"embeddable":true,"href":"https:\/\/www.culturalusa.com\/news\/wp-json\/wp\/v2\/media\/3744"}],"wp:attachment":[{"href":"https:\/\/www.culturalusa.com\/news\/wp-json\/wp\/v2\/media?parent=3742"}],"wp:term":[{"taxonomy":"category","embeddable":true,"href":"https:\/\/www.culturalusa.com\/news\/wp-json\/wp\/v2\/categories?post=3742"},{"taxonomy":"post_tag","embeddable":true,"href":"https:\/\/www.culturalusa.com\/news\/wp-json\/wp\/v2\/tags?post=3742"}],"curies":[{"name":"wp","href":"https:\/\/api.w.org\/{rel}","templated":true}]}}