{"id":3780,"date":"2018-08-12T12:18:09","date_gmt":"2018-08-12T10:18:09","guid":{"rendered":"https:\/\/www.culturalusa.com\/news\/?p=3780"},"modified":"2025-07-07T19:28:11","modified_gmt":"2025-07-07T17:28:11","slug":"le-gouvernement-francais-va-lancer-un-bonus-malus-sur-le-plastique","status":"publish","type":"post","link":"https:\/\/www.culturalusa.com\/news\/economie\/le-gouvernement-francais-va-lancer-un-bonus-malus-sur-le-plastique\/","title":{"rendered":"Le gouvernement fran\u00e7ais va lancer un \u00ab\u00a0bonus-malus\u00a0\u00bb sur le plastique"},"content":{"rendered":"<h2>Il sera plus cher d&rsquo;acheter des produits en plastique quand celui-ci n&rsquo;est pas recycl\u00e9, a affirm\u00e9 dimanche Brune Poirson, secr\u00e9taire d&rsquo;Etat \u00e0 la Transition \u00e9cologique et solidaire, annon\u00e7ant pour l&rsquo;an prochain un syst\u00e8me de \u00ab\u00a0bonus-malus\u00a0\u00bb.<\/h2>\n<blockquote><p>\u00ab\u00a0Demain, quand il y aura le choix entre deux bouteilles, l&rsquo;une fabriqu\u00e9e en plastique recycl\u00e9 et l&rsquo;autre non, la premi\u00e8re sera moins ch\u00e8re\u00a0\u00bb, a d\u00e9clar\u00e9 Mme Poirson, dont le ministre de tutelle est Nicolas Hulot, dans un entretien au Journal du dimanche (JDD).<\/p><\/blockquote>\n<p><span style=\"color: #003366;\"><strong>Le gouvernement veut arriver \u00e0 un taux int\u00e9gral de recyclage des plastiques d&rsquo;ici 2025, promesse de campagne du pr\u00e9sident Emmanuel Macron.<\/strong><\/span><\/p>\n<p>Actuellement, seul un quart des emballages en plastique sont recycl\u00e9s, selon une \u00e9tude publi\u00e9e en mars par 60 Millions de consommateurs, qui soulignait que de nombreux autres types de produits, comme des jouets, ne peuvent pas m\u00eame l&rsquo;\u00eatre.<\/p>\n<p>Dans le d\u00e9tail, Mme Poirson a annonc\u00e9 \u00ab\u00a0un syst\u00e8me de bous-malus allant jusqu&rsquo;\u00e0 10% du prix des produits\u00a0\u00bb, sans pr\u00e9ciser dans quelle proportion le dispositif abaisserait le co\u00fbt des objets en plastique recycl\u00e9 et rel\u00e8verait celui de ceux qui ne le sont pas.<\/p>\n<p>\u00ab\u00a0Nous voulons l&rsquo;activer d\u00e8s 2019 et le faire monter en puissance\u00a0\u00bb, ajoute-t-elle.<\/p>\n<p>Mme Poirson s&rsquo;est, en revanche, abstenue d&rsquo;\u00e9tablir un calendrier pour la mise en place g\u00e9n\u00e9ralis\u00e9e d&rsquo;une consigne sur le plastique. Piste \u00e9voqu\u00e9e par le minist\u00e8re en d\u00e9but d&rsquo;ann\u00e9e, il consiste \u00e0 associer un emballage \u00e0 une caution que le consommateur paye \u00e0 l&rsquo;achat du produit et r\u00e9cup\u00e8re sous forme mon\u00e9taire ou de bon d&rsquo;achat lorsqu&rsquo;il le restitue.<\/p>\n<p>\u00ab\u00a0Nous ne pouvons pas le faire du jour au lendemain\u00a0\u00bb, a-t-elle expliqu\u00e9. \u00ab\u00a0Il y a des territoires qui ont de tr\u00e8s bons syst\u00e8mes de collecte. En allant trop vite, nous risquerions de tuer des comportements d\u00e9j\u00e0 vertueux.\u00a0\u00bb<\/p>\n<p>Le minist\u00e8re compte, n\u00e9anmoins, collaborer avec certaines villes pour exp\u00e9rimenter une \u00ab\u00a0consigne solidaire\u00a0\u00bb: \u00ab\u00a0quand vous d\u00e9poserez une bouteille en plastique, cela contribuera \u00e0 financer un fonds en faveur d&rsquo;une grande cause\u00a0\u00bb, promet Mme Poirson.<\/p>\n<p>\u00ab\u00a0L\u2019horizon que l\u2019on se fixe est bien la mise en place d\u2019un pur syst\u00e8me de consigne \u2013 avec caution \u2013 \u00e0 l\u2019\u00e9chelle de tout le territoire fran\u00e7ais\u00a0\u00bb, a-t-elle assur\u00e9. (AFP)<\/p>\n","protected":false},"excerpt":{"rendered":"<p>Il sera plus cher d&rsquo;acheter des produits en plastique quand celui-ci n&rsquo;est pas recycl\u00e9, a affirm\u00e9 dimanche Brune Poirson, secr\u00e9taire d&rsquo;Etat \u00e0 la Transition \u00e9cologique et solidaire, annon\u00e7ant pour l&rsquo;an prochain un syst\u00e8me de \u00ab\u00a0bonus-malus\u00a0\u00bb. \u00ab\u00a0Demain, quand il y aura le choix entre deux bouteilles, l&rsquo;une fabriqu\u00e9e en plastique recycl\u00e9 et l&rsquo;autre non, la premi\u00e8re [&hellip;]<\/p>\n","protected":false},"author":1,"featured_media":3781,"comment_status":"open","ping_status":"closed","sticky":false,"template":"","format":"standard","meta":{"footnotes":""},"categories":[1],"tags":[1294,855,1635],"class_list":["post-3780","post","type-post","status-publish","format-standard","has-post-thumbnail","hentry","category-economie","tag-plastique","tag-polution-plastique","tag-transition-ecologique"],"aioseo_notices":[],"_links":{"self":[{"href":"https:\/\/www.culturalusa.com\/news\/wp-json\/wp\/v2\/posts\/3780","targetHints":{"allow":["GET"]}}],"collection":[{"href":"https:\/\/www.culturalusa.com\/news\/wp-json\/wp\/v2\/posts"}],"about":[{"href":"https:\/\/www.culturalusa.com\/news\/wp-json\/wp\/v2\/types\/post"}],"author":[{"embeddable":true,"href":"https:\/\/www.culturalusa.com\/news\/wp-json\/wp\/v2\/users\/1"}],"replies":[{"embeddable":true,"href":"https:\/\/www.culturalusa.com\/news\/wp-json\/wp\/v2\/comments?post=3780"}],"version-history":[{"count":2,"href":"https:\/\/www.culturalusa.com\/news\/wp-json\/wp\/v2\/posts\/3780\/revisions"}],"predecessor-version":[{"id":13541,"href":"https:\/\/www.culturalusa.com\/news\/wp-json\/wp\/v2\/posts\/3780\/revisions\/13541"}],"wp:featuredmedia":[{"embeddable":true,"href":"https:\/\/www.culturalusa.com\/news\/wp-json\/wp\/v2\/media\/3781"}],"wp:attachment":[{"href":"https:\/\/www.culturalusa.com\/news\/wp-json\/wp\/v2\/media?parent=3780"}],"wp:term":[{"taxonomy":"category","embeddable":true,"href":"https:\/\/www.culturalusa.com\/news\/wp-json\/wp\/v2\/categories?post=3780"},{"taxonomy":"post_tag","embeddable":true,"href":"https:\/\/www.culturalusa.com\/news\/wp-json\/wp\/v2\/tags?post=3780"}],"curies":[{"name":"wp","href":"https:\/\/api.w.org\/{rel}","templated":true}]}}