{"id":3794,"date":"2018-09-01T11:48:08","date_gmt":"2018-09-01T09:48:08","guid":{"rendered":"https:\/\/www.culturalusa.com\/news\/?p=3794"},"modified":"2018-09-01T11:48:08","modified_gmt":"2018-09-01T09:48:08","slug":"la-commission-europeenne-propose-la-fin-du-changement-dheure-dans-lue","status":"publish","type":"post","link":"https:\/\/www.culturalusa.com\/news\/economie\/la-commission-europeenne-propose-la-fin-du-changement-dheure-dans-lue\/","title":{"rendered":"La Commission europ\u00e9enne propose la fin du changement d&rsquo;heure dans l&rsquo;UE"},"content":{"rendered":"<p><img loading=\"lazy\" decoding=\"async\" src=\"https:\/\/www.culturalusa.com\/news\/wp-content\/uploads\/2012\/10\/Commission-Europ\u00e9enne-Bruxelles.jpg\" alt=\"\" width=\"468\" height=\"312\" class=\"aligncenter size-full wp-image-767\" srcset=\"https:\/\/www.culturalusa.com\/news\/wp-content\/uploads\/2012\/10\/Commission-Europ\u00e9enne-Bruxelles.jpg 468w, https:\/\/www.culturalusa.com\/news\/wp-content\/uploads\/2012\/10\/Commission-Europ\u00e9enne-Bruxelles-275x183.jpg 275w\" sizes=\"auto, (max-width: 468px) 100vw, 468px\" \/>Bruxelles a annonc\u00e9 qu&rsquo;elle allait proposer de mettre un terme au changement d&rsquo;heure saisonnier dans l&rsquo;UE, \u00e0 la suite d&rsquo;une consultation publique ayant re\u00e7u cet \u00e9t\u00e9 un nombre record de r\u00e9ponses.<\/p>\n<p>\u00ab\u00a0Des millions de personnes ont r\u00e9pondu et sont d&rsquo;avis qu&rsquo;\u00e0 l&rsquo;avenir, c&rsquo;est l&rsquo;heure d&rsquo;\u00e9t\u00e9 qui devrait \u00eatre tout le temps la r\u00e8gle, et nous allons r\u00e9aliser cela\u00a0\u00bb, a expliqu\u00e9 le pr\u00e9sident de l&rsquo;ex\u00e9cutif europ\u00e9en, Jean-Claude Juncker, \u00e0 la cha\u00eene de t\u00e9l\u00e9vision allemande ZDF.<\/p>\n<p>Environ 4,6 millions de r\u00e9ponses, en provenance des 28 Etats membres, ont \u00e9t\u00e9 enregistr\u00e9es au cours de cette consultation publique, qui s&rsquo;est tenue du 4 juillet au 16 ao\u00fbt.<\/p>\n<p>Selon des r\u00e9sultats pr\u00e9liminaires, 84% des r\u00e9pondants, qui se sont exprim\u00e9s via un questionnaire en ligne, sont favorables \u00e0 la fin du changement d&rsquo;heure.<\/p>\n<p>\u00ab\u00a0Lorsque l&rsquo;on consulte les citoyens sur quelque chose il convient aussi ensuite de faire ce qu&rsquo;ils souhaitent\u00a0\u00bb, a insist\u00e9 Jean-Claude Juncker vendredi dans son entretien avec la ZDF.<\/p>\n<p>\u00ab\u00a0Le message est tr\u00e8s clair\u00a0\u00bb, a pour sa part estim\u00e9 \u00e0 Bruxelles la commissaire europ\u00e9enne charg\u00e9e des Transports, Violetta Bulc.<\/p>\n<p>\u00ab\u00a0Nous allons maintenant agir en cons\u00e9quence et pr\u00e9parer une proposition l\u00e9gislative pour le Parlement europ\u00e9en et le Conseil (qui repr\u00e9sente les Etats membres, ndlr), qui d\u00e9cideront ensuite ensemble\u00a0\u00bb, a-t-elle pr\u00e9cis\u00e9.<\/p>\n<p>Selon la Commission, les opposants au changement d&rsquo;heure ont mis en avant des \u00ab\u00a0consid\u00e9rations relatives aux impacts n\u00e9gatifs sur la sant\u00e9, \u00e0 l&rsquo;augmentation du nombre d&rsquo;accidents de la route ou au manque d&rsquo;\u00e9conomies d&rsquo;\u00e9nergie\u00a0\u00bb.<\/p>\n<p>Effets n\u00e9gatifs<\/p>\n<p>Le changement entre heure d&rsquo;\u00e9t\u00e9 et d&rsquo;hiver, introduit en Europe \u00e0 l&rsquo;origine pour r\u00e9aliser des \u00e9conomies d&rsquo;\u00e9nergie, suscite une controverse permanente depuis des ann\u00e9es.<\/p>\n<p>Plusieurs pays du nord de l&rsquo;Europe &#8211; Lituanie, Finlande, Pologne et Su\u00e8de &#8211; r\u00e9clament l&rsquo;abandon de ce syst\u00e8me.<\/p>\n<p>La consultation publique de la Commission fait notamment suite \u00e0 une r\u00e9solution adopt\u00e9e en f\u00e9vrier par les d\u00e9put\u00e9s europ\u00e9ens, r\u00e9clamant une \u00ab\u00a0\u00e9valuation\u00a0\u00bb d\u00e9taill\u00e9e du syst\u00e8me de changement d&rsquo;heure.<\/p>\n<p>\u00ab\u00a0De nombreuses \u00e9tudes, si elles n&rsquo;aboutissent pas \u00e0 des conclusions d\u00e9finitives, ont indiqu\u00e9 l&rsquo;existence d&rsquo;effets n\u00e9gatifs sur la sant\u00e9 des \u00eatres humains\u00a0\u00bb de ces d\u00e9calages d&rsquo;une heure, avaient soulign\u00e9 les eurod\u00e9put\u00e9s dans un communiqu\u00e9.<\/p>\n<p>\u00ab\u00a0La directive actuelle, entr\u00e9e en vigueur en 2001, fixe pour l&rsquo;ensemble de l&rsquo;UE une date et une heure harmonis\u00e9es pour le d\u00e9but et la fin de la p\u00e9riode de l&rsquo;heure d&rsquo;\u00e9t\u00e9, l&rsquo;objectif \u00e9tant d&rsquo;aider le march\u00e9 int\u00e9rieur \u00e0 fonctionner de fa\u00e7on efficace\u00a0\u00bb, rappellent-ils dans un communiqu\u00e9.<\/p>\n<p>Depuis 1996, tous les Europ\u00e9ens avancent leur horloge d&rsquo;une heure le dernier dimanche de mars et la reculent d&rsquo;une heure le dernier dimanche d&rsquo;octobre.<\/p>\n<p>Les r\u00e9sultats de la consultation publique laissent appara\u00eetre que les Allemands sont particuli\u00e8rement int\u00e9ress\u00e9s par le sujet, puisque 3,79% de leur population ont r\u00e9pondu au questionnaire.<\/p>\n<p>Ils sont suivis par les Autrichiens (2,94%) et les Luxembourgeois (1,78%). Dans tous les autres pays, moins d&rsquo;1% de la population s&rsquo;est manifest\u00e9.<\/p>\n","protected":false},"excerpt":{"rendered":"<p>Bruxelles a annonc\u00e9 qu&rsquo;elle allait proposer de mettre un terme au changement d&rsquo;heure saisonnier dans l&rsquo;UE, \u00e0 la suite d&rsquo;une consultation publique ayant re\u00e7u cet \u00e9t\u00e9 un nombre record de r\u00e9ponses. \u00ab\u00a0Des millions de personnes ont r\u00e9pondu et sont d&rsquo;avis qu&rsquo;\u00e0 l&rsquo;avenir, c&rsquo;est l&rsquo;heure d&rsquo;\u00e9t\u00e9 qui devrait \u00eatre tout le temps la r\u00e8gle, et nous [&hellip;]<\/p>\n","protected":false},"author":1,"featured_media":0,"comment_status":"open","ping_status":"closed","sticky":false,"template":"","format":"standard","meta":{"footnotes":""},"categories":[1],"tags":[860],"class_list":["post-3794","post","type-post","status-publish","format-standard","hentry","category-economie","tag-changement-dheure"],"aioseo_notices":[],"_links":{"self":[{"href":"https:\/\/www.culturalusa.com\/news\/wp-json\/wp\/v2\/posts\/3794","targetHints":{"allow":["GET"]}}],"collection":[{"href":"https:\/\/www.culturalusa.com\/news\/wp-json\/wp\/v2\/posts"}],"about":[{"href":"https:\/\/www.culturalusa.com\/news\/wp-json\/wp\/v2\/types\/post"}],"author":[{"embeddable":true,"href":"https:\/\/www.culturalusa.com\/news\/wp-json\/wp\/v2\/users\/1"}],"replies":[{"embeddable":true,"href":"https:\/\/www.culturalusa.com\/news\/wp-json\/wp\/v2\/comments?post=3794"}],"version-history":[{"count":0,"href":"https:\/\/www.culturalusa.com\/news\/wp-json\/wp\/v2\/posts\/3794\/revisions"}],"wp:attachment":[{"href":"https:\/\/www.culturalusa.com\/news\/wp-json\/wp\/v2\/media?parent=3794"}],"wp:term":[{"taxonomy":"category","embeddable":true,"href":"https:\/\/www.culturalusa.com\/news\/wp-json\/wp\/v2\/categories?post=3794"},{"taxonomy":"post_tag","embeddable":true,"href":"https:\/\/www.culturalusa.com\/news\/wp-json\/wp\/v2\/tags?post=3794"}],"curies":[{"name":"wp","href":"https:\/\/api.w.org\/{rel}","templated":true}]}}