{"id":3798,"date":"2018-09-09T10:46:08","date_gmt":"2018-09-09T08:46:08","guid":{"rendered":"https:\/\/www.culturalusa.com\/news\/?p=3798"},"modified":"2020-10-20T17:48:13","modified_gmt":"2020-10-20T15:48:13","slug":"politique-migratoire-les-suedois-votent-pour-les-legislatives","status":"publish","type":"post","link":"https:\/\/www.culturalusa.com\/news\/actualite\/politique-migratoire-les-suedois-votent-pour-les-legislatives\/","title":{"rendered":"Politique migratoire: Les Su\u00e9dois votent pour les l\u00e9gislatives"},"content":{"rendered":"<p>Jimmie \u00c5kesson, chef de file du (SD) D\u00e9mocrates de Su\u00e8de (droite radicale). Apr\u00e8s l&rsquo;Allemagne, la Su\u00e8de face aux tentations du repli. La Su\u00e8de va-t-elle \u00e0 son tour choisir la voie du repli \u00e0 l&rsquo;oeuvre dans une Europe d\u00e9chir\u00e9e sur sa politique migratoire? <\/p>\n<p>Quelque 7,5 millions d&rsquo;\u00e9lecteurs ont commenc\u00e9 \u00e0 voter dimanche en Su\u00e8de lors de l\u00e9gislatives \u00e0 suspens qui devraient signer la fin de la domination des grands partis traditionnels au profit de la droite radicale.<\/p>\n<p>Les bureaux de vote ont ouvert \u00e0 08H00 (06H00 GMT). Un des enjeux de ce scrutin sera la participation, g\u00e9n\u00e9ralement une des plus \u00e9lev\u00e9es de l&rsquo;Union europ\u00e9enne (86% en 2014), alors qu&rsquo;un \u00e9lecteur sur cinq restait ind\u00e9cis dans les tout derniers jours de la campagne.<\/p>\n<p>Les \u00e9lecteurs d&rsquo;extr\u00eame droite sont en moyenne plus mobilis\u00e9s que les \u00e9lecteurs des autres formations.<\/p>\n<p>Les enqu\u00eates d&rsquo;opinion cr\u00e9ditent de 16 \u00e0 pr\u00e8s de 25% des voix le parti des D\u00e9mocrates de Su\u00e8de (SD) qui, \u00e0 l&rsquo;image du parti Alternative pour l&rsquo;Allemagne (AfD), d\u00e9nonce comme une menace \u00ab\u00a0culturelle\u00a0\u00bb l&rsquo;arriv\u00e9e de centaines de milliers de demandeurs d&rsquo;asile.<\/p>\n<p>Les scores cumul\u00e9s des deux partis dominants du paysage politique su\u00e9dois, sociaux-d\u00e9mocrates et Mod\u00e9r\u00e9s (conservateurs), totaliseraient environ 40% des suffrages, en recul de plus de 10 points par rapport aux l\u00e9gislatives de 2014.<\/p>\n<p>La position in\u00e9dite de la \u00ab\u00a0droite radicale\u00a0\u00bb et l&rsquo;affaiblissement des partis traditionnellement dominants rendent impossible de d\u00e9terminer qui sera le prochain Premier ministre.<\/p>\n<p>\u00ab\u00a0J&rsquo;h\u00e9site encore entre les Mod\u00e9r\u00e9s et SD. SD est assez proche des Mod\u00e9r\u00e9s mais ils sont un peu plus clairs dans ce qu&rsquo;ils veulent. Ils vont droit au but\u00a0\u00bb, confiait \u00e0 l&rsquo;AFP Elias, 18 ans, \u00e0 la veille du scrutin.<\/p>\n<p>Forces haineuses<\/p>\n<p>Alors que le Premier ministre social-d\u00e9mocrate Stefan L\u00f6fven pr\u00e9sente ces l\u00e9gislatives comme un \u00ab\u00a0r\u00e9f\u00e9rendum pour l&rsquo;Etat-providence\u00a0\u00bb, la droite radicale en a fait un pl\u00e9biscite contre sa politique migratoire: la Su\u00e8de a enregistr\u00e9 160.000 demandes pour la seule ann\u00e9e 2015, la plus forte proportion d&rsquo;Europe rapport\u00e9e au nombre d&rsquo;habitants.<\/p>\n<p>A la veille du scrutin, Stefan L\u00f6fven a fustig\u00e9 \u00ab\u00a0les forces haineuses\u00a0\u00bb et exhort\u00e9 les \u00e9lecteurs \u00e0 rester \u00ab\u00a0du bon c\u00f4t\u00e9 de l&rsquo;histoire\u00a0\u00bb, tandis que le patron des conservateurs, Ulf Kristersson, a appel\u00e9 \u00e0 \u00ab\u00a0une coop\u00e9ration au-del\u00e0 des lignes partisanes pour isoler les forces\u00a0\u00bb pr\u00f4nant \u00ab\u00a0le repli\u00a0\u00bb.<\/p>\n<p>Au m\u00eame moment, dans le sud de la Su\u00e8de o\u00f9 l&rsquo;extr\u00eame droite a ses bastions, le pr\u00e9sident des \u00ab\u00a0Sverigedemokraterna\u00a0\u00bb, Jimmie \u00c5kesson, \u00e9voquait l&rsquo;hypoth\u00e8se de \u00ab\u00a0devenir le premier parti du pays\u00a0\u00bb.<\/p>\n<p>Des projections donneront apr\u00e8s la cl\u00f4ture des 6.000 bureaux de vote \u00e0 20H00 une photographie du rapport de force sans pourtant permettre de conna\u00eetre la couleur du prochain gouvernement.<\/p>\n<p>Pacte avec le diable<\/p>\n<p>Aucun camp, ni le bloc \u00ab\u00a0rouge-vert\u00a0\u00bb sortant ni l&rsquo;opposition \u00ab\u00a0bourgeoise\u00a0\u00bb n&rsquo;\u00e9tant \u00e0 m\u00eame d&rsquo;obtenir plus de 50% des 349 mandats en jeu au Riksdag, il faudra de laborieuses tractations en coulisse pour trouver une majorit\u00e9, ou la moins faible des alliances minoritaires.<\/p>\n<p>Une tendance europ\u00e9enne \u00ab\u00a0o\u00f9 des partis qui ont \u00e9t\u00e9 au gouvernement depuis des d\u00e9cennies perdent leur assise et o\u00f9 le paysage politique est plus fragment\u00e9\u00a0\u00bb, analyse David Ahlin, directeur des \u00e9tudes d&rsquo;opinion \u00e0 IPSOS Su\u00e8de.<\/p>\n<p>Stefan L\u00f6fven a r\u00e9ussi \u00e0 maintenir son gouvernement minoritaire jusqu&rsquo;\u00e0 son terme en arrachant des compromis avec la droite, sur la politique \u00e9nerg\u00e9tique notamment.<\/p>\n<p>Mais l&rsquo;opposition est d\u00e9termin\u00e9e \u00e0 le d\u00e9loger, quitte, souhaiteraient certains, \u00e0 dynamiter le cordon sanitaire qui, jusqu&rsquo;ici, tient les D\u00e9mocrates de Su\u00e8de \u00e0 distance d&rsquo;une influence politique directe.<\/p>\n<p>Strat\u00e9gie qui pourrait se r\u00e9v\u00e9ler risqu\u00e9e, tant centristes et lib\u00e9raux ont dit et redit leur refus d&rsquo;un pacte avec \u00ab\u00a0le diable\u00a0\u00bb, comme se d\u00e9crit lui-m\u00eame \u00e0 l&rsquo;occasion le patron des D\u00e9mocrates de Su\u00e8de.<\/p>\n<p>Samedi soir, en meeting dans la capitale, Jimmie \u00c5kesson a lanc\u00e9 un ultimatum au chef conservateur: \u00ab\u00a0Kristersson a 24 heures pour r\u00e9pondre \u00e0 la question: es-tu pr\u00eat \u00e0 coop\u00e9rer avec moi ou avec Stefan L\u00f6fven?\u00a0\u00bb.<\/p>\n<p>Avocate d&rsquo;une politique migratoire \u00ab\u00a0humaine\u00a0\u00bb, la pr\u00e9sidente du Centre a vivement r\u00e9agi lors d&rsquo;un d\u00e9bat t\u00e9l\u00e9vis\u00e9 vendredi soir apr\u00e8s des d\u00e9clarations du dirigeant nationaliste affirmant que les \u00e9trangers peinent \u00e0 trouver du travail parce qu&rsquo;ils \u00ab\u00a0ne sont pas su\u00e9dois et pas adapt\u00e9s en Su\u00e8de\u00a0\u00bb.<\/p>\n<p>Annie L\u00f6\u00f6f a tap\u00e9 du poing sur son pupitre en l&rsquo;interpellant avec v\u00e9h\u00e9mence: \u00ab\u00a0Comment peux-tu t&rsquo;exprimer de cette fa\u00e7on!\u00a0\u00bb. L&rsquo;incident, inhabituel en Su\u00e8de, a d\u00e9clench\u00e9 une temp\u00eate m\u00e9diatique.<\/p>\n<p>Des ONG ont relay\u00e9 \u00ab\u00a0l&rsquo;angoisse\u00a0\u00bb des demandeurs d&rsquo;asile face \u00e0 la mont\u00e9e de la droite radicale.<\/p>\n<p>\u00ab\u00a0Je vis ici depuis bient\u00f4t trois ans, j&rsquo;ai appris la langue, qu&rsquo;est-ce qu&rsquo;il va m&rsquo;arriver s&rsquo;ils prennent le pouvoir ?\u00a0\u00bb, s&rsquo;interroge dans un su\u00e9dois parfait Mohammad, un r\u00e9fugi\u00e9 afghan de 18 ans&#8230; (AFP)<\/p>\n<blockquote><p>\u00ab\u00a0De lourds soup\u00e7ons pesaient d\u00e9j\u00e0 sur les ONG quant \u00e0 d\u2019\u00e9ventuelles communications visuelles ou t\u00e9l\u00e9phoniques avec les passeurs pour leur indiquer quand leur envoyer les embarcations charg\u00e9es de migrants. On constate que leur collaboration est en r\u00e9alit\u00e9 bien plus avanc\u00e9e.\u00a0\u00bb<br \/>\n\u00ab\u00a0Certaines ONG \u2013 pr\u00e9tendument humanitaires \u2013 offrent un v\u00e9ritable service de taxi des mers, avec des rendez-vous en mer organis\u00e9s et des transbordements de migrants ill\u00e9gaux.\u00a0\u00bb<\/p><\/blockquote>\n","protected":false},"excerpt":{"rendered":"<p>Jimmie \u00c5kesson, chef de file du (SD) D\u00e9mocrates de Su\u00e8de (droite radicale). Apr\u00e8s l&rsquo;Allemagne, la Su\u00e8de face aux tentations du repli. La Su\u00e8de va-t-elle \u00e0 son tour choisir la voie du repli \u00e0 l&rsquo;oeuvre dans une Europe d\u00e9chir\u00e9e sur sa politique migratoire? Quelque 7,5 millions d&rsquo;\u00e9lecteurs ont commenc\u00e9 \u00e0 voter dimanche en Su\u00e8de lors de [&hellip;]<\/p>\n","protected":false},"author":1,"featured_media":3799,"comment_status":"open","ping_status":"closed","sticky":false,"template":"","format":"standard","meta":{"footnotes":""},"categories":[30],"tags":[1428,861,426],"class_list":["post-3798","post","type-post","status-publish","format-standard","has-post-thumbnail","hentry","category-actualite","tag-jimmie-akesson","tag-politique-migratoire","tag-suede"],"aioseo_notices":[],"_links":{"self":[{"href":"https:\/\/www.culturalusa.com\/news\/wp-json\/wp\/v2\/posts\/3798","targetHints":{"allow":["GET"]}}],"collection":[{"href":"https:\/\/www.culturalusa.com\/news\/wp-json\/wp\/v2\/posts"}],"about":[{"href":"https:\/\/www.culturalusa.com\/news\/wp-json\/wp\/v2\/types\/post"}],"author":[{"embeddable":true,"href":"https:\/\/www.culturalusa.com\/news\/wp-json\/wp\/v2\/users\/1"}],"replies":[{"embeddable":true,"href":"https:\/\/www.culturalusa.com\/news\/wp-json\/wp\/v2\/comments?post=3798"}],"version-history":[{"count":0,"href":"https:\/\/www.culturalusa.com\/news\/wp-json\/wp\/v2\/posts\/3798\/revisions"}],"wp:featuredmedia":[{"embeddable":true,"href":"https:\/\/www.culturalusa.com\/news\/wp-json\/wp\/v2\/media\/3799"}],"wp:attachment":[{"href":"https:\/\/www.culturalusa.com\/news\/wp-json\/wp\/v2\/media?parent=3798"}],"wp:term":[{"taxonomy":"category","embeddable":true,"href":"https:\/\/www.culturalusa.com\/news\/wp-json\/wp\/v2\/categories?post=3798"},{"taxonomy":"post_tag","embeddable":true,"href":"https:\/\/www.culturalusa.com\/news\/wp-json\/wp\/v2\/tags?post=3798"}],"curies":[{"name":"wp","href":"https:\/\/api.w.org\/{rel}","templated":true}]}}