{"id":3804,"date":"2018-09-09T11:19:40","date_gmt":"2018-09-09T09:19:40","guid":{"rendered":"https:\/\/www.culturalusa.com\/news\/?p=3804"},"modified":"2019-02-10T19:15:48","modified_gmt":"2019-02-10T18:15:48","slug":"la-ville-de-paris-veut-chasser-airbnb-du-centre-touristique","status":"publish","type":"post","link":"https:\/\/www.culturalusa.com\/news\/technologie\/la-ville-de-paris-veut-chasser-airbnb-du-centre-touristique\/","title":{"rendered":"La ville de Paris veut chasser Airbnb du centre touristique"},"content":{"rendered":"<p><img decoding=\"async\" src=\"https:\/\/www.culturalusa.com\/news\/wp-content\/uploads\/2018\/09\/airbnb.jpg\" alt=\"\" width=\"99%\" class=\"aligncenter size-full wp-image-3805\" srcset=\"https:\/\/www.culturalusa.com\/news\/wp-content\/uploads\/2018\/09\/airbnb.jpg 470w, https:\/\/www.culturalusa.com\/news\/wp-content\/uploads\/2018\/09\/airbnb-275x176.jpg 275w\" sizes=\"(max-width: 470px) 100vw, 470px\" \/>\u00ab\u00a0Explosion des locations ill\u00e9gales\u00a0\u00bb et \u00ab\u00a0manque de logements\u00a0\u00bb: Ian Brossat, adjoint \u00e0 la maire de Paris, a demand\u00e9 au l\u00e9gislateur d&rsquo;interdire les locations d&rsquo;appartements entiers via Airbnb dans quatre arrondissements touristiques du centre et la fin des r\u00e9sidences secondaires dans la capitale.<\/p>\n<p>\u00ab\u00a0Un logement sur quatre ne sert plus \u00e0 loger des Parisiens\u00a0\u00bb, s&rsquo;alarme aupr\u00e8s de l&rsquo;AFP Ian Brossat, adjoint communiste au logement de la Ville de Paris et proche de la maire Anne Hidalgo. La mairie de Paris n&rsquo;a pas r\u00e9agi \u00e0 cette proposition qui ne l&rsquo;engage pas.<\/p>\n<p>Autre constat: en 2014 Paris comptait \u00ab\u00a0environ 107.000 logements secondaires sur 1,1 million de logements \u00e0 Paris\u00a0\u00bb, selon l&rsquo;Insee.<\/p>\n<p>\u00ab\u00a0Est-ce qu&rsquo;on veut que Paris soit une ville accessible aux classes moyennes ou une cour de r\u00e9cr\u00e9ation pour des milliardaires saoudiens ou am\u00e9ricains ?\u00a0\u00bb, s&rsquo;interroge l&rsquo;\u00e9lu, chef de file du PCF aux \u00e9lections europ\u00e9ennes.<\/p>\n<p>Il demande d'\u00a0\u00bbinterdire l&rsquo;achat de r\u00e9sidence secondaire \u00e0 Paris\u00a0\u00bb. Selon lui, le texte de loi pourrait s&rsquo;inspirer d&rsquo;une autre mesure existante: \u00ab\u00a0La surtaxe \u00e0 60% de la taxe d&rsquo;habitation, pour les personnes qui ont une r\u00e9sidence secondaire dans la capitale\u00a0\u00bb.<\/p>\n<p>Impossible, selon Me Alain Confino, avocat sp\u00e9cialis\u00e9 en droit immobilier: \u00ab\u00a0La fiscalit\u00e9 permet d&rsquo;orienter le march\u00e9, sans rupture d&rsquo;\u00e9galit\u00e9 entre les citoyens. Or, interdire d&rsquo;acheter c&rsquo;est rompre cette \u00e9galit\u00e9\u00a0\u00bb.<\/p>\n<p>En guerre depuis plusieurs ann\u00e9es contre le g\u00e9ant am\u00e9ricain, Ian Brossat propose \u00e9galement d'\u00a0\u00bbinterdire la location d&rsquo;appartements entiers via Airbnb dans les quatre premiers arrondissements parisiens (Ier, IIe, IIIe et IVe)\u00a0\u00bb, situ\u00e9s \u00e0 proximit\u00e9 des sites touristiques de Notre-Dame-de-Paris, du Louvre ou de l&rsquo;Op\u00e9ra.<\/p>\n<p>\u00ab\u00a0Un Parisien sur cinq utilise aujourd&rsquo;hui Airbnb pour am\u00e9liorer ses revenus et faire face au co\u00fbt de la vie\u00a0\u00bb, se d\u00e9fend dans un communiqu\u00e9 transmis \u00e0 l&rsquo;AFP la soci\u00e9t\u00e9.<\/p>\n<p>Apr\u00e8s l&rsquo;adoption de la limitation des locations \u00e0 120 jours par an et par logement, et l&rsquo;obligation d&rsquo;avoir un num\u00e9ro d&rsquo;enregistrement, l&rsquo;\u00e9lu esp\u00e8re que ses propositions seront adopt\u00e9es lors du vote de la loi logement Elan, \u00e0 l&rsquo;automne.<\/p>\n<p>Pas de respect<\/p>\n<p>Pour Ian Brossat, \u00ab\u00a0si on ne fait rien dans le centre, il n&rsquo;y aura plus d&rsquo;habitant: comme sur l&rsquo;\u00eele Saint-Louis, on va finir par avoir un nombre d&rsquo;habitants en d\u00e9clin, des commerces de bouche transform\u00e9s en boutique de fringues ou de souvenirs\u00a0\u00bb, pr\u00e9vient-il. <\/p>\n<p>\u00ab\u00a0Ils arrivent avec plein de bagages et chargent les ascenseurs. Ils d\u00e9gradent les parties communes\u00a0\u00bb, regrette Ir\u00e8ne, 42 ans, habitante dans le Ier arrondissement, ciblant des touristes qui \u00ab\u00a0ne respectent pas la vie de l&rsquo;immeuble\u00a0\u00bb sans compter les \u00ab\u00a0jeunes qui viennent pour faire la f\u00eate\u00a0\u00bb.<\/p>\n<p>Au travail, \u00ab\u00a0je parle plus anglais que fran\u00e7ais\u00a0\u00bb, explique \u00e0 l&rsquo;AFP Sabrina, jeune serveuse au coeur de la capitale. En face de son \u00e9tablissement, elle pointe un immeuble chic de l&rsquo;\u00eele de la Cit\u00e9, o\u00f9 \u00ab\u00a0le propri\u00e9taire loue les appartements entre 200 et 400 euros environ sur des plateformes comme Airbnb\u00a0\u00bb.<\/p>\n<p>M\u00eame si \u00ab\u00a0les commer\u00e7ants ne sont pas m\u00e9contents\u00a0\u00bb d&rsquo;une client\u00e8le souvent am\u00e9ricaine qui d\u00eene sur place, il n&rsquo;en reste pas moins que \u00ab\u00a0plus les touristes sont discrets avec leurs valises (dans la rue) mieux c&rsquo;est\u00a0\u00bb, estime-t-elle.<\/p>\n<p>Amanda, touriste canadienne qui a lou\u00e9 un logement \u00e0 deux pas de la Tour Eiffel, peut \u00ab\u00a0comprendre que \u00e7a pose probl\u00e8me s&rsquo;il y a trop de locataires Airbnb, et que cela change l&rsquo;esprit d&rsquo;un quartier\u00a0\u00bb.<\/p>\n<p>Berlin, Barcelone, Amsterdam&#8230; De plus en plus de villes dans le monde accusent Airbnb d&rsquo;accentuer la crise du logement en incitant les propri\u00e9taires \u00e0 louer \u00e0 des visiteurs de passage plut\u00f4t qu&rsquo;\u00e0 ses r\u00e9sidents permanents. En ao\u00fbt, la ville de New York a pris un arr\u00eat\u00e9 obligeant la plateforme \u00e0 communiquer \u00e0 la mairie la liste des transactions effectu\u00e9es pour des logements dans la ville.<\/p>\n<p>Dix ans apr\u00e8s sa naissance, Airbnb, soci\u00e9t\u00e9 avare en informations financi\u00e8res mais estim\u00e9e \u00e0 31 milliards de dollars, selon un calcul r\u00e9alis\u00e9 \u00e0 l&rsquo;occasion d&rsquo;une lev\u00e9e de fonds au printemps 2017, propose pr\u00e8s de 5 millions de logements, dans 81.000 villes de pr\u00e8s de 200 pays. Avec 60.000 logements \u00e0 louer, Paris repr\u00e9sente son premier march\u00e9. (AFP)<\/p>\n","protected":false},"excerpt":{"rendered":"<p>\u00ab\u00a0Explosion des locations ill\u00e9gales\u00a0\u00bb et \u00ab\u00a0manque de logements\u00a0\u00bb: Ian Brossat, adjoint \u00e0 la maire de Paris, a demand\u00e9 au l\u00e9gislateur d&rsquo;interdire les locations d&rsquo;appartements entiers via Airbnb dans quatre arrondissements touristiques du centre et la fin des r\u00e9sidences secondaires dans la capitale. \u00ab\u00a0Un logement sur quatre ne sert plus \u00e0 loger des Parisiens\u00a0\u00bb, s&rsquo;alarme aupr\u00e8s [&hellip;]<\/p>\n","protected":false},"author":1,"featured_media":0,"comment_status":"open","ping_status":"closed","sticky":false,"template":"","format":"standard","meta":{"footnotes":""},"categories":[6],"tags":[862],"class_list":["post-3804","post","type-post","status-publish","format-standard","hentry","category-technologie","tag-airbnb-paris"],"aioseo_notices":[],"_links":{"self":[{"href":"https:\/\/www.culturalusa.com\/news\/wp-json\/wp\/v2\/posts\/3804","targetHints":{"allow":["GET"]}}],"collection":[{"href":"https:\/\/www.culturalusa.com\/news\/wp-json\/wp\/v2\/posts"}],"about":[{"href":"https:\/\/www.culturalusa.com\/news\/wp-json\/wp\/v2\/types\/post"}],"author":[{"embeddable":true,"href":"https:\/\/www.culturalusa.com\/news\/wp-json\/wp\/v2\/users\/1"}],"replies":[{"embeddable":true,"href":"https:\/\/www.culturalusa.com\/news\/wp-json\/wp\/v2\/comments?post=3804"}],"version-history":[{"count":0,"href":"https:\/\/www.culturalusa.com\/news\/wp-json\/wp\/v2\/posts\/3804\/revisions"}],"wp:attachment":[{"href":"https:\/\/www.culturalusa.com\/news\/wp-json\/wp\/v2\/media?parent=3804"}],"wp:term":[{"taxonomy":"category","embeddable":true,"href":"https:\/\/www.culturalusa.com\/news\/wp-json\/wp\/v2\/categories?post=3804"},{"taxonomy":"post_tag","embeddable":true,"href":"https:\/\/www.culturalusa.com\/news\/wp-json\/wp\/v2\/tags?post=3804"}],"curies":[{"name":"wp","href":"https:\/\/api.w.org\/{rel}","templated":true}]}}