{"id":3821,"date":"2018-09-12T23:44:51","date_gmt":"2018-09-12T21:44:51","guid":{"rendered":"https:\/\/www.culturalusa.com\/news\/?p=3821"},"modified":"2020-09-26T18:49:45","modified_gmt":"2020-09-26T16:49:45","slug":"budapest-le-vote-des-eurodeputes-est-une-petite-vengeance-des-pro-immigration","status":"publish","type":"post","link":"https:\/\/www.culturalusa.com\/news\/monde\/budapest-le-vote-des-eurodeputes-est-une-petite-vengeance-des-pro-immigration\/","title":{"rendered":"Budapest: le vote des eurod\u00e9put\u00e9s est une \u00ab\u00a0petite vengeance\u00a0\u00bb des \u00ab\u00a0pro-immigration\u00a0\u00bb"},"content":{"rendered":"<p>Le vote du Parlement europ\u00e9en qui a mis en cause mercredi la menace \u00ab\u00a0syst\u00e9mique\u00a0\u00bb contre les valeurs de l&rsquo;UE en Hongrie et activ\u00e9 une proc\u00e9dure exceptionnelle contre Budapest, n&rsquo;est qu&rsquo;une \u00ab\u00a0petite vengeance des politiciens pro-immigration\u00a0\u00bb, a r\u00e9agi le ministre hongrois des Affaires \u00e9trang\u00e8res Peter Szijjarto.<\/p>\n<p>\u00ab\u00a0La d\u00e9cision d&rsquo;aujourd&rsquo;hui n&rsquo;est rien de moins qu&rsquo;une <strong>petite vengeance des politiciens pro-immigration<\/strong> contre la Hongrie\u00a0\u00bb, a d\u00e9clar\u00e9 le chef de la diplomatie \u00e0 Budapest, \u00e0 l&rsquo;issue d&rsquo;une r\u00e9union gouvernementale.<\/p>\n<p>Pour la premi\u00e8re fois mercredi, le Parlement europ\u00e9en a us\u00e9 de son droit d&rsquo;initiative pour demander au Conseil (les Etats membres) de se prononcer sur la situation de l&rsquo;Etat de droit d&rsquo;un pays membre.<\/p>\n<p>La r\u00e9solution vot\u00e9e par le Parlement invite \u00e0 constater s&rsquo;il existe \u00ab\u00a0un risque clair de violation grave\u00a0\u00bb des valeurs de l&rsquo;Union europ\u00e9enne en Hongrie o\u00f9 le Premier ministre Viktor Orban, au pouvoir depuis 2010, est accus\u00e9 de porter atteinte aux libert\u00e9s et \u00e0 l&rsquo;\u00e9quilibre des pouvoirs.<\/p>\n<blockquote style=\"font-size:16px;\"><p>\u00ab\u00a0Cette d\u00e9cision de condamner la Hongrie et le peuple hongrois a \u00e9t\u00e9 prise alors que nous, Hongrois, avons prouv\u00e9 que la migration n&rsquo;est pas un processus n\u00e9cessaire et qu&rsquo;il est possible de stopper l&rsquo;immigration\u00a0\u00bb<br \/>a ajout\u00e9 M. Szijjarto.<\/p><\/blockquote>\n<p>Il estime que le vote des eurod\u00e9put\u00e9s est \u00ab\u00a0l&rsquo;ultime preuve claire que le Parlement europ\u00e9en compte une tr\u00e8s grande majorit\u00e9 de politiciens pro-immigration\u00a0\u00bb et qu&rsquo;elle a \u00ab\u00a0r\u00e9v\u00e9l\u00e9 l&rsquo;intention de former une coalition apr\u00e8s les \u00e9lections (europ\u00e9ennes, ndlr) de mai prochain entre les lib\u00e9raux, la gauche et le PPE\u00a0\u00bb (Parti populaire europ\u00e9en). Le PPE, formation de droite \u00e0 laquelle appartient le parti de Viktor Orban, le Fidesz, a en effet vot\u00e9 la r\u00e9solution. (AFP)<br \/>\nTous les d\u00e9put\u00e9s fran\u00e7ais membres du PPE n&rsquo;ont pas vot\u00e9 pour la r\u00e9solution anti-hongroise, certains ayant vot\u00e9 contre tandis que d&rsquo;autres se sont abstenu.<\/p>\n<blockquote><p>Viktor Orban ne veut pas d&rsquo;un \u00ableadership fran\u00e7ais de l&rsquo;Europe, pay\u00e9 par de l&rsquo;argent allemand\u00bb et a insist\u00e9 sur l&rsquo;importance des \u00e9lections europ\u00e9ennes \u00e0 venir, pour red\u00e9finir la dynamique de l&rsquo;UE ainsi que ses grandes lignes directrices, notamment sur la question de l&rsquo;immigration. <\/p><\/blockquote>\n<p>La France a de son c\u00f4t\u00e9 salu\u00e9 la position du Parlement europ\u00e9en.<\/p>\n","protected":false},"excerpt":{"rendered":"<p>Le vote du Parlement europ\u00e9en qui a mis en cause mercredi la menace \u00ab\u00a0syst\u00e9mique\u00a0\u00bb contre les valeurs de l&rsquo;UE en Hongrie et activ\u00e9 une proc\u00e9dure exceptionnelle contre Budapest, n&rsquo;est qu&rsquo;une \u00ab\u00a0petite vengeance des politiciens pro-immigration\u00a0\u00bb, a r\u00e9agi le ministre hongrois des Affaires \u00e9trang\u00e8res Peter Szijjarto. \u00ab\u00a0La d\u00e9cision d&rsquo;aujourd&rsquo;hui n&rsquo;est rien de moins qu&rsquo;une petite vengeance [&hellip;]<\/p>\n","protected":false},"author":1,"featured_media":3823,"comment_status":"open","ping_status":"closed","sticky":false,"template":"","format":"standard","meta":{"footnotes":""},"categories":[1372],"tags":[863,864,348],"class_list":["post-3821","post","type-post","status-publish","format-standard","has-post-thumbnail","hentry","category-monde","tag-budapest","tag-pro-immigration","tag-viktor-orban"],"aioseo_notices":[],"_links":{"self":[{"href":"https:\/\/www.culturalusa.com\/news\/wp-json\/wp\/v2\/posts\/3821","targetHints":{"allow":["GET"]}}],"collection":[{"href":"https:\/\/www.culturalusa.com\/news\/wp-json\/wp\/v2\/posts"}],"about":[{"href":"https:\/\/www.culturalusa.com\/news\/wp-json\/wp\/v2\/types\/post"}],"author":[{"embeddable":true,"href":"https:\/\/www.culturalusa.com\/news\/wp-json\/wp\/v2\/users\/1"}],"replies":[{"embeddable":true,"href":"https:\/\/www.culturalusa.com\/news\/wp-json\/wp\/v2\/comments?post=3821"}],"version-history":[{"count":0,"href":"https:\/\/www.culturalusa.com\/news\/wp-json\/wp\/v2\/posts\/3821\/revisions"}],"wp:featuredmedia":[{"embeddable":true,"href":"https:\/\/www.culturalusa.com\/news\/wp-json\/wp\/v2\/media\/3823"}],"wp:attachment":[{"href":"https:\/\/www.culturalusa.com\/news\/wp-json\/wp\/v2\/media?parent=3821"}],"wp:term":[{"taxonomy":"category","embeddable":true,"href":"https:\/\/www.culturalusa.com\/news\/wp-json\/wp\/v2\/categories?post=3821"},{"taxonomy":"post_tag","embeddable":true,"href":"https:\/\/www.culturalusa.com\/news\/wp-json\/wp\/v2\/tags?post=3821"}],"curies":[{"name":"wp","href":"https:\/\/api.w.org\/{rel}","templated":true}]}}