{"id":3829,"date":"2018-09-13T00:07:29","date_gmt":"2018-09-12T22:07:29","guid":{"rendered":"https:\/\/www.culturalusa.com\/news\/?p=3829"},"modified":"2020-10-20T17:46:31","modified_gmt":"2020-10-20T15:46:31","slug":"parlement-europeen-feu-vert-du-pour-reformer-le-droit-dauteur","status":"publish","type":"post","link":"https:\/\/www.culturalusa.com\/news\/actualite\/parlement-europeen-feu-vert-du-pour-reformer-le-droit-dauteur\/","title":{"rendered":"Parlement europ\u00e9en: feu vert du pour r\u00e9former le droit d&rsquo;auteur"},"content":{"rendered":"<p>Les eurod\u00e9put\u00e9s ont vot\u00e9 en faveur de la tr\u00e8s sensible r\u00e9forme du droit d&rsquo;auteur, cens\u00e9e mettre \u00e0 contribution financi\u00e8rement les g\u00e9ants du net pour les contenus artistiques et les articles qu&rsquo;ils utilisent.<\/p>\n<p>Ce projet de directive, pr\u00e9sent\u00e9 par la Commission europ\u00e9enne le 14 septembre 2016, a fait l&rsquo;objet d&rsquo;une f\u00e9roce bataille entre artistes et \u00e9diteurs de presse &#8212; partisans d&rsquo;une modernisation des r\u00e8gles pour stopper le pillage dont ils s&rsquo;estiment victimes &#8212; face aux g\u00e9ants du num\u00e9rique et activistes de la libert\u00e9 sur internet.<\/p>\n<p>R\u00e9unis en pl\u00e9ni\u00e8re \u00e0 Strasbourg, les eurod\u00e9put\u00e9s ont avalis\u00e9 une nouvelle version du texte rejet\u00e9 le 5 juillet dernier, qui cr\u00e9e notamment un nouveau \u00ab\u00a0droit voisin\u00a0\u00bb pour les \u00e9diteurs de presse.<\/p>\n<p>Sur les 703 eurod\u00e9put\u00e9s pr\u00e9sents, le texte a \u00e9t\u00e9 adopt\u00e9 avec 438 votes pour, 226 contre et 39 abstentions.<\/p>\n<p>Ce vote ouvre ainsi la voie aux n\u00e9gociations avec le Conseil de l&rsquo;Union europ\u00e9enne (repr\u00e9sentant les 28 \u00c9tats membres, d\u00e9j\u00e0 parvenus \u00e0 un compromis le 25 mai) et la Commission europ\u00e9enne, afin de s&rsquo;entendre sur un texte d\u00e9finitif.<\/p>\n<p>Le principe de la r\u00e9forme est d&rsquo;inciter les plateformes, comme YouTube d\u00e9tenu par Google, \u00e0 mieux r\u00e9tribuer les cr\u00e9ateurs de contenus (article 13), mais aussi de cr\u00e9er un nouveau \u00ab\u00a0droit voisin\u00a0\u00bb du droit d&rsquo;auteur pour les \u00e9diteurs de presse (article 11), qui doit permettre aux journaux ou agences comme l&rsquo;AFP de se faire r\u00e9mun\u00e9rer lors de la r\u00e9utilisation en ligne de leur production.<\/p>\n<p>Le vice-pr\u00e9sident de la Commission europ\u00e9enne, Andrus Ansip, et la commissaire \u00e0 l&rsquo;Economie num\u00e9rique, Mariya Gabriel, se sont f\u00e9licit\u00e9s du vote positif mercredi.<\/p>\n<p>\u00ab\u00a0C&rsquo;est un signal fort et positif et une \u00e9tape essentielle pour achever notre objectif commun de moderniser les r\u00e8gles du droit d&rsquo;auteur dans l&rsquo;Union europ\u00e9enne\u00a0\u00bb, ont-ils estim\u00e9 dans un communiqu\u00e9 commun.<\/p>\n<p>\u00ab\u00a0La Commission est pr\u00eate \u00e0 travailler avec le Parlement europ\u00e9en et le Conseil afin que la directive soit approuv\u00e9e le plus vite possible, id\u00e9alement d&rsquo;ici la fin de 2018\u00a0\u00bb, donc quelques mois avant les \u00e9lections europ\u00e9ennes de mai 2019, ont ils \u00e9crit.<\/p>\n<p>N\u00e9gociations \u00e0 venir<\/p>\n<p>Les discussions \u00e0 huis clos, entre les repr\u00e9sentants du Parlement europ\u00e9en, du Conseil et de la Commission, appel\u00e9es \u00ab\u00a0trilogues\u00a0\u00bb dans le jargon de l&rsquo;UE, peuvent prendre plusieurs mois, car elles doivent d\u00e9boucher sur un texte de compromis entre les deux co-l\u00e9gislateurs et l&rsquo;ex\u00e9cutif europ\u00e9en.<\/p>\n<p>Ce texte devra \u00e0 nouveau \u00eatre soumis au vote du Parlement.<\/p>\n<p>Le feu vert du Parlement europ\u00e9en a vivement d\u00e9\u00e7u les opposants \u00e0 la r\u00e9forme. \u00ab\u00a0Avec le vote d&rsquo;aujourd&rsquo;hui, le financement de la culture se soumet \u00e0 l&rsquo;\u00e9conomie de la surveillance de masse\u00a0\u00bb, a critiqu\u00e9 dans un communiqu\u00e9 l&rsquo;Association fran\u00e7aise de d\u00e9fense des internautes, <a href=\"https:\/\/www.laquadrature.net\/fr\" rel=\"noopener noreferrer\" target=\"_blank\">La Quadrature du Net<\/a>.<\/p>\n<p>Quant \u00e0 Julia Reda, eurod\u00e9put\u00e9e allemande du parti Pirate affili\u00e9e au Groupe des Verts, et figure de la campagne contre la r\u00e9forme, elle a jug\u00e9 que le \u00ab\u00a0Parlement europ\u00e9en avait \u00e9chou\u00e9 \u00e0 \u00e9couter les inqui\u00e9tudes des citoyens et des experts\u00a0\u00bb.<\/p>\n<p>Parmi les partisans de la r\u00e9forme, le pr\u00e9sident fran\u00e7ais Emmanuel Macron, qui \u00e9tait d\u00e9j\u00e0 mont\u00e9 au cr\u00e9neau avant le vote, a salu\u00e9 \u00ab\u00a0une grande avanc\u00e9e pour l\u2019Europe\u00a0\u00bb.<\/p>\n<p>\u00ab\u00a0Le droit d\u2019auteur prot\u00e8ge, c\u2019est notre libert\u00e9, notre information libre, notre cr\u00e9ation culturelle qui sont reconnues. Je suis fier que la France ait \u00e9t\u00e9 \u00e0 la pointe de ce combat\u00a0\u00bb, a-t-il comment\u00e9 sur Twitter.<\/p>\n<p>\u00ab\u00a0La directive sur le droit d&rsquo;auteur est une victoire de tous les citoyens. Le Parlement europ\u00e9en a choisi de d\u00e9fendre la culture et la cr\u00e9ativit\u00e9 europ\u00e9enne et italienne, mettant fin au Far West num\u00e9rique\u00a0\u00bb, a \u00e9galement applaudi le pr\u00e9sident de l&rsquo;h\u00e9micycle europ\u00e9en, l&rsquo;Italien Antonio Tajani. (AFP)<\/p>\n","protected":false},"excerpt":{"rendered":"<p>Les eurod\u00e9put\u00e9s ont vot\u00e9 en faveur de la tr\u00e8s sensible r\u00e9forme du droit d&rsquo;auteur, cens\u00e9e mettre \u00e0 contribution financi\u00e8rement les g\u00e9ants du net pour les contenus artistiques et les articles qu&rsquo;ils utilisent. Ce projet de directive, pr\u00e9sent\u00e9 par la Commission europ\u00e9enne le 14 septembre 2016, a fait l&rsquo;objet d&rsquo;une f\u00e9roce bataille entre artistes et \u00e9diteurs [&hellip;]<\/p>\n","protected":false},"author":1,"featured_media":4142,"comment_status":"open","ping_status":"closed","sticky":false,"template":"","format":"standard","meta":{"footnotes":""},"categories":[30],"tags":[866,252],"class_list":["post-3829","post","type-post","status-publish","format-standard","has-post-thumbnail","hentry","category-actualite","tag-droit-dauteur","tag-parlement-europeen"],"aioseo_notices":[],"_links":{"self":[{"href":"https:\/\/www.culturalusa.com\/news\/wp-json\/wp\/v2\/posts\/3829","targetHints":{"allow":["GET"]}}],"collection":[{"href":"https:\/\/www.culturalusa.com\/news\/wp-json\/wp\/v2\/posts"}],"about":[{"href":"https:\/\/www.culturalusa.com\/news\/wp-json\/wp\/v2\/types\/post"}],"author":[{"embeddable":true,"href":"https:\/\/www.culturalusa.com\/news\/wp-json\/wp\/v2\/users\/1"}],"replies":[{"embeddable":true,"href":"https:\/\/www.culturalusa.com\/news\/wp-json\/wp\/v2\/comments?post=3829"}],"version-history":[{"count":0,"href":"https:\/\/www.culturalusa.com\/news\/wp-json\/wp\/v2\/posts\/3829\/revisions"}],"wp:featuredmedia":[{"embeddable":true,"href":"https:\/\/www.culturalusa.com\/news\/wp-json\/wp\/v2\/media\/4142"}],"wp:attachment":[{"href":"https:\/\/www.culturalusa.com\/news\/wp-json\/wp\/v2\/media?parent=3829"}],"wp:term":[{"taxonomy":"category","embeddable":true,"href":"https:\/\/www.culturalusa.com\/news\/wp-json\/wp\/v2\/categories?post=3829"},{"taxonomy":"post_tag","embeddable":true,"href":"https:\/\/www.culturalusa.com\/news\/wp-json\/wp\/v2\/tags?post=3829"}],"curies":[{"name":"wp","href":"https:\/\/api.w.org\/{rel}","templated":true}]}}