{"id":3842,"date":"2018-09-16T23:48:12","date_gmt":"2018-09-16T21:48:12","guid":{"rendered":"https:\/\/www.culturalusa.com\/news\/?p=3842"},"modified":"2020-11-04T14:21:28","modified_gmt":"2020-11-04T13:21:28","slug":"le-portugal-et-langola-sur-la-voie-du-dialogue-et-de-la-normalisation","status":"publish","type":"post","link":"https:\/\/www.culturalusa.com\/news\/portugal\/le-portugal-et-langola-sur-la-voie-du-dialogue-et-de-la-normalisation\/","title":{"rendered":"Le Portugal et l&rsquo;Angola sur la voie du dialogue et de la normalisation"},"content":{"rendered":"<p>Apr\u00e8s plusieurs ann\u00e9es de crispation, les rapports entre le Portugal et son ancienne colonie l&rsquo;Angola sont sur la voie de la normalisation, marqu\u00e9e par la reprise des visites de haut niveau entre ces deux pays tr\u00e8s li\u00e9s au plan \u00e9conomique.<\/p>\n<p>Le Premier ministre portugais Antonio Costa se rend \u00e0 Luanda, puis le pr\u00e9sident angolais Jo\u00e3o Louren\u00e7o doit visiter Lisbonne les 23 et 24 novembre prochains.<\/p>\n<p>\u00ab\u00a0L&rsquo;Angola et le Portugal sortent actuellement d&rsquo;une phase difficile. L&rsquo;important c&rsquo;est que les deux parties soient capables d&rsquo;identifier les obstacles et les \u00e9l\u00e9ments perturbateurs afin de les surmonter\u00a0\u00bb, notait la semaine derni\u00e8re le ministre angolais des Affaires \u00e9trang\u00e8res Manuel Augusto.<\/p>\n<p>\u00ab\u00a0Les rapports \u00e9taient bons sur le plan \u00e9conomique, mais il y avait un facteur d&rsquo;\u00e9nervement li\u00e9 \u00e0 une question judiciaire. Une fois d\u00e9pass\u00e9e cette question, plus rien n&rsquo;entrave nos relations\u00a0\u00bb, a soulign\u00e9 le chef du gouvernement portugais, le premier \u00e0 visiter l&rsquo;Angola en sept ans, dans un entretien au journal portugais Diario de Noticias paru dimanche.<\/p>\n<p>Ce point de friction a \u00e9t\u00e9 \u00e9limin\u00e9 en mai dernier, lorsque la justice portugaise a d\u00e9cid\u00e9 de transf\u00e9rer \u00e0 Luanda un proc\u00e8s pour corruption contre l&rsquo;ancien vice-pr\u00e9sident angolais Manuel Vicente.<\/p>\n<p>Les poursuites judiciaires avaient f\u00e2ch\u00e9 l&rsquo;ancien pr\u00e9sident Jos\u00e9 Eduardo dos Santos, qui a r\u00e9gn\u00e9 d&rsquo;une main de fer sur l&rsquo;Angola de 1979 \u00e0 2017, et jet\u00e9 un froid dans les relations bilat\u00e9rales.<\/p>\n<p>Son successeur avait lui aussi exig\u00e9 que la proc\u00e9dure soit confi\u00e9e \u00e0 l&rsquo;Angola \u00ab\u00a0pour que les relations entre l&rsquo;Angola et le Portugal reviennent au niveau d&rsquo;un pass\u00e9 r\u00e9cent\u00a0\u00bb.<\/p>\n<p>Normalit\u00e9 perdue<\/p>\n<p>L&rsquo;ancienne colonie est un partenaire cl\u00e9 pour le Portugal, il s&rsquo;agit du troisi\u00e8me destinataire de ses investissements et le huiti\u00e8me d\u00e9bouch\u00e9 de ses exportations.<\/p>\n<p>Et pendant que le Portugal, malmen\u00e9 par la crise financi\u00e8re mondiale, \u00e9vitait la banqueroute avec un plan de sauvetage de l&rsquo;Union europ\u00e9enne, l&rsquo;Angola s&rsquo;y est hiss\u00e9e au dixi\u00e8me rang des investisseurs \u00e9trangers, portant sa part de 0,1% en 2008 \u00e0 1,5% en 2017.<\/p>\n<p>La visite d&rsquo;Antonio Costa \u00ab\u00a0marque un pas tr\u00e8s important vers une normalisation du partenariat entre ces deux pays\u00a0\u00bb, consid\u00e8re l&rsquo;analyste Alex Vines, du centre de r\u00e9flexion britannique Chatham House.<\/p>\n<p>\u00ab\u00a0Le malaise entre les deux pays semble d\u00e9pass\u00e9, mais il a laiss\u00e9 des d\u00e9g\u00e2ts\u00a0\u00bb, \u00e9crivait toutefois le week-end dernier le directeur du quotidien d&rsquo;\u00c9tat Jornal de Angola, Victor Silva, dans un \u00e9ditorial.<\/p>\n<p>\u00ab\u00a0C&rsquo;est un des premiers pas vers le r\u00e9tablissement d&rsquo;une normalit\u00e9 perdue, mais la visite d&rsquo;Antonio Costa ne r\u00e8glera pas tous les probl\u00e8mes\u00a0\u00bb, abonde Celso Filipe, directeur adjoint du quotidien \u00e9conomique portugais Jornal de Negocios.<\/p>\n<p>Selon Alex Vines, la d\u00e9t\u00e9rioration des rapports avec Luanda provoquait \u00ab\u00a0beaucoup d&rsquo;anxi\u00e9t\u00e9\u00a0\u00bb dans la diplomatie portugaise, car elle a co\u00efncid\u00e9 avec l&rsquo;ambition du nouveau pouvoir angolais d&rsquo;\u00e9largir ses horizons.<\/p>\n<p>Lors d&rsquo;une r\u00e9cente tourn\u00e9e europ\u00e9enne, le pr\u00e9sident Joao Louren\u00e7o a notamment fait part de la volont\u00e9 de son pays d&rsquo;int\u00e9grer \u00e0 la fois la Francophonie et le Commonwealth britannique.<\/p>\n<p><strong>Isabel dos Santos \u00e9cart\u00e9e<\/strong><\/p>\n<p>\u00ab\u00a0L&rsquo;ouverture de l&rsquo;Angola au reste du monde n&rsquo;est pas la cons\u00e9quence d&rsquo;un quelconque \u00e9nervement vis-\u00e0-vis du Portugal\u00a0\u00bb, s&rsquo;est d\u00e9fendu son ministre des Affaires \u00e9trang\u00e8res.<\/p>\n<p>L&rsquo;actuel pr\u00e9sident angolais a promis de lutter contre la corruption et de remettre sur pied l&rsquo;\u00e9conomie du deuxi\u00e8me producteur de p\u00e9trole d&rsquo;Afrique subsaharienne, qui ne s&rsquo;est toujours pas remis de la d\u00e9gringolade des cours de l&rsquo;or noir en 2014.<\/p>\n<p>M. Louren\u00e7o a ainsi \u00e9vinc\u00e9 des institutions et des entreprises publiques les proches de M. dos Santos, dont sa fille Isabel, figure de proue des investissements angolais au Portugal.<\/p>\n<p>Sa mise \u00e0 l&rsquo;\u00e9cart de la direction de la compagnie p\u00e9troli\u00e8re nationale Sonangol a notamment laiss\u00e9 planer le doute sur un \u00e9ventuel d\u00e9sengagement de cette entreprise du groupe \u00e9nerg\u00e9tique portugais Galp ou de BCP, la premi\u00e8re banque priv\u00e9e portugaise.<\/p>\n<p>\u00ab\u00a0Avec Joao Louren\u00e7o \u00e0 la pr\u00e9sidence, il faut esp\u00e9rer que ces relations leur permettront de collaborer en vue du rapatriement des fonds vol\u00e9s en Angola et parqu\u00e9s au Portugal, aussi bien par des Angolais que par des Portugais\u00a0\u00bb, a d\u00e9clar\u00e9 \u00e0 l&rsquo;AFP le journaliste d&rsquo;investigation et d&rsquo;opposition angolais Rafael Marques de Morais. (AFP)<\/p>\n","protected":false},"excerpt":{"rendered":"<p>Apr\u00e8s plusieurs ann\u00e9es de crispation, les rapports entre le Portugal et son ancienne colonie l&rsquo;Angola sont sur la voie de la normalisation, marqu\u00e9e par la reprise des visites de haut niveau entre ces deux pays tr\u00e8s li\u00e9s au plan \u00e9conomique. Le Premier ministre portugais Antonio Costa se rend \u00e0 Luanda, puis le pr\u00e9sident angolais Jo\u00e3o [&hellip;]<\/p>\n","protected":false},"author":1,"featured_media":3844,"comment_status":"open","ping_status":"closed","sticky":false,"template":"","format":"standard","meta":{"footnotes":""},"categories":[3],"tags":[623,370],"class_list":["post-3842","post","type-post","status-publish","format-standard","has-post-thumbnail","hentry","category-portugal","tag-angola","tag-antonio-costa"],"aioseo_notices":[],"_links":{"self":[{"href":"https:\/\/www.culturalusa.com\/news\/wp-json\/wp\/v2\/posts\/3842","targetHints":{"allow":["GET"]}}],"collection":[{"href":"https:\/\/www.culturalusa.com\/news\/wp-json\/wp\/v2\/posts"}],"about":[{"href":"https:\/\/www.culturalusa.com\/news\/wp-json\/wp\/v2\/types\/post"}],"author":[{"embeddable":true,"href":"https:\/\/www.culturalusa.com\/news\/wp-json\/wp\/v2\/users\/1"}],"replies":[{"embeddable":true,"href":"https:\/\/www.culturalusa.com\/news\/wp-json\/wp\/v2\/comments?post=3842"}],"version-history":[{"count":0,"href":"https:\/\/www.culturalusa.com\/news\/wp-json\/wp\/v2\/posts\/3842\/revisions"}],"wp:featuredmedia":[{"embeddable":true,"href":"https:\/\/www.culturalusa.com\/news\/wp-json\/wp\/v2\/media\/3844"}],"wp:attachment":[{"href":"https:\/\/www.culturalusa.com\/news\/wp-json\/wp\/v2\/media?parent=3842"}],"wp:term":[{"taxonomy":"category","embeddable":true,"href":"https:\/\/www.culturalusa.com\/news\/wp-json\/wp\/v2\/categories?post=3842"},{"taxonomy":"post_tag","embeddable":true,"href":"https:\/\/www.culturalusa.com\/news\/wp-json\/wp\/v2\/tags?post=3842"}],"curies":[{"name":"wp","href":"https:\/\/api.w.org\/{rel}","templated":true}]}}