{"id":3845,"date":"2018-09-22T15:20:10","date_gmt":"2018-09-22T13:20:10","guid":{"rendered":"https:\/\/www.culturalusa.com\/news\/?p=3845"},"modified":"2020-10-20T17:45:08","modified_gmt":"2020-10-20T15:45:08","slug":"le-pape-part-pour-la-lituanie-a-lecoute-des-jeunes","status":"publish","type":"post","link":"https:\/\/www.culturalusa.com\/news\/actualite\/le-pape-part-pour-la-lituanie-a-lecoute-des-jeunes\/","title":{"rendered":"Le pape part pour la Lituanie, \u00e0 l&rsquo;\u00e9coute des jeunes"},"content":{"rendered":"<p>Le pape Fran\u00e7ois s&rsquo;est envol\u00e9 samedi matin pour la catholique Lituanie, o\u00f9 il compte apporter son soutien \u00e0 une jeunesse r\u00eavant d&rsquo;\u00e9migration sans avoir connu l&rsquo;\u00e9tau du bloc sovi\u00e9tique et honorer les juifs extermin\u00e9s du ghetto de Vilnius.<\/p>\n<p>L&rsquo;avion du pape a d\u00e9coll\u00e9 de Rome pour atterrir \u00e0 Vilnius, premi\u00e8re \u00e9tape d&rsquo;un voyage de quatre jours dans les pays baltes, \u00e0 la p\u00e9riph\u00e9rie nord-est de l&rsquo;UE. Il sera ainsi lundi en Lettonie, pays plut\u00f4t protestant, et mardi en Estonie, tr\u00e8s majoritairement non croyante.<\/p>\n<p>Car le pape aime tendre la main aux plus petites communaut\u00e9s catholiques de la plan\u00e8te, tout en affichant son rapprochement avec les autres religions chr\u00e9tiennes.<\/p>\n<p>Son 25e d\u00e9placement \u00e0 l&rsquo;\u00e9tranger s&rsquo;annonce a priori serein, apr\u00e8s son difficile week-end fin ao\u00fbt en Irlande, pays meurtri par des abus pass\u00e9s du clerg\u00e9.<\/p>\n<p>Fran\u00e7ois avait \u00e9t\u00e9 accus\u00e9 \u00e0 distance par un pr\u00e9lat italien d&rsquo;avoir longtemps sciemment ignor\u00e9 les agissements de l&rsquo;influent cardinal am\u00e9ricain Theodore McCarrick, finalement d\u00e9mis en juillet de son minist\u00e8re pour des abus sexuels anciens contre un adolescent.<\/p>\n<p>Press\u00e9 de r\u00e9pondre par de nombreuses voix de l&rsquo;Eglise, le chef des 1,3 milliard de catholiques n&rsquo;est pas sorti de sa r\u00e9serve avant son voyage dans les pays baltes.<\/p>\n<p>Mais \u00e0 la veille m\u00eame de son d\u00e9part pour Vilnius, Fran\u00e7ois a d\u00fb encore annoncer deux nouvelles d\u00e9missions d&rsquo;\u00e9v\u00eaques chiliens.<\/p>\n<p>Et mardi, l&rsquo;Eglise allemande publiera officiellement un rapport, d\u00e9j\u00e0 objet de fuites dans la presse, relatant qu&rsquo;au moins 3.677 enfants ont \u00e9t\u00e9 victimes entre 1946 et 2014 d&rsquo;abus sexuels commis par 1.670 membres du clerg\u00e9.<\/p>\n<p><strong> Aupr\u00e8s des jeunes<\/strong><\/p>\n<p>A son arriv\u00e9e \u00e0 Vilnius, le pape doit s&rsquo;entretenir avec la pr\u00e9sidente lituanienne et ancienne commissaire europ\u00e9enne Dalia Grybauskaite, avant de prononcer un premier discours devant les autorit\u00e9s civiles et diplomatiques.<\/p>\n<p>Dans l&rsquo;apr\u00e8s-midi, il s&rsquo;arr\u00eatera pour une pri\u00e8re dans un sanctuaire abritant une ic\u00f4ne r\u00e9v\u00e9r\u00e9e par les p\u00e8lerins, sur les traces du pape polonais Jean-Paul II qui avait visit\u00e9 les pays baltes en 1993.<\/p>\n<p>En mars 1990, la Lituanie fut la premi\u00e8re r\u00e9publique sovi\u00e9tique \u00e0 d\u00e9clarer son ind\u00e9pendance &#8211;devenue effective en 1991&#8211; avant de rejoindre l&rsquo;UE et l&rsquo;Otan en 2004.<\/p>\n<p>Pour un diplomate lituanien du Vatican, \u00ab\u00a0la situation est moins dramatique et il y aura probablement moins d&rsquo;enthousiasme\u00a0\u00bb pour cette deuxi\u00e8me visite d&rsquo;un pape, 25 ans plus tard. Les organisateurs ont choisi des espaces plus restreints pour la venue du pape Fran\u00e7ois, d&rsquo;autant que la Lituanie (3,2 millions d&rsquo;habitants) a perdu un quart de sa population.<\/p>\n<p>Jorge Bergoglio rencontrera surtout samedi les jeunes n\u00e9s apr\u00e8s l&rsquo;ind\u00e9pendance, sur la place de la cath\u00e9drale de Vilnius qui fut ferm\u00e9e au public durant l&rsquo;occupation sovi\u00e9tique, transform\u00e9e en galerie d&rsquo;art et enfin en commerce de pi\u00e8ces d\u00e9tach\u00e9es pour automobiles.<\/p>\n<p>La Lituanie et les autres pays baltes ont connu une croissance \u00e9conomique rapide, mais aussi l&rsquo;apparition d&rsquo;in\u00e9galit\u00e9s sociales et une migration massive de jeunes vers l&rsquo;Occident, qui pose un s\u00e9rieux probl\u00e8me. <\/p>\n<p>Le \u00ab\u00a0temps fort\u00a0\u00bb en Lituanie est attendu dimanche lorsque le pape ira prier devant le monument de victimes du ghetto de Vilnius, 75 ans jour pour pour apr\u00e8s sa destruction.<\/p>\n<p>Jusqu&rsquo;en 1940, la Lituanie \u00e9tait la patrie de plus de 200.000 juifs, et Vilnius, du fait de son rayonnement spirituel, \u00e9tait surnomm\u00e9 la J\u00e9rusalem du Nord. Presque tous ont p\u00e9ri pendant l&rsquo;occupation nazie entre 1941 et 1944.<\/p>\n<p>Fran\u00e7ois se rendra aussi dans le Mus\u00e9e des occupations et des luttes pour la libert\u00e9, ouvert dans les ex-locaux de la Gestapo allemande puis du KGB sovi\u00e9tique, o\u00f9 il d\u00e9couvrira deux cellules de prison et une chambre de tortures.<\/p>\n<p>Il voyage dans les trois pays baltes dans l&rsquo;ann\u00e9e du centenaire de leur ind\u00e9pendance, obtenue \u00e0 l&rsquo;issue de la Premi\u00e8re Guerre mondiale. Le si\u00e8cle \u00e9coul\u00e9 a \u00e9t\u00e9 marqu\u00e9 par l&rsquo;invasion nazie et pr\u00e8s d&rsquo;un demi-si\u00e8cle d&rsquo;occupation sovi\u00e9tique.<\/p>\n<p>\u00ab\u00a0Naturellement j&rsquo;honorerai tous ceux dont les sacrifices dans le pass\u00e9 ont rendu possible la libert\u00e9 actuelle\u00a0\u00bb, a d\u00e9clar\u00e9 le pape dans un message vid\u00e9o adress\u00e9 jeudi aux populations des pays baltes.<\/p>\n<p>Pers\u00e9cut\u00e9e avec des centaines de pr\u00eatres arr\u00eat\u00e9s et d\u00e9port\u00e9s au Goulag, l&rsquo;Eglise catholique a jou\u00e9 un r\u00f4le important dans la r\u00e9sistance pacifique au r\u00e9gime totalitaire stalinien, surtout en Lituanie, o\u00f9 pr\u00e8s de 80% d&rsquo;habitants se r\u00e9clament du catholicisme. Elle reste influente dans la vie politique. (AFP)<\/p>\n","protected":false},"excerpt":{"rendered":"<p>Le pape Fran\u00e7ois s&rsquo;est envol\u00e9 samedi matin pour la catholique Lituanie, o\u00f9 il compte apporter son soutien \u00e0 une jeunesse r\u00eavant d&rsquo;\u00e9migration sans avoir connu l&rsquo;\u00e9tau du bloc sovi\u00e9tique et honorer les juifs extermin\u00e9s du ghetto de Vilnius. L&rsquo;avion du pape a d\u00e9coll\u00e9 de Rome pour atterrir \u00e0 Vilnius, premi\u00e8re \u00e9tape d&rsquo;un voyage de quatre [&hellip;]<\/p>\n","protected":false},"author":1,"featured_media":3846,"comment_status":"open","ping_status":"closed","sticky":false,"template":"","format":"standard","meta":{"footnotes":""},"categories":[30],"tags":[867,350],"class_list":["post-3845","post","type-post","status-publish","format-standard","has-post-thumbnail","hentry","category-actualite","tag-lituanie","tag-pape-francois"],"aioseo_notices":[],"_links":{"self":[{"href":"https:\/\/www.culturalusa.com\/news\/wp-json\/wp\/v2\/posts\/3845","targetHints":{"allow":["GET"]}}],"collection":[{"href":"https:\/\/www.culturalusa.com\/news\/wp-json\/wp\/v2\/posts"}],"about":[{"href":"https:\/\/www.culturalusa.com\/news\/wp-json\/wp\/v2\/types\/post"}],"author":[{"embeddable":true,"href":"https:\/\/www.culturalusa.com\/news\/wp-json\/wp\/v2\/users\/1"}],"replies":[{"embeddable":true,"href":"https:\/\/www.culturalusa.com\/news\/wp-json\/wp\/v2\/comments?post=3845"}],"version-history":[{"count":0,"href":"https:\/\/www.culturalusa.com\/news\/wp-json\/wp\/v2\/posts\/3845\/revisions"}],"wp:featuredmedia":[{"embeddable":true,"href":"https:\/\/www.culturalusa.com\/news\/wp-json\/wp\/v2\/media\/3846"}],"wp:attachment":[{"href":"https:\/\/www.culturalusa.com\/news\/wp-json\/wp\/v2\/media?parent=3845"}],"wp:term":[{"taxonomy":"category","embeddable":true,"href":"https:\/\/www.culturalusa.com\/news\/wp-json\/wp\/v2\/categories?post=3845"},{"taxonomy":"post_tag","embeddable":true,"href":"https:\/\/www.culturalusa.com\/news\/wp-json\/wp\/v2\/tags?post=3845"}],"curies":[{"name":"wp","href":"https:\/\/api.w.org\/{rel}","templated":true}]}}