{"id":3859,"date":"2018-09-23T12:16:56","date_gmt":"2018-09-23T10:16:56","guid":{"rendered":"https:\/\/www.culturalusa.com\/news\/?p=3859"},"modified":"2020-09-25T00:08:09","modified_gmt":"2020-09-24T22:08:09","slug":"bresil-les-cendres-du-patrimoine-historique-et-dune-tragedie-culturelle","status":"publish","type":"post","link":"https:\/\/www.culturalusa.com\/news\/culture\/bresil-les-cendres-du-patrimoine-historique-et-dune-tragedie-culturelle\/","title":{"rendered":"Br\u00e9sil: les cendres du patrimoine historique et d&rsquo;une trag\u00e9die culturelle"},"content":{"rendered":"<p>video &#8211; Une trag\u00e9die culturelle et un crime symbolique. La plus ancienne institution scientifique du pays, le plus grand mus\u00e9e d&rsquo;histoire naturelle d&rsquo;Am\u00e9rique Latine, abritait en outre en son c\u0153ur \u00abLuzia\u00bb : fossile humain vieux de 12 000 ans, anc\u00eatre le plus lointain que l\u2019on ait d\u00e9couvert au Br\u00e9sil, acre vertige pour un peuple que de se r\u00e9veiller sans Histoire.<\/p>\n<p>Suite au gigantesque incendie, ne restent que quelques pierres et c\u00e9ramiques sur les 20 millions de pi\u00e8ces inestimables, notamment arch\u00e9ologiques et pal\u00e9ontologiques, qui sont r\u00e9duites en cendres. Et avec elles un immense patrimoine historique sur les civilisations afro-br\u00e9siliennes et les Am\u00e9rindiens de l\u2019\u00e9poque pr\u00e9-colombienne.<\/p>\n<p>Devant des \u00e9tudiants et des chercheurs endeuill\u00e9s, rassembl\u00e9s devant le b\u00e2timent hier, on exhumait des d\u00e9combres les rares objets survivants applaudis au milieu des larmes.<\/p>\n<p>Des larmes de col\u00e8res. Car s\u2019il n\u2019y a pas eu de victime, si l\u2019incendie reste d\u2019origine inconnu, la n\u00e9gligence, elle, est criminelle. Comme le souligne un \u00e9ditorialiste du journal O Globo: \u00abdepuis 2014 les coupes budg\u00e9taires successives ont fini par avoir raison des d\u00e9penses d\u2019entretiens\u00bb. <\/p>\n<p>Imaginez que le b\u00e2timent ne disposait m\u00eame pas d\u2019un syst\u00e8me d\u2019extincteurs automatiques en \u00e9tat de fonctionnement et que les deux bouches d\u2019incendie situ\u00e9es \u00e0 l\u2019ext\u00e9rieur du mus\u00e9e \u00e9taient vides. En juin c\u2019est une institution \u00e0 l\u2019agonie qui f\u00eatait ses 200 ans, avec de nombreuses salles ferm\u00e9es, et des moyens si maigres que les portes furent temporairement closes en 2015, faute de pouvoir payer les employ\u00e9s.<\/p>\n<p>Cadeau de bicentenaire, un budget avait bien \u00e9t\u00e9 d\u00e9bloqu\u00e9 pour effecteur les travaux urgents de r\u00e9novations et de remises aux normes, mais on en n\u2019avait pas vu la couleur. Selon Alexandre Keller le directeur de mus\u00e9e, \u00abla population doit s\u2019indigner, car une partie de cette trag\u00e9die aurait pu \u00eatre \u00e9vit\u00e9\u00bb.<\/p>\n<p>C\u2019est bien la disparition d\u2019un Etat Culturel qui est en cause. Il y a deux ans le gouvernement int\u00e9rimaire avait m\u00eame supprim\u00e9 un temps le minist\u00e8re pleinement d\u00e9di\u00e9 \u00e0 la culture. Sa remise en place n\u2019aura rien chang\u00e9. <\/p>\n<p>Artistes et intellectuels d\u00e9noncent r\u00e9guli\u00e8rement cette r\u00e9gression, \u00e0 l\u2019instar de Chico C\u00e9sar, chanteur populaire br\u00e9silien et ancien charg\u00e9 de la culture dans son \u00e9tat du Nordest\u00e9. <\/p>\n<p>Pour lui \u00abapr\u00e8s les grandes avanc\u00e9es qu\u2019a connues un pays o\u00f9 Gilberto Gil \u00e9tait ministre de la culture, aujourd\u2019hui le minist\u00e8re de la Culture n\u2019a plus la moindre importance\u00bb. Sans oublier cette ligne conservatrice qui renie dans les expositions et les concerts la libert\u00e9 d\u2019expression conquise par les femmes, les Noirs, la communaut\u00e9 LGBT et les plus pauvres.<\/p>\n<p>A propos de l\u2019incendie du Mus\u00e9e National de Rio, l\u2019\u00e9ditorialiste d\u2019O Globo que j\u2019\u00e9voquais plus haut parle d\u2019 \u00abun crime contre le pass\u00e9 \u00bb et \u00ab contre les g\u00e9n\u00e9rations futures\u00bb, il est aussi une sonnette d\u2019alarme \u00e0 quelques mois des pr\u00e9sidentielles. De ces cendres pourrait na\u00eetre une r\u00e9volte incandescente.<br \/>\n<iframe loading=\"lazy\" width=\"100%\" height=\"350\" src=\"https:\/\/www.youtube.com\/embed\/b0yu7xBIsus\" frameborder=\"0\" allow=\"autoplay; encrypted-media\" allowfullscreen><\/iframe><br \/>\nApr\u00e8s l&rsquo;incendie du Mus\u00e9e national de Rio, des milliers de Br\u00e9siliens expriment leur col\u00e8re<\/p>\n","protected":false},"excerpt":{"rendered":"<p>video &#8211; Une trag\u00e9die culturelle et un crime symbolique. La plus ancienne institution scientifique du pays, le plus grand mus\u00e9e d&rsquo;histoire naturelle d&rsquo;Am\u00e9rique Latine, abritait en outre en son c\u0153ur \u00abLuzia\u00bb : fossile humain vieux de 12 000 ans, anc\u00eatre le plus lointain que l\u2019on ait d\u00e9couvert au Br\u00e9sil, acre vertige pour un peuple que [&hellip;]<\/p>\n","protected":false},"author":1,"featured_media":3860,"comment_status":"open","ping_status":"closed","sticky":false,"template":"","format":"standard","meta":{"footnotes":""},"categories":[4],"tags":[443,873],"class_list":["post-3859","post","type-post","status-publish","format-standard","has-post-thumbnail","hentry","category-culture","tag-bresil","tag-patrimoine-historique"],"aioseo_notices":[],"_links":{"self":[{"href":"https:\/\/www.culturalusa.com\/news\/wp-json\/wp\/v2\/posts\/3859","targetHints":{"allow":["GET"]}}],"collection":[{"href":"https:\/\/www.culturalusa.com\/news\/wp-json\/wp\/v2\/posts"}],"about":[{"href":"https:\/\/www.culturalusa.com\/news\/wp-json\/wp\/v2\/types\/post"}],"author":[{"embeddable":true,"href":"https:\/\/www.culturalusa.com\/news\/wp-json\/wp\/v2\/users\/1"}],"replies":[{"embeddable":true,"href":"https:\/\/www.culturalusa.com\/news\/wp-json\/wp\/v2\/comments?post=3859"}],"version-history":[{"count":0,"href":"https:\/\/www.culturalusa.com\/news\/wp-json\/wp\/v2\/posts\/3859\/revisions"}],"wp:featuredmedia":[{"embeddable":true,"href":"https:\/\/www.culturalusa.com\/news\/wp-json\/wp\/v2\/media\/3860"}],"wp:attachment":[{"href":"https:\/\/www.culturalusa.com\/news\/wp-json\/wp\/v2\/media?parent=3859"}],"wp:term":[{"taxonomy":"category","embeddable":true,"href":"https:\/\/www.culturalusa.com\/news\/wp-json\/wp\/v2\/categories?post=3859"},{"taxonomy":"post_tag","embeddable":true,"href":"https:\/\/www.culturalusa.com\/news\/wp-json\/wp\/v2\/tags?post=3859"}],"curies":[{"name":"wp","href":"https:\/\/api.w.org\/{rel}","templated":true}]}}