{"id":3896,"date":"2018-10-01T11:35:34","date_gmt":"2018-10-01T09:35:34","guid":{"rendered":"https:\/\/www.culturalusa.com\/news\/?p=3896"},"modified":"2020-10-20T17:42:15","modified_gmt":"2020-10-20T15:42:15","slug":"le-ministre-jim-mattis-a-paris-pour-parler-antiterrorisme-avec-macron","status":"publish","type":"post","link":"https:\/\/www.culturalusa.com\/news\/actualite\/le-ministre-jim-mattis-a-paris-pour-parler-antiterrorisme-avec-macron\/","title":{"rendered":"Le ministre Jim Mattis \u00e0 Paris pour parler antiterrorisme avec Macron"},"content":{"rendered":"<p>Le ministre am\u00e9ricain de la D\u00e9fense Jim Mattis se rend cette semaine \u00e0 Paris pour discuter antiterrorisme avec le pr\u00e9sident fran\u00e7ais Emmanuel Macron et la ministre des Arm\u00e9es Florence Parly, et notamment de la pr\u00e9sence militaire fran\u00e7aise en Syrie.<\/p>\n<p>Au cours de cette courte visite d&rsquo;une journ\u00e9e mardi, la premi\u00e8re en France pour M. Mattis depuis qu&rsquo;il a pris ses fonctions de secr\u00e9taire \u00e0 la D\u00e9fense d\u00e9but 2017, le chef du Pentagone \u00ab\u00a0va remercier la France et la f\u00e9liciter pour des campagnes antiterroristes bien men\u00e9es en Afrique occidentale et au Levant\u00a0\u00bb, a indiqu\u00e9 dimanche \u00e0 l&rsquo;AFP un porte-parole du Pentagone, Eric Pahon.<\/p>\n<p>Au moment o\u00f9 le r\u00e9gime syrien demande aux forces militaires des Etats-Unis, de la Turquie et de la France de quitter \u00ab\u00a0imm\u00e9diatement\u00a0\u00bb la Syrie, Washington esp\u00e8re que Paris maintiendra des forces sp\u00e9ciales dans le nord du pays contr\u00f4l\u00e9 par les Forces d\u00e9mocratiques syriennes (FDS), alli\u00e9es de la coalition internationale antijihadiste.<\/p>\n<p>\u00ab\u00a0Nous resterons en Syrie aussi longtemps que n\u00e9cessaire\u00a0\u00bb pour que le groupe Etat islamique (EI) ne puisse s&rsquo;y r\u00e9implanter, a rappel\u00e9 le porte-parole am\u00e9ricain.<\/p>\n<p>\u00ab\u00a0La coalition restera en Syrie et c&rsquo;est la coalition qui d\u00e9cidera si la France, l&rsquo;Allemagne ou un autre pays y restera\u00a0\u00bb, a-t-il indiqu\u00e9. Mais la France \u00ab\u00a0est l&rsquo;un des rares pays membres de la coalition \u00e0 nous assister en Syrie. Nous esp\u00e9rons donc\u00a0\u00bb qu&rsquo;elle y restera.<\/p>\n<p>La France participe \u00e0 la lutte contre l&rsquo;EI en Irak et Syrie au sein de la coalition internationale sous commandement am\u00e9ricain, avec des avions de chasse, de l&rsquo;artillerie et des forces sp\u00e9ciales qui conseillent les combattants kurdes.<\/p>\n<p>Aucun chiffre n&rsquo;a \u00e9t\u00e9 communiqu\u00e9 sur ces forces sp\u00e9ciales, dont la pr\u00e9sence elle-m\u00eame sur le terrain n&rsquo;est que rarement reconnue par les autorit\u00e9s fran\u00e7aises. Mais en avril dernier, M. Mattis avait r\u00e9v\u00e9l\u00e9 que \u00ab\u00a0les Fran\u00e7ais nous ont renforc\u00e9s en Syrie avec des forces sp\u00e9ciales au cours des deux derni\u00e8res semaines\u00a0\u00bb.<\/p>\n<p>Le chef de la diplomatie syrienne, Walid Moualem, a r\u00e9clam\u00e9 samedi \u00e0 l&rsquo;ONU le d\u00e9part des troupes fran\u00e7aises, am\u00e9ricaines et turques du territoire syrien, d\u00e9non\u00e7ant une \u00ab\u00a0coalition internationale ill\u00e9gitime dirig\u00e9e par les Etats-Unis\u00a0\u00bb, d\u00e9ploy\u00e9e en Syrie \u00ab\u00a0sous pr\u00e9texte de combattre le terrorisme\u00a0\u00bb.<\/p>\n<p>Apr\u00e8s Paris, M. Mattis doit participer mercredi et jeudi \u00e0 Bruxelles \u00e0 une r\u00e9union minist\u00e9rielle de l&rsquo;Otan. (AFP)<\/p>\n","protected":false},"excerpt":{"rendered":"<p>Le ministre am\u00e9ricain de la D\u00e9fense Jim Mattis se rend cette semaine \u00e0 Paris pour discuter antiterrorisme avec le pr\u00e9sident fran\u00e7ais Emmanuel Macron et la ministre des Arm\u00e9es Florence Parly, et notamment de la pr\u00e9sence militaire fran\u00e7aise en Syrie. Au cours de cette courte visite d&rsquo;une journ\u00e9e mardi, la premi\u00e8re en France pour M. Mattis [&hellip;]<\/p>\n","protected":false},"author":1,"featured_media":3762,"comment_status":"open","ping_status":"closed","sticky":false,"template":"","format":"standard","meta":{"footnotes":""},"categories":[30],"tags":[880,881],"class_list":["post-3896","post","type-post","status-publish","format-standard","has-post-thumbnail","hentry","category-actualite","tag-antiterrorisme","tag-jim-mattis"],"aioseo_notices":[],"_links":{"self":[{"href":"https:\/\/www.culturalusa.com\/news\/wp-json\/wp\/v2\/posts\/3896","targetHints":{"allow":["GET"]}}],"collection":[{"href":"https:\/\/www.culturalusa.com\/news\/wp-json\/wp\/v2\/posts"}],"about":[{"href":"https:\/\/www.culturalusa.com\/news\/wp-json\/wp\/v2\/types\/post"}],"author":[{"embeddable":true,"href":"https:\/\/www.culturalusa.com\/news\/wp-json\/wp\/v2\/users\/1"}],"replies":[{"embeddable":true,"href":"https:\/\/www.culturalusa.com\/news\/wp-json\/wp\/v2\/comments?post=3896"}],"version-history":[{"count":0,"href":"https:\/\/www.culturalusa.com\/news\/wp-json\/wp\/v2\/posts\/3896\/revisions"}],"wp:featuredmedia":[{"embeddable":true,"href":"https:\/\/www.culturalusa.com\/news\/wp-json\/wp\/v2\/media\/3762"}],"wp:attachment":[{"href":"https:\/\/www.culturalusa.com\/news\/wp-json\/wp\/v2\/media?parent=3896"}],"wp:term":[{"taxonomy":"category","embeddable":true,"href":"https:\/\/www.culturalusa.com\/news\/wp-json\/wp\/v2\/categories?post=3896"},{"taxonomy":"post_tag","embeddable":true,"href":"https:\/\/www.culturalusa.com\/news\/wp-json\/wp\/v2\/tags?post=3896"}],"curies":[{"name":"wp","href":"https:\/\/api.w.org\/{rel}","templated":true}]}}