{"id":3901,"date":"2018-10-01T11:58:42","date_gmt":"2018-10-01T09:58:42","guid":{"rendered":"https:\/\/www.culturalusa.com\/news\/?p=3901"},"modified":"2020-11-04T14:20:19","modified_gmt":"2020-11-04T13:20:19","slug":"le-portugal-dans-la-course-au-lithium-le-nouvel-or-blanc","status":"publish","type":"post","link":"https:\/\/www.culturalusa.com\/news\/portugal\/le-portugal-dans-la-course-au-lithium-le-nouvel-or-blanc\/","title":{"rendered":"Le Portugal dans la course au lithium, le nouvel \u00ab\u00a0or blanc\u00a0\u00bb"},"content":{"rendered":"<p>\u00ab\u00a0Plus on creuse, plus on en trouve\u00a0\u00bb, se r\u00e9jouit David Archer au pied d&rsquo;une grue de forage qui, dans un bruit assourdissant, perfore la roche granitique des monts recul\u00e9s du nord du Portugal afin d&rsquo;en mesurer la teneur en lithium, devenu un \u00ab\u00a0or blanc\u00a0\u00bb depuis que la demande de batteries \u00e9lectriques explose.<\/p>\n<p>La soci\u00e9t\u00e9 mini\u00e8re britannique qu&rsquo;il dirige, Savannah Resources, esp\u00e8re ouvrir en 2020 \u00ab\u00a0la premi\u00e8re mine importante de lithium en Europe\u00a0\u00bb, d\u00e9clare-t-il \u00e0 l&rsquo;AFP sur les hauteurs de Boticas, dans la r\u00e9gion de Vila Real.<\/p>\n<p>Ses r\u00e9serves sont estim\u00e9es \u00e0 trente ans de production.<\/p>\n<p><strong>Le Portugal est peut-\u00eatre le premier producteur europ\u00e9en de lithium<\/strong>.<\/p>\n<p>La mine Barroso poss\u00e8de deux fois les r\u00e9serves de lithium estim\u00e9es. Les Britanniques veulent une licence pour construire une usine \u00e0 Vila Real.<\/p>\n<p>Savannah a annonc\u00e9 avoir revu l&rsquo;estimation des gisements de Mina do Barroso en hausse de 44%, \u00e0 20,1 millions de tonnes de minerai d&rsquo;une teneur en lithium de 1,04%.<\/p>\n<p>A 25 kilom\u00e8tres de l\u00e0, dans la commune voisine de Montalegre, la soci\u00e9t\u00e9 portugaise Lusorecursos pr\u00e9tend elle aussi \u00eatre assise sur \u00ab\u00a0le plus important gisement de lithium en Europe\u00a0\u00bb, soit 30 millions de tonnes de minerai d&rsquo;une teneur de 1,09% qu&rsquo;elle compte commencer \u00e0 extraire en 2020 \u00e9galement, selon son directeur financier Ricardo Pinheiro. <\/p>\n","protected":false},"excerpt":{"rendered":"<p>\u00ab\u00a0Plus on creuse, plus on en trouve\u00a0\u00bb, se r\u00e9jouit David Archer au pied d&rsquo;une grue de forage qui, dans un bruit assourdissant, perfore la roche granitique des monts recul\u00e9s du nord du Portugal afin d&rsquo;en mesurer la teneur en lithium, devenu un \u00ab\u00a0or blanc\u00a0\u00bb depuis que la demande de batteries \u00e9lectriques explose. La soci\u00e9t\u00e9 mini\u00e8re [&hellip;]<\/p>\n","protected":false},"author":1,"featured_media":3902,"comment_status":"open","ping_status":"closed","sticky":false,"template":"","format":"standard","meta":{"footnotes":""},"categories":[3],"tags":[884,885],"class_list":["post-3901","post","type-post","status-publish","format-standard","has-post-thumbnail","hentry","category-portugal","tag-lithium","tag-mine-de-lithium"],"aioseo_notices":[],"_links":{"self":[{"href":"https:\/\/www.culturalusa.com\/news\/wp-json\/wp\/v2\/posts\/3901","targetHints":{"allow":["GET"]}}],"collection":[{"href":"https:\/\/www.culturalusa.com\/news\/wp-json\/wp\/v2\/posts"}],"about":[{"href":"https:\/\/www.culturalusa.com\/news\/wp-json\/wp\/v2\/types\/post"}],"author":[{"embeddable":true,"href":"https:\/\/www.culturalusa.com\/news\/wp-json\/wp\/v2\/users\/1"}],"replies":[{"embeddable":true,"href":"https:\/\/www.culturalusa.com\/news\/wp-json\/wp\/v2\/comments?post=3901"}],"version-history":[{"count":0,"href":"https:\/\/www.culturalusa.com\/news\/wp-json\/wp\/v2\/posts\/3901\/revisions"}],"wp:featuredmedia":[{"embeddable":true,"href":"https:\/\/www.culturalusa.com\/news\/wp-json\/wp\/v2\/media\/3902"}],"wp:attachment":[{"href":"https:\/\/www.culturalusa.com\/news\/wp-json\/wp\/v2\/media?parent=3901"}],"wp:term":[{"taxonomy":"category","embeddable":true,"href":"https:\/\/www.culturalusa.com\/news\/wp-json\/wp\/v2\/categories?post=3901"},{"taxonomy":"post_tag","embeddable":true,"href":"https:\/\/www.culturalusa.com\/news\/wp-json\/wp\/v2\/tags?post=3901"}],"curies":[{"name":"wp","href":"https:\/\/api.w.org\/{rel}","templated":true}]}}