{"id":3907,"date":"2018-10-01T17:02:23","date_gmt":"2018-10-01T15:02:23","guid":{"rendered":"https:\/\/www.culturalusa.com\/news\/?p=3907"},"modified":"2020-09-25T00:07:23","modified_gmt":"2020-09-24T22:07:23","slug":"la-mort-daznavour-une-perte-enorme-pour-le-monde-entier","status":"publish","type":"post","link":"https:\/\/www.culturalusa.com\/news\/culture\/la-mort-daznavour-une-perte-enorme-pour-le-monde-entier\/","title":{"rendered":"La mort d&rsquo;Aznavour, une perte \u00e9norme pour le monde entier"},"content":{"rendered":"<p>video &#8211; La mort du chanteur et acteur Charles Aznavour, d\u00e9c\u00e9d\u00e9 lundi \u00e0 94 ans, est une \u00ab\u00a0perte \u00e9norme pour le monde entier\u00a0\u00bb, a d\u00e9clar\u00e9 le Premier ministre arm\u00e9nien Nikol Pachinian, rendant hommage \u00e0 \u00ab\u00a0un fils exceptionnel du peuple arm\u00e9nien\u00a0\u00bb.<\/p>\n<p>\u00ab\u00a0Il est difficile de croire qu&rsquo;une personne qui a cr\u00e9\u00e9 toute une \u00e9poque, qui a cr\u00e9\u00e9 toute une histoire, l&rsquo;amour, qui a servi son peuple, une personne qui a pendant 80 ans \u00e9merveill\u00e9 et r\u00e9chauff\u00e9 le coeur de dizaines, de centaines de millions de gens, n&rsquo;est plus avec nous aujourd&rsquo;hui\u00a0\u00bb, a indiqu\u00e9 M. Pachinian sur Facebook.<\/p>\n<p>\u00ab\u00a0C&rsquo;est une perte \u00e9norme pour le peuple arm\u00e9nien, pour le peuple fran\u00e7ais. C&rsquo;est une perte universelle\u00a0\u00bb, a poursuivi M. Pachinian.<\/p>\n<p>\u00ab\u00a0Il a cr\u00e9\u00e9 des valeurs universelles et ces valeurs accompagneront l&rsquo;humanit\u00e9 pendant encore des si\u00e8cles\u00a0\u00bb, a-t-il ajout\u00e9. \u00ab\u00a0C&rsquo;est une nouvelle tr\u00e8s triste pour notre pays et notre peuple\u00a0\u00bb.<\/p>\n<p>Monument de la culture fran\u00e7aise, Charles Aznavour \u00e9tait aussi l&rsquo;un des plus ardents porte-drapeaux de la diaspora arm\u00e9nienne, le pays de ses parents, avec lequel il a entretenu des liens \u00e9troits tout au long de sa vie.<br \/>\n<iframe loading=\"lazy\" width=\"100%\" height=\"350\" src=\"https:\/\/www.youtube.com\/embed\/HY5HYyHMTDQ?rel=0\" frameborder=\"0\" allow=\"autoplay; encrypted-media\" allowfullscreen><\/iframe><\/p>\n","protected":false},"excerpt":{"rendered":"<p>video &#8211; La mort du chanteur et acteur Charles Aznavour, d\u00e9c\u00e9d\u00e9 lundi \u00e0 94 ans, est une \u00ab\u00a0perte \u00e9norme pour le monde entier\u00a0\u00bb, a d\u00e9clar\u00e9 le Premier ministre arm\u00e9nien Nikol Pachinian, rendant hommage \u00e0 \u00ab\u00a0un fils exceptionnel du peuple arm\u00e9nien\u00a0\u00bb. \u00ab\u00a0Il est difficile de croire qu&rsquo;une personne qui a cr\u00e9\u00e9 toute une \u00e9poque, qui a [&hellip;]<\/p>\n","protected":false},"author":1,"featured_media":3908,"comment_status":"open","ping_status":"closed","sticky":false,"template":"","format":"standard","meta":{"footnotes":""},"categories":[4],"tags":[886],"class_list":["post-3907","post","type-post","status-publish","format-standard","has-post-thumbnail","hentry","category-culture","tag-charles-aznavour"],"aioseo_notices":[],"_links":{"self":[{"href":"https:\/\/www.culturalusa.com\/news\/wp-json\/wp\/v2\/posts\/3907","targetHints":{"allow":["GET"]}}],"collection":[{"href":"https:\/\/www.culturalusa.com\/news\/wp-json\/wp\/v2\/posts"}],"about":[{"href":"https:\/\/www.culturalusa.com\/news\/wp-json\/wp\/v2\/types\/post"}],"author":[{"embeddable":true,"href":"https:\/\/www.culturalusa.com\/news\/wp-json\/wp\/v2\/users\/1"}],"replies":[{"embeddable":true,"href":"https:\/\/www.culturalusa.com\/news\/wp-json\/wp\/v2\/comments?post=3907"}],"version-history":[{"count":0,"href":"https:\/\/www.culturalusa.com\/news\/wp-json\/wp\/v2\/posts\/3907\/revisions"}],"wp:featuredmedia":[{"embeddable":true,"href":"https:\/\/www.culturalusa.com\/news\/wp-json\/wp\/v2\/media\/3908"}],"wp:attachment":[{"href":"https:\/\/www.culturalusa.com\/news\/wp-json\/wp\/v2\/media?parent=3907"}],"wp:term":[{"taxonomy":"category","embeddable":true,"href":"https:\/\/www.culturalusa.com\/news\/wp-json\/wp\/v2\/categories?post=3907"},{"taxonomy":"post_tag","embeddable":true,"href":"https:\/\/www.culturalusa.com\/news\/wp-json\/wp\/v2\/tags?post=3907"}],"curies":[{"name":"wp","href":"https:\/\/api.w.org\/{rel}","templated":true}]}}