{"id":3912,"date":"2018-10-11T20:16:23","date_gmt":"2018-10-11T18:16:23","guid":{"rendered":"https:\/\/www.culturalusa.com\/news\/?p=3912"},"modified":"2020-10-20T17:41:31","modified_gmt":"2020-10-20T15:41:31","slug":"hebergement-web-ovh-revoit-son-organisation-commerciale-et-ferme-cinq-bureaux","status":"publish","type":"post","link":"https:\/\/www.culturalusa.com\/news\/actualite\/hebergement-web-ovh-revoit-son-organisation-commerciale-et-ferme-cinq-bureaux\/","title":{"rendered":"H\u00e9bergement Web: OVH revoit son organisation commerciale et ferme cinq bureaux"},"content":{"rendered":"<p>Le sp\u00e9cialiste europ\u00e9en de l&rsquo;h\u00e9bergement de sites internet et des services en ligne dans le +cloud+ OVH a annonc\u00e9 jeudi, dans un article de blog, son intention de fermer cinq bureaux en Europe et Afrique de l&rsquo;Ouest.<\/p>\n<p>Le groupe roubaisien va fermer ses bureaux en Lituanie, en Finlande, en Irlande, en R\u00e9publique Tch\u00e8que ainsi qu&rsquo;au S\u00e9n\u00e9gal, regrettant que ces \u00ab\u00a0cinq pays n&rsquo;aient pas atteint la taille critique en termes de nombre de clients.<\/p>\n<p>\u00ab\u00a0Une trentaine de personnes seraient concern\u00e9es par ces suppressions de postes\u00a0\u00bb, ajoute le groupe dans son article, sur pr\u00e8s de 2.200 salari\u00e9s, selon les derniers chiffres communiqu\u00e9s par OVH.<\/p>\n<p>Les activit\u00e9s commerciales assur\u00e9es jusqu&rsquo;ici par les bureaux ferm\u00e9s seront d\u00e9sormais g\u00e9r\u00e9es par les centres du groupe install\u00e9s \u00e0 Roubaix (Nord), Wroclaw (Pologne) et Montr\u00e9al (Canada).<\/p>\n<p>OVH, fond\u00e9e par Octave Klaba, est une des stars de l&rsquo;\u00e9conomie num\u00e9rique fran\u00e7aise.<\/p>\n<p>Non cot\u00e9e, elle ne publie pas ses r\u00e9sultats financiers, mais selon des informations de presse, elle a r\u00e9alis\u00e9 un chiffre d&rsquo;affaires de 400 millions d&rsquo;euros en 2017.<\/p>\n<p>OVH, partie de quelques serveurs lors de sa cr\u00e9ation en 1999, a connu ces derni\u00e8res ann\u00e9es une expansion acc\u00e9l\u00e9r\u00e9e, devenant une entreprise de taille europ\u00e9enne.<\/p>\n<p>Octave Klaba avait assur\u00e9 jusqu&rsquo;en 2015 la direction g\u00e9n\u00e9rale, avant ensuite confi\u00e9e pour deux ans \u00e0 Laurent Allard.<\/p>\n<p>Sous la houlette de ce dernier, l&rsquo;entreprise avait connu une phase de forte croissance \u00e0 l&rsquo;international et vers les march\u00e9s du \u00ab\u00a0cloud\u00a0\u00bb (informatique d\u00e9mat\u00e9rialis\u00e9e), avec notamment l&rsquo;acquisition aux Etats-Unis des centres de donn\u00e9es de la soci\u00e9t\u00e9 informatique vCloud Air. Au total, OVH a cr\u00e9\u00e9 douze centres de donn\u00e9es pendant cette p\u00e9riode, portant son r\u00e9seau mondial \u00e0 28 centres sur 12 sites.<\/p>\n<p>En mars 2017, Octave Klaba avait repris le poste de directeur g\u00e9n\u00e9ral. Mais fin ao\u00fbt 2018, il a annonc\u00e9 qu&rsquo;il c\u00e9dait de nouveau le poste \u00e0 Michel Paulin, l&rsquo;ancien directeur g\u00e9n\u00e9ral de SFR, se r\u00e9servant lui-m\u00eame la pr\u00e9sidence du conseil d&rsquo;administration.<\/p>\n<p>\u00ab\u00a0Le groupe n&rsquo;est qu&rsquo;au d\u00e9but de son expansion en dehors de l&rsquo;Europe et j&rsquo;apporterai toute mon exp\u00e9rience pour acc\u00e9l\u00e9rer notre d\u00e9veloppement\u00a0\u00bb, avait d\u00e9clar\u00e9 \u00e0 l&rsquo;\u00e9poque M. Klaba.<\/p>\n<p>\u00ab\u00a0En tant qu&rsquo;entrepreneur, je veux aussi contribuer \u00e0 la promotion de la culture, des valeurs et des m\u00e9thodes pour cr\u00e9er des entreprises collaboratives\u00a0\u00bb, avait-il pr\u00e9cis\u00e9.<\/p>\n","protected":false},"excerpt":{"rendered":"<p>Le sp\u00e9cialiste europ\u00e9en de l&rsquo;h\u00e9bergement de sites internet et des services en ligne dans le +cloud+ OVH a annonc\u00e9 jeudi, dans un article de blog, son intention de fermer cinq bureaux en Europe et Afrique de l&rsquo;Ouest. Le groupe roubaisien va fermer ses bureaux en Lituanie, en Finlande, en Irlande, en R\u00e9publique Tch\u00e8que ainsi qu&rsquo;au [&hellip;]<\/p>\n","protected":false},"author":1,"featured_media":3913,"comment_status":"open","ping_status":"closed","sticky":false,"template":"","format":"standard","meta":{"footnotes":""},"categories":[30],"tags":[888,887],"class_list":["post-3912","post","type-post","status-publish","format-standard","has-post-thumbnail","hentry","category-actualite","tag-data-center","tag-ovh"],"aioseo_notices":[],"_links":{"self":[{"href":"https:\/\/www.culturalusa.com\/news\/wp-json\/wp\/v2\/posts\/3912","targetHints":{"allow":["GET"]}}],"collection":[{"href":"https:\/\/www.culturalusa.com\/news\/wp-json\/wp\/v2\/posts"}],"about":[{"href":"https:\/\/www.culturalusa.com\/news\/wp-json\/wp\/v2\/types\/post"}],"author":[{"embeddable":true,"href":"https:\/\/www.culturalusa.com\/news\/wp-json\/wp\/v2\/users\/1"}],"replies":[{"embeddable":true,"href":"https:\/\/www.culturalusa.com\/news\/wp-json\/wp\/v2\/comments?post=3912"}],"version-history":[{"count":0,"href":"https:\/\/www.culturalusa.com\/news\/wp-json\/wp\/v2\/posts\/3912\/revisions"}],"wp:featuredmedia":[{"embeddable":true,"href":"https:\/\/www.culturalusa.com\/news\/wp-json\/wp\/v2\/media\/3913"}],"wp:attachment":[{"href":"https:\/\/www.culturalusa.com\/news\/wp-json\/wp\/v2\/media?parent=3912"}],"wp:term":[{"taxonomy":"category","embeddable":true,"href":"https:\/\/www.culturalusa.com\/news\/wp-json\/wp\/v2\/categories?post=3912"},{"taxonomy":"post_tag","embeddable":true,"href":"https:\/\/www.culturalusa.com\/news\/wp-json\/wp\/v2\/tags?post=3912"}],"curies":[{"name":"wp","href":"https:\/\/api.w.org\/{rel}","templated":true}]}}