{"id":3935,"date":"2018-10-14T18:50:18","date_gmt":"2018-10-14T16:50:18","guid":{"rendered":"https:\/\/www.culturalusa.com\/news\/?p=3935"},"modified":"2020-09-25T00:06:39","modified_gmt":"2020-09-24T22:06:39","slug":"tf1-a-achete-la-serie-espagnole-du-createur-de-la-casa-de-papel","status":"publish","type":"post","link":"https:\/\/www.culturalusa.com\/news\/culture\/tf1-a-achete-la-serie-espagnole-du-createur-de-la-casa-de-papel\/","title":{"rendered":"TF1 a achet\u00e9 la s\u00e9rie espagnole du cr\u00e9ateur de \u00ab\u00a0La Casa de papel\u00a0\u00bb"},"content":{"rendered":"<p>TF1 a achet\u00e9 la s\u00e9rie espagnole \u00ab\u00a0The Pier\u00a0\u00bb, nouvelle cr\u00e9ation de l&rsquo;auteur de \u00ab\u00a0La Casa de papel\u00a0\u00bb, plus gros succ\u00e8s international de Netflix, selon un communiqu\u00e9 diffus\u00e9 dimanche \u00e0 la veille de l&rsquo;ouverture du march\u00e9 international des programmes Mipcom.<\/p>\n<p>Thriller romantique tourn\u00e9 \u00e0 Valence et dans le parc national d&rsquo;Albufera, \u00ab\u00a0The Pier\u00a0\u00bb (\u00ab\u00a0La Jet\u00e9e\u00a0\u00bb en fran\u00e7ais) raconte l&rsquo;histoire d&rsquo;une femme qui enqu\u00eate sur le suicide de son mari et d\u00e9couvre qu&rsquo;il menait une double vie, d\u00e9taille le communiqu\u00e9 du groupe allemand Beta Film, distributeur de la s\u00e9rie.<\/p>\n<p>La s\u00e9rie compte deux saisons de huit \u00e9pisodes qui seront diffus\u00e9s sur la Une.<\/p>\n<p>Cr\u00e9ation originale de la cha\u00eene espagnole Movistar, la s\u00e9rie a \u00e9t\u00e9 con\u00e7ue par le duo Alex Pina, cr\u00e9ateur de \u00ab\u00a0La Casa de papel\u00a0\u00bb, et Esther Mart\u00ednez Lobato, qui a \u00e9crit et produit avec lui plusieurs \u00e9pisodes de cette fiction espagnole qui est le plus grand succ\u00e8s d&rsquo;une s\u00e9rie non-anglophone sur Netflix.<br \/>\n<iframe loading=\"lazy\" width=\"100%\" height=\"350\" src=\"https:\/\/www.youtube.com\/embed\/Z9n9OI9ABp8\" frameborder=\"0\" allow=\"autoplay; encrypted-media\" allowfullscreen><\/iframe><br \/>\n\u00ab\u00a0The Pier\u00a0\u00bb et le travail d&rsquo;Alex Pina r\u00e9pondent \u00e0 nos exigences. Apr\u00e8s les excellentes performances de &lsquo;Good Doctor&rsquo; (TF1) et de \u00ab\u00a0La servante \u00e9carlate\u00a0\u00bb (TF1 S\u00e9ries Films) sur nos cha\u00eenes cette ann\u00e9e, nous sommes s\u00fbrs que The Pier nous apportera un nouveau succ\u00e8s\u00a0\u00bb, commente dans le communiqu\u00e9 Fabrice Bailly, directeur des programmes et des acquisitions du groupe TF1.<\/p>\n<p>\u00ab\u00a0The Pier\u00a0\u00bb suscite d\u00e9j\u00e0 un grand int\u00e9r\u00eat \u00e0 l&rsquo;international. Nous pensons que bien qu&rsquo;elle ait \u00e9t\u00e9 con\u00e7ue pour une plate-forme, The Pier a le potentiel pour captiver et fasciner le public f\u00e9minin traditionnel des prime time des grandes cha\u00eenes europ\u00e9ennes et internationales, un cr\u00e9neau g\u00e9n\u00e9ralement occup\u00e9 par de co\u00fbteuses productions locales\u00a0\u00bb, a estim\u00e9 de son c\u00f4t\u00e9 Christian Gockel, responsable des op\u00e9rations internationales chez Beta Film.<\/p>\n<p>\u00ab\u00a0The Pier\u00a0\u00bb sera pr\u00e9sent\u00e9e en avant-premi\u00e8re au Mipcom de Cannes mardi, en pr\u00e9sence des acteurs et cr\u00e9ateurs. (AFP)<\/p>\n","protected":false},"excerpt":{"rendered":"<p>TF1 a achet\u00e9 la s\u00e9rie espagnole \u00ab\u00a0The Pier\u00a0\u00bb, nouvelle cr\u00e9ation de l&rsquo;auteur de \u00ab\u00a0La Casa de papel\u00a0\u00bb, plus gros succ\u00e8s international de Netflix, selon un communiqu\u00e9 diffus\u00e9 dimanche \u00e0 la veille de l&rsquo;ouverture du march\u00e9 international des programmes Mipcom. Thriller romantique tourn\u00e9 \u00e0 Valence et dans le parc national d&rsquo;Albufera, \u00ab\u00a0The Pier\u00a0\u00bb (\u00ab\u00a0La Jet\u00e9e\u00a0\u00bb en [&hellip;]<\/p>\n","protected":false},"author":1,"featured_media":3936,"comment_status":"open","ping_status":"closed","sticky":false,"template":"","format":"standard","meta":{"footnotes":""},"categories":[4],"tags":[891,890],"class_list":["post-3935","post","type-post","status-publish","format-standard","has-post-thumbnail","hentry","category-culture","tag-la-casa-de-papel","tag-the-pier"],"aioseo_notices":[],"_links":{"self":[{"href":"https:\/\/www.culturalusa.com\/news\/wp-json\/wp\/v2\/posts\/3935","targetHints":{"allow":["GET"]}}],"collection":[{"href":"https:\/\/www.culturalusa.com\/news\/wp-json\/wp\/v2\/posts"}],"about":[{"href":"https:\/\/www.culturalusa.com\/news\/wp-json\/wp\/v2\/types\/post"}],"author":[{"embeddable":true,"href":"https:\/\/www.culturalusa.com\/news\/wp-json\/wp\/v2\/users\/1"}],"replies":[{"embeddable":true,"href":"https:\/\/www.culturalusa.com\/news\/wp-json\/wp\/v2\/comments?post=3935"}],"version-history":[{"count":0,"href":"https:\/\/www.culturalusa.com\/news\/wp-json\/wp\/v2\/posts\/3935\/revisions"}],"wp:featuredmedia":[{"embeddable":true,"href":"https:\/\/www.culturalusa.com\/news\/wp-json\/wp\/v2\/media\/3936"}],"wp:attachment":[{"href":"https:\/\/www.culturalusa.com\/news\/wp-json\/wp\/v2\/media?parent=3935"}],"wp:term":[{"taxonomy":"category","embeddable":true,"href":"https:\/\/www.culturalusa.com\/news\/wp-json\/wp\/v2\/categories?post=3935"},{"taxonomy":"post_tag","embeddable":true,"href":"https:\/\/www.culturalusa.com\/news\/wp-json\/wp\/v2\/tags?post=3935"}],"curies":[{"name":"wp","href":"https:\/\/api.w.org\/{rel}","templated":true}]}}