{"id":3939,"date":"2018-10-17T18:03:43","date_gmt":"2018-10-17T16:03:43","guid":{"rendered":"https:\/\/www.culturalusa.com\/news\/?p=3939"},"modified":"2020-12-17T19:22:52","modified_gmt":"2020-12-17T18:22:52","slug":"brexit-theresa-may-sur-le-gril-face-aux-27-pour-sortir-de-limpasse","status":"publish","type":"post","link":"https:\/\/www.culturalusa.com\/news\/economie\/brexit-theresa-may-sur-le-gril-face-aux-27-pour-sortir-de-limpasse\/","title":{"rendered":"Brexit: Theresa May sur le gril face aux 27 pour sortir de l&rsquo;impasse"},"content":{"rendered":"<p>L&rsquo;UE croit toujours \u00e0 la possibilit\u00e9 d&rsquo;un \u00ab\u00a0bon accord\u00a0\u00bb sur le Brexit et attend de pied ferme Theresa May, pr\u00eate \u00e0 aider la Britannique si elle pr\u00e9sente des propositions \u00ab\u00a0cr\u00e9atives\u00a0\u00bb pour sortir de l&rsquo;impasse.<\/p>\n<p>Afin de d\u00e9bloquer les n\u00e9gociations actuellement dans l&rsquo;impasse, l&rsquo;une des options serait d&rsquo;accepter de prolonger d&rsquo;un an, soit jusqu&rsquo;au 31 d\u00e9cembre 2021, la p\u00e9riode de transition, ont indiqu\u00e9 deux sources diplomatiques \u00e0 l&rsquo;AFP.<\/p>\n<p>A quelques heures du sommet, la chanceli\u00e8re allemande Angela Merkel a affirm\u00e9 que \u00ab\u00a0les chances pour arriver \u00e0 un accord de sortie \u00e0 la fois bon et viable sont toujours l\u00e0\u00a0\u00bb.<\/p>\n<p>L&rsquo;id\u00e9e d&rsquo;une prolongation de la p\u00e9riode de transition &#8211;sur laquelle les services de M. Barnier ont refus\u00e9 tout commentaire, permettrait de donner plus de temps pour tenter de r\u00e9soudre la question de la fronti\u00e8re entre l&rsquo;Irlande et la province britannique d&rsquo;Irlande du Nord, principale pierre d&rsquo;achoppement des discussions.<\/p>\n<p>\u00ab\u00a0Ce que Michel Barnier a indiqu\u00e9 tr\u00e8s clairement, c&rsquo;est que la partie europ\u00e9enne est pr\u00eate \u00e0 donner plus de temps durant la p\u00e9riode de transition pour trouver une solution alternative\u00a0\u00bb \u00e0 celle qui est actuellement sur la table, a comment\u00e9 sur la BBC le ministre irlandais des Affaires \u00e9trang\u00e8res Simon Coveney.<\/p>\n<p>Pas de solution miracle<\/p>\n<p>\u00ab\u00a0Ce n&rsquo;est pas une solution en tant que telle. \u00c7a ne va pas r\u00e9soudre miraculeusement le probl\u00e8me\u00a0\u00bb de la fronti\u00e8re, a cependant nuanc\u00e9 un autre diplomate europ\u00e9en. \u00ab\u00a0Il a simplement dit que dans les diff\u00e9rentes hypoth\u00e8ses, celle-l\u00e0 a \u00e9t\u00e9 avanc\u00e9e.\u00a0\u00bb<\/p>\n<p>Pour un autre de ses coll\u00e8gues, toujours sous couvert d&rsquo;anonymat, cette proposition \u00ab\u00a0n&rsquo;est pas vraiment sur la table des deux n\u00e9gociateurs\u00a0\u00bb. Elle pose en outre un probl\u00e8me politique pour le Royaume-Uni qui devra respecter les r\u00e8gles de l&rsquo;UE alors qu&rsquo;il n&rsquo;aura plus voix au chapitre.<\/p>\n<p>Theresa May est attendue en fin d&rsquo;apr\u00e8s-midi \u00e0 Bruxelles pour une intervention devant les dirigeants de l&rsquo;Union europ\u00e9enne, avant que ces derniers ne se retrouvent entre eux pour un d\u00eener \u00e0 27.<\/p>\n<p>Ce sommet \u00e9tait initialement pr\u00e9sent\u00e9 comme un \u00ab\u00a0moment de v\u00e9rit\u00e9\u00a0\u00bb \u00e0 moins de six mois du d\u00e9part du Royaume-Uni, pr\u00e9vu le 29 mars 2019.<\/p>\n<p>Mais les derni\u00e8res discussions entre l&rsquo;UE et Londres sont rest\u00e9es vaines, butant principalement sur la solution qui permettrait d&rsquo;\u00e9viter le retour d&rsquo;une fronti\u00e8re physique entre l&rsquo;Irlande et l&rsquo;Irlande du Nord, afin de sauvegarder les Accords de paix de 1998.<\/p>\n<p>Selon Mme May, qui intervenait mercredi matin devant le Parlement britannique, \u00ab\u00a0la finalit\u00e9 du +filet de s\u00e9curit\u00e9+ (sur l&rsquo;Irlande) est de combler l&rsquo;\u00e9cart entre la fin de la p\u00e9riode de transition et la mise en place de la relation future\u00a0\u00bb.<\/p>\n<p>Le Royaume-Uni propose de rester align\u00e9 sur les r\u00e8gles douani\u00e8res de l&rsquo;Union jusqu&rsquo;\u00e0 la signature d&rsquo;un accord de libre-\u00e9change plus large, afin d&rsquo;\u00e9viter le contr\u00f4le de marchandises aux fronti\u00e8res.<\/p>\n<p>Prolonger la p\u00e9riode de transition permettrait de gagner du temps pour n\u00e9gocier cet accord commercial et affiner le dispositif du \u00ab\u00a0filet de s\u00e9curit\u00e9\u00a0\u00bb sur la fronti\u00e8re irlandaise, afin de le faire accepter par tous les protagonistes.<\/p>\n<p>Pour un haut fonctionnaire europ\u00e9en, cette option \u00ab\u00a0n&rsquo;a de sens\u00a0\u00bb que si les Britanniques acceptent les conditions propos\u00e9es par l&rsquo;UE sur un maintien de l&rsquo;Irlande du Nord dans l&rsquo;union douani\u00e8re.<\/p>\n<p>Mme May de son c\u00f4t\u00e9 r\u00e9p\u00e9t\u00e9 \u00e0 Londres que son pays n&rsquo;accepterait \u00ab\u00a0aucune proposition qui aurait pour effet de disloquer le Royaume-Uni\u00a0\u00bb.<\/p>\n<p>Menace d&rsquo;un \u00ab\u00a0no deal\u00a0\u00bb<\/p>\n<p> Pour l&rsquo;UE, la nouvelle impulsion doit venir de Theresa May.<\/p>\n<p>Le pr\u00e9sident du Conseil europ\u00e9en Donald Tusk avait indiqu\u00e9 mardi qu&rsquo;il demanderait \u00e0 la dirigeantes britannique des propositions \u00ab\u00a0concr\u00e8tes\u00a0\u00bb et \u00ab\u00a0cr\u00e9atives\u00a0\u00bb pour sortir de l&rsquo;impasse.<\/p>\n<p>\u00ab\u00a0Nous avons besoin de quelque chose de frais\u00a0\u00bb, \u00ab\u00a0une nouvelle m\u00e9thode de penser\u00a0\u00bb, avait lanc\u00e9 le responsable polonais qui doit rencontrer Mme May \u00e0 17H45 (15H45 GMT). Cette derni\u00e8re a \u00e9galement rendez-vous avec le pr\u00e9sident de la Commission europ\u00e9enne Jean-Claude Juncker.<\/p>\n<p>Mme May \u00ab\u00a0est impatiente d&rsquo;avoir une discussion en face \u00e0 face avec (Donald Tusk) \u00e0 Bruxelles\u00a0\u00bb, mais elle a d\u00e9j\u00e0 \u00ab\u00a0fait conna\u00eetre sa position\u00a0\u00bb, avait r\u00e9pondu mardi le porte-parole de la dirigeante britannique.<\/p>\n<p>Mise sous pression par une opposition \u00e0 l&rsquo;int\u00e9rieur m\u00eame de son parti, Mme May dispose d&rsquo;une marge de manoeuvre tr\u00e8s r\u00e9duite.<\/p>\n<p>Dans son invitation aux chefs d&rsquo;Etat et de gouvernement publi\u00e9e lundi soir, Donald Tusk a estim\u00e9 le sc\u00e9nario d&rsquo;une absence d&rsquo;accord \u00ab\u00a0plus probable que jamais\u00a0\u00bb. Il appelait \u00e0 acc\u00e9l\u00e9rer les pr\u00e9paratifs pour faire face \u00e0 cette \u00e9ventualit\u00e9, sans se laisser distraire dans les efforts pour obtenir un accord.<\/p>\n<p>\u00ab\u00a0Il faut plus de temps pour trouver un accord global (&#8230;) Nous allons prendre ce temps calmement, s\u00e9rieusement, pour trouver cet accord global dans les prochaines semaines\u00a0\u00bb, avait pour sa part expliqu\u00e9 Michel Barnier mardi.<\/p>\n<p>Au moment m\u00eame o\u00f9 les 28 chefs d&rsquo;Etat et de gouvernement sont en passe de se retrouver \u00e0 Bruxelles, des centaines de policiers se sont d\u00e9clar\u00e9s malades pour exprimer leur ras-le-bol sur leurs conditions de travail.<\/p>\n","protected":false},"excerpt":{"rendered":"<p>L&rsquo;UE croit toujours \u00e0 la possibilit\u00e9 d&rsquo;un \u00ab\u00a0bon accord\u00a0\u00bb sur le Brexit et attend de pied ferme Theresa May, pr\u00eate \u00e0 aider la Britannique si elle pr\u00e9sente des propositions \u00ab\u00a0cr\u00e9atives\u00a0\u00bb pour sortir de l&rsquo;impasse. Afin de d\u00e9bloquer les n\u00e9gociations actuellement dans l&rsquo;impasse, l&rsquo;une des options serait d&rsquo;accepter de prolonger d&rsquo;un an, soit jusqu&rsquo;au 31 d\u00e9cembre [&hellip;]<\/p>\n","protected":false},"author":1,"featured_media":5861,"comment_status":"open","ping_status":"closed","sticky":false,"template":"","format":"standard","meta":{"footnotes":""},"categories":[1],"tags":[514,453,940],"class_list":["post-3939","post","type-post","status-publish","format-standard","has-post-thumbnail","hentry","category-economie","tag-brexit","tag-royaume-uni","tag-theresa-may"],"aioseo_notices":[],"_links":{"self":[{"href":"https:\/\/www.culturalusa.com\/news\/wp-json\/wp\/v2\/posts\/3939","targetHints":{"allow":["GET"]}}],"collection":[{"href":"https:\/\/www.culturalusa.com\/news\/wp-json\/wp\/v2\/posts"}],"about":[{"href":"https:\/\/www.culturalusa.com\/news\/wp-json\/wp\/v2\/types\/post"}],"author":[{"embeddable":true,"href":"https:\/\/www.culturalusa.com\/news\/wp-json\/wp\/v2\/users\/1"}],"replies":[{"embeddable":true,"href":"https:\/\/www.culturalusa.com\/news\/wp-json\/wp\/v2\/comments?post=3939"}],"version-history":[{"count":0,"href":"https:\/\/www.culturalusa.com\/news\/wp-json\/wp\/v2\/posts\/3939\/revisions"}],"wp:featuredmedia":[{"embeddable":true,"href":"https:\/\/www.culturalusa.com\/news\/wp-json\/wp\/v2\/media\/5861"}],"wp:attachment":[{"href":"https:\/\/www.culturalusa.com\/news\/wp-json\/wp\/v2\/media?parent=3939"}],"wp:term":[{"taxonomy":"category","embeddable":true,"href":"https:\/\/www.culturalusa.com\/news\/wp-json\/wp\/v2\/categories?post=3939"},{"taxonomy":"post_tag","embeddable":true,"href":"https:\/\/www.culturalusa.com\/news\/wp-json\/wp\/v2\/tags?post=3939"}],"curies":[{"name":"wp","href":"https:\/\/api.w.org\/{rel}","templated":true}]}}