{"id":3942,"date":"2018-10-17T18:22:14","date_gmt":"2018-10-17T16:22:14","guid":{"rendered":"https:\/\/www.culturalusa.com\/news\/?p=3942"},"modified":"2020-11-04T14:19:37","modified_gmt":"2020-11-04T13:19:37","slug":"le-portugal-est-optimiste-avec-son-budget-2019-presque-a-lequilibre","status":"publish","type":"post","link":"https:\/\/www.culturalusa.com\/news\/portugal\/le-portugal-est-optimiste-avec-son-budget-2019-presque-a-lequilibre\/","title":{"rendered":"Le Portugal est optimiste avec son budget 2019 presque \u00e0 l&rsquo;\u00e9quilibre"},"content":{"rendered":"<p>Le Portugal souhaite la voie de l&rsquo;\u00e9quilibre de ses finances publiques, faisant figure de bon \u00e9l\u00e8ve en Europe pour la r\u00e9duction de son d\u00e9ficit budg\u00e9taire.<\/p>\n<p>Les finances publiques visent un d\u00e9ficit public \u00e0 0,2% du PIB en 2019! \u00ab\u00a0Un moment historique\u00a0\u00bb pour un pays qui n&rsquo;a pas affich\u00e9 un tel r\u00e9sultat \u00ab\u00a0depuis 40 ans\u00a0\u00bb, selon Mario Centeno (ministre portugais des finances). <\/p>\n<p>Le gouvernement socialiste portugais, soutenu par la gauche radicale, a pr\u00e9sent\u00e9 ce mardi un projet de budget pour 2019 qui met le cap sur l&rsquo;\u00e9quilibre des comptes publics et augmente le pouvoir d&rsquo;achat des m\u00e9nages, des fonctionnaires et des retrait\u00e9s \u00e0 un an des \u00e9lections l\u00e9gislatives.<\/p>\n<p>Le projet de budget vise un d\u00e9ficit public \u00e0 0,2% du PIB l&rsquo;an prochain, contre 0,7% cette ann\u00e9e, ce qui repr\u00e9sente \u00ab\u00a0un moment historique\u00a0\u00bb pour un pays qui n&rsquo;a pas affich\u00e9 un tel r\u00e9sultat \u00ab\u00a0depuis 40 ans\u00a0\u00bb, s&rsquo;est f\u00e9licit\u00e9 le ministre des Finances Mario Centeno.<\/p>\n<p>L&#8217;embellie \u00e9conomique renfloue les finances publiques<\/p>\n<p>A son arriv\u00e9e au pouvoir en 2015, l&rsquo;ex\u00e9cutif de gauche avait pris le risque d&rsquo;aller \u00e0 rebours de l&rsquo;orthodoxie budg\u00e9taire en vigueur en Europe, en d\u00e9cidant de \u00ab\u00a0tourner la page\u00a0\u00bb de la politique d&rsquo;aust\u00e9rit\u00e9 mise en oeuvre par la droite quand le pays, durement frapp\u00e9 par la crise de la dette en 2011, s&rsquo;est retrouv\u00e9 sous la tutelle de ses cr\u00e9anciers.<\/p>\n<p>Pari r\u00e9ussi: l&#8217;embellie \u00e9conomique lui a permis \u00e0 la fois de poursuivre l&rsquo;assainissement des finances publiques et de soulager une population \u00e9reint\u00e9e par des ann\u00e9es de cure budg\u00e9taire.<\/p>\n<p>Seule ombre au tableau, la dette publique reste importante m\u00eame si elle devrait diminuer l\u00e9g\u00e8rement \u00e0 118,5% du PIB. Elle restait au premier trimestre 2018 la troisi\u00e8me la plus \u00e9lev\u00e9e de l&rsquo;Union europ\u00e9enne, derri\u00e8re la Gr\u00e8ce et l&rsquo;Italie et loin devant celle de la France, qui reste juste en dessous des 100%.<\/p>\n","protected":false},"excerpt":{"rendered":"<p>Le Portugal souhaite la voie de l&rsquo;\u00e9quilibre de ses finances publiques, faisant figure de bon \u00e9l\u00e8ve en Europe pour la r\u00e9duction de son d\u00e9ficit budg\u00e9taire. Les finances publiques visent un d\u00e9ficit public \u00e0 0,2% du PIB en 2019! \u00ab\u00a0Un moment historique\u00a0\u00bb pour un pays qui n&rsquo;a pas affich\u00e9 un tel r\u00e9sultat \u00ab\u00a0depuis 40 ans\u00a0\u00bb, selon [&hellip;]<\/p>\n","protected":false},"author":1,"featured_media":3944,"comment_status":"open","ping_status":"closed","sticky":false,"template":"","format":"standard","meta":{"footnotes":""},"categories":[3],"tags":[892],"class_list":["post-3942","post","type-post","status-publish","format-standard","has-post-thumbnail","hentry","category-portugal","tag-budget-portugal-2019"],"aioseo_notices":[],"_links":{"self":[{"href":"https:\/\/www.culturalusa.com\/news\/wp-json\/wp\/v2\/posts\/3942","targetHints":{"allow":["GET"]}}],"collection":[{"href":"https:\/\/www.culturalusa.com\/news\/wp-json\/wp\/v2\/posts"}],"about":[{"href":"https:\/\/www.culturalusa.com\/news\/wp-json\/wp\/v2\/types\/post"}],"author":[{"embeddable":true,"href":"https:\/\/www.culturalusa.com\/news\/wp-json\/wp\/v2\/users\/1"}],"replies":[{"embeddable":true,"href":"https:\/\/www.culturalusa.com\/news\/wp-json\/wp\/v2\/comments?post=3942"}],"version-history":[{"count":0,"href":"https:\/\/www.culturalusa.com\/news\/wp-json\/wp\/v2\/posts\/3942\/revisions"}],"wp:featuredmedia":[{"embeddable":true,"href":"https:\/\/www.culturalusa.com\/news\/wp-json\/wp\/v2\/media\/3944"}],"wp:attachment":[{"href":"https:\/\/www.culturalusa.com\/news\/wp-json\/wp\/v2\/media?parent=3942"}],"wp:term":[{"taxonomy":"category","embeddable":true,"href":"https:\/\/www.culturalusa.com\/news\/wp-json\/wp\/v2\/categories?post=3942"},{"taxonomy":"post_tag","embeddable":true,"href":"https:\/\/www.culturalusa.com\/news\/wp-json\/wp\/v2\/tags?post=3942"}],"curies":[{"name":"wp","href":"https:\/\/api.w.org\/{rel}","templated":true}]}}