{"id":3972,"date":"2018-11-02T14:46:12","date_gmt":"2018-11-02T13:46:12","guid":{"rendered":"https:\/\/www.culturalusa.com\/news\/?p=3972"},"modified":"2020-09-26T18:46:34","modified_gmt":"2020-09-26T16:46:34","slug":"lallemagne-a-transmis-a-la-france-une-liste-dexiles-fiscaux-panama-papers","status":"publish","type":"post","link":"https:\/\/www.culturalusa.com\/news\/monde\/lallemagne-a-transmis-a-la-france-une-liste-dexiles-fiscaux-panama-papers\/","title":{"rendered":"L&rsquo;Allemagne a transmis \u00e0 la France une liste d&rsquo;exil\u00e9s fiscaux (Panama Papers)"},"content":{"rendered":"<p>La police judiciaire f\u00e9d\u00e9rale allemande (BKA) a transmis \u00e0 la France une liste de \u00ab\u00a0plus de mille Fran\u00e7ais\u00a0\u00bb exil\u00e9s fiscaux dans le cadre du scandale des \u00ab\u00a0Panama Papers\u00a0\u00bb, a appris l&rsquo;AFP aupr\u00e8s de l&rsquo;autorit\u00e9 allemande.<\/p>\n<p>En possession de fichiers \u00e0 l&rsquo;origine de cette affaire tentaculaire de fraude fiscale impliquant des ressortissants de diverses nationalit\u00e9s, le BKA a transmis en septembre \u00ab\u00a0un ensemble de donn\u00e9es\u00a0\u00bb aux autorit\u00e9s fran\u00e7aises de police (OCLCIFF)\u00a0\u00bb comprenant \u00ab\u00a0une liste des noms de plus de mille Fran\u00e7ais\u00a0\u00bb, a indiqu\u00e9 vendredi un de ses porte-parole, confirmant des informations d\u00e9voil\u00e9es la veille par la radio Europe 1.<\/p>\n<p>Compte tenu de l&rsquo;envergure internationale de l&rsquo;affaire et pour favoriser la coop\u00e9ration entre autorit\u00e9s de justice de divers pays, le BKA a organis\u00e9 le 20 septembre une conf\u00e9rence internationale au cours de laquelle des \u00ab\u00a0paquets de donn\u00e9es ont \u00e9t\u00e9 remis \u00e0 des pays \u00e9trangers\u00a0\u00bb, a-t-il pr\u00e9cis\u00e9.<\/p>\n<p>Reste \u00e0 savoir ce que les autorit\u00e9s fran\u00e7aises vont faire de ce nouveau flux d&rsquo;informations.<\/p>\n<p>Depuis que l&rsquo;affaire a \u00e9clat\u00e9 en avril 2016, le parquet national financier (PNF) a d\u00e9marr\u00e9 des enqu\u00eates p\u00e9nales visant \u00ab\u00a026 cibles fran\u00e7aises\u00a0\u00bb soup\u00e7onn\u00e9es de fraude fiscale, avait-il indiqu\u00e9 un an apr\u00e8s.<\/p>\n<p>La mise au jour par la presse internationale du scandale des \u00ab\u00a0Panama papers\u00a0\u00bb, vaste syst\u00e8me d&rsquo;\u00e9vasion fiscale orchestr\u00e9 par le discret cabinet d&rsquo;avocats panam\u00e9ens Mossack Fonseca, mobilise depuis deux ans et demi les justices de plusieurs pays.<\/p>\n<p>L&rsquo;enqu\u00eate, r\u00e9alis\u00e9e par une centaine de journaux, a r\u00e9v\u00e9l\u00e9 la pr\u00e9sence dans des paradis fiscaux d&rsquo;avoirs d\u00e9tenus notamment par 140 responsables politiques, stars du football ou milliardaires, suscitant une onde de choc mondiale.<\/p>\n","protected":false},"excerpt":{"rendered":"<p>La police judiciaire f\u00e9d\u00e9rale allemande (BKA) a transmis \u00e0 la France une liste de \u00ab\u00a0plus de mille Fran\u00e7ais\u00a0\u00bb exil\u00e9s fiscaux dans le cadre du scandale des \u00ab\u00a0Panama Papers\u00a0\u00bb, a appris l&rsquo;AFP aupr\u00e8s de l&rsquo;autorit\u00e9 allemande. En possession de fichiers \u00e0 l&rsquo;origine de cette affaire tentaculaire de fraude fiscale impliquant des ressortissants de diverses nationalit\u00e9s, le [&hellip;]<\/p>\n","protected":false},"author":1,"featured_media":3974,"comment_status":"open","ping_status":"closed","sticky":false,"template":"","format":"standard","meta":{"footnotes":""},"categories":[1372],"tags":[615,483],"class_list":["post-3972","post","type-post","status-publish","format-standard","has-post-thumbnail","hentry","category-monde","tag-allemagne","tag-panama-papers"],"aioseo_notices":[],"_links":{"self":[{"href":"https:\/\/www.culturalusa.com\/news\/wp-json\/wp\/v2\/posts\/3972","targetHints":{"allow":["GET"]}}],"collection":[{"href":"https:\/\/www.culturalusa.com\/news\/wp-json\/wp\/v2\/posts"}],"about":[{"href":"https:\/\/www.culturalusa.com\/news\/wp-json\/wp\/v2\/types\/post"}],"author":[{"embeddable":true,"href":"https:\/\/www.culturalusa.com\/news\/wp-json\/wp\/v2\/users\/1"}],"replies":[{"embeddable":true,"href":"https:\/\/www.culturalusa.com\/news\/wp-json\/wp\/v2\/comments?post=3972"}],"version-history":[{"count":0,"href":"https:\/\/www.culturalusa.com\/news\/wp-json\/wp\/v2\/posts\/3972\/revisions"}],"wp:featuredmedia":[{"embeddable":true,"href":"https:\/\/www.culturalusa.com\/news\/wp-json\/wp\/v2\/media\/3974"}],"wp:attachment":[{"href":"https:\/\/www.culturalusa.com\/news\/wp-json\/wp\/v2\/media?parent=3972"}],"wp:term":[{"taxonomy":"category","embeddable":true,"href":"https:\/\/www.culturalusa.com\/news\/wp-json\/wp\/v2\/categories?post=3972"},{"taxonomy":"post_tag","embeddable":true,"href":"https:\/\/www.culturalusa.com\/news\/wp-json\/wp\/v2\/tags?post=3972"}],"curies":[{"name":"wp","href":"https:\/\/api.w.org\/{rel}","templated":true}]}}