{"id":3975,"date":"2018-11-02T14:50:47","date_gmt":"2018-11-02T13:50:47","guid":{"rendered":"https:\/\/www.culturalusa.com\/news\/?p=3975"},"modified":"2020-10-20T17:36:05","modified_gmt":"2020-10-20T15:36:05","slug":"catalogne-le-parquet-a-requis-jusqua-25-ans-de-prison-contre-les-independantistes","status":"publish","type":"post","link":"https:\/\/www.culturalusa.com\/news\/actualite\/catalogne-le-parquet-a-requis-jusqua-25-ans-de-prison-contre-les-independantistes\/","title":{"rendered":"Catalogne: Le parquet a requis jusqu&rsquo;\u00e0 25 ans de prison contre les ind\u00e9pendantistes"},"content":{"rendered":"<p>Le parquet a requis de sept \u00e0 vingt-cinq ans de prison \u00e0 l&rsquo;encontre de douze dirigeants ind\u00e9pendantistes catalans devant \u00eatre jug\u00e9s prochainement pour leur r\u00f4le dans la tentative de s\u00e9cession de la Catalogne en octobre 2017.<\/p>\n<p>La peine la plus \u00e9lev\u00e9e, 25 ans de prison et in\u00e9ligibilit\u00e9 pour \u00ab\u00a0r\u00e9bellion\u00a0\u00bb et \u00ab\u00a0d\u00e9tournement de fonds publics\u00a0\u00bb, a \u00e9t\u00e9 requise contre l&rsquo;ancien vice-pr\u00e9sident de la r\u00e9gion, l&rsquo;ind\u00e9pendantiste de gauche Oriol Junqueras, un an exactement apr\u00e8s son incarc\u00e9ration.<\/p>\n<p>Des peines de 17 ans ont \u00e9t\u00e9 par ailleurs requises contre l&rsquo;ancien pr\u00e9sidente du parlement r\u00e9gional catalan Carme Forcadell et contre les anciens pr\u00e9sidents de puissantes associations ind\u00e9pendantistes catalans Jordi Sanchez et Jordi Cuixart, tous les trois incarc\u00e9r\u00e9s comme Oriol Junqueras.<\/p>\n<p>Selon le minist\u00e8re public, \u00ab\u00a0le plan s\u00e9cessionniste (des dirigeants catalans) envisageait l&rsquo;utilisation de tous les moyens n\u00e9cessaires pour atteindre leur objectif, y compris &#8211; puisqu&rsquo;ils avaient la certitude que l&rsquo;Etat n&rsquo;allait pas accepter la situation &#8211; la violence n\u00e9cessaire pour s&rsquo;assurer du r\u00e9sultat criminel vis\u00e9\u00a0\u00bb.<\/p>\n<p>Les ind\u00e9pendantistes \u00ab\u00a0se pr\u00e9valaient de la force d&rsquo;intimidation repr\u00e9sent\u00e9e d&rsquo;une part, par l&rsquo;action tumultueuse d\u00e9ploy\u00e9e lors des grandes mobilisations citoyennes qu&rsquo;ils avaient initi\u00e9es, et d&rsquo;autre part, par le recours aux Mossos d&rsquo;Esquadra (police r\u00e9gionale) comme corps policier arm\u00e9 comptant 17.000 membres, qui auraient suivi exclusivement leurs instructions\u00a0\u00bb, poursuit le parquet.<\/p>\n<p>L&rsquo;usage de la violence pendant le processus ind\u00e9pendantiste en Catalogne est cependant contest\u00e9 en Espagne, bien au del\u00e0 du camp ind\u00e9pendantiste, par un large \u00e9ventail de t\u00e9moins ainsi que d&rsquo;\u00e9minents juristes.<\/p>\n<p>En droit espagnol, sont coupables de r\u00e9bellion ceux qui \u00ab\u00a0se soul\u00e8vent de mani\u00e8re violente et publiquement\u00a0\u00bb notamment pour \u00ab\u00a0d\u00e9roger \u00e0 la Constitution, la suspendre ou la modifier\u00a0\u00bb ou \u00ab\u00a0d\u00e9clarer l&rsquo;ind\u00e9pendance d&rsquo;une partie du territoire\u00a0\u00bb.<\/p>\n<p>Au del\u00e0 des ind\u00e9pendantistes poursuivis pour r\u00e9bellion ou d\u00e9tournement de fonds publics en raison des d\u00e9penses engag\u00e9es pour organiser le r\u00e9f\u00e9rendum interdit du 1er octobre, six autres seront seulement jug\u00e9s pour \u00ab\u00a0d\u00e9sob\u00e9issance grave\u00a0\u00bb et encourent une amende.<\/p>\n<p>La date du proc\u00e8s n&rsquo;a pas \u00e9t\u00e9 encore fix\u00e9e mais son ouverture est attendue d\u00e9but 2019. (AFP)<\/p>\n","protected":false},"excerpt":{"rendered":"<p>Le parquet a requis de sept \u00e0 vingt-cinq ans de prison \u00e0 l&rsquo;encontre de douze dirigeants ind\u00e9pendantistes catalans devant \u00eatre jug\u00e9s prochainement pour leur r\u00f4le dans la tentative de s\u00e9cession de la Catalogne en octobre 2017. La peine la plus \u00e9lev\u00e9e, 25 ans de prison et in\u00e9ligibilit\u00e9 pour \u00ab\u00a0r\u00e9bellion\u00a0\u00bb et \u00ab\u00a0d\u00e9tournement de fonds publics\u00a0\u00bb, a [&hellip;]<\/p>\n","protected":false},"author":1,"featured_media":3977,"comment_status":"open","ping_status":"closed","sticky":false,"template":"","format":"standard","meta":{"footnotes":""},"categories":[30],"tags":[345,899],"class_list":["post-3975","post","type-post","status-publish","format-standard","has-post-thumbnail","hentry","category-actualite","tag-catalogne","tag-independantistes-catalans"],"aioseo_notices":[],"_links":{"self":[{"href":"https:\/\/www.culturalusa.com\/news\/wp-json\/wp\/v2\/posts\/3975","targetHints":{"allow":["GET"]}}],"collection":[{"href":"https:\/\/www.culturalusa.com\/news\/wp-json\/wp\/v2\/posts"}],"about":[{"href":"https:\/\/www.culturalusa.com\/news\/wp-json\/wp\/v2\/types\/post"}],"author":[{"embeddable":true,"href":"https:\/\/www.culturalusa.com\/news\/wp-json\/wp\/v2\/users\/1"}],"replies":[{"embeddable":true,"href":"https:\/\/www.culturalusa.com\/news\/wp-json\/wp\/v2\/comments?post=3975"}],"version-history":[{"count":0,"href":"https:\/\/www.culturalusa.com\/news\/wp-json\/wp\/v2\/posts\/3975\/revisions"}],"wp:featuredmedia":[{"embeddable":true,"href":"https:\/\/www.culturalusa.com\/news\/wp-json\/wp\/v2\/media\/3977"}],"wp:attachment":[{"href":"https:\/\/www.culturalusa.com\/news\/wp-json\/wp\/v2\/media?parent=3975"}],"wp:term":[{"taxonomy":"category","embeddable":true,"href":"https:\/\/www.culturalusa.com\/news\/wp-json\/wp\/v2\/categories?post=3975"},{"taxonomy":"post_tag","embeddable":true,"href":"https:\/\/www.culturalusa.com\/news\/wp-json\/wp\/v2\/tags?post=3975"}],"curies":[{"name":"wp","href":"https:\/\/api.w.org\/{rel}","templated":true}]}}