{"id":4005,"date":"2018-11-17T00:29:11","date_gmt":"2018-11-16T23:29:11","guid":{"rendered":"https:\/\/www.culturalusa.com\/news\/?p=4005"},"modified":"2020-10-20T17:32:55","modified_gmt":"2020-10-20T15:32:55","slug":"la-nouvelle-polemique-autour-de-facebook-augmente-de-volume","status":"publish","type":"post","link":"https:\/\/www.culturalusa.com\/news\/actualite\/la-nouvelle-polemique-autour-de-facebook-augmente-de-volume\/","title":{"rendered":"La nouvelle pol\u00e9mique autour de Facebook augmente de volume"},"content":{"rendered":"<p>La nouvelle pol\u00e9mique dans laquelle se trouve emp\u00eatr\u00e9 Facebook enflait vendredi avec les demandes d&rsquo;explications pressantes de puissants s\u00e9nateurs d\u00e9mocrates choqu\u00e9s par les m\u00e9thodes d&rsquo;une agence de relations publiques employ\u00e9e par le premier r\u00e9seau social mondial pour d\u00e9cr\u00e9dibiliser ses d\u00e9tracteurs.<\/p>\n<p>\u00ab\u00a0Nous sommes tr\u00e8s inquiets face aux informations publi\u00e9es r\u00e9cemment affirmant que votre entreprise a fait appel \u00e0 des sous-traitants pour punir ou diffuser des informations intentionnellement incendiaires contre ceux qui vous critiquent\u00a0\u00bb, \u00e9crivent la s\u00e9natrice Amy Klobuchar et les s\u00e9nateurs Mark Warner, Chris Coons et Richard Blumenthal dans une lettre adress\u00e9e \u00e0 Mark Zuckerberg, le PDG et fondateur de Facebook.<\/p>\n<p>Les quatre \u00e9lus estiment que le comportement de l&rsquo;entreprise force d\u00e9sormais \u00e0 se demander si elle \u00ab\u00a0pourrait se servir de ses vastes ressources financi\u00e8res et les donn\u00e9es accumul\u00e9es (sur ses utilisateurs) \u00e0 mauvais escient contre des responsables gouvernementaux et des critiques qui tentent de prot\u00e9ger le public et notre d\u00e9mocratie\u00a0\u00bb.<\/p>\n<p>L&rsquo;affaire a explos\u00e9 mercredi avec la publication d&rsquo;un article du New York Times.<\/p>\n<p>Dans cette enqu\u00eate &#8211;tr\u00e8s \u00e0 charge contre Mark Zuckerberg et sa num\u00e9ro deux Sheryl Sandberg pour leur gestion des crises que traverse le r\u00e9seau depuis plus d&rsquo;un an&#8211; le quotidien r\u00e9v\u00e8le aussi que l&rsquo;entreprise a fait appel aux services de Definers Public Affairs, une entreprise de relations publiques bas\u00e9e \u00e0 Washington.<\/p>\n<p>&#8211; Info ou intox ? &#8211;<\/p>\n<p>Definers est accus\u00e9e d&rsquo;avoir diffus\u00e9 de fausses informations pour tenter de discr\u00e9diter les divers groupes qui critiquent Facebook et d&rsquo;avoir tent\u00e9 de les lier au philanthrope-milliardaire George Soros, b\u00eate noire des r\u00e9publicains et cible d&rsquo;innombrables attaques antis\u00e9mites.<\/p>\n<p>Facebook a affirm\u00e9 n&rsquo;avoir jamais demand\u00e9 \u00e0 Definers de faire de la d\u00e9sinformation et M. Zuckerberg a s\u00e8chement condamn\u00e9 jeudi le choix de ses collaborateurs en affirmant que les m\u00e9thodes de Definers ne correspondaient pas \u00e0 la philosophie de Facebook.<\/p>\n<p>Le fondateur de Facebook puis Mme Sandberg ont aussi affirm\u00e9 avoir d\u00e9couvert avec le papier du Times que Facebook avait employ\u00e9 Definers et avoir mis fin \u00e0 la collaboration dans la foul\u00e9e.<\/p>\n<p>\u00ab\u00a0Je ne savais pas que nous les avions employ\u00e9s et je ne savais rien de ce qu&rsquo;ils faisaient, mais j&rsquo;aurais d\u00fb\u00a0\u00bb, a \u00e9crit Mme Sandberg, sur sa page Facebook tard jeudi soir.<\/p>\n<p>Vendredi, Definers est sorti de sa r\u00e9serve affirmant que la relation avec Facebook n&rsquo;\u00e9tait pas un secret tout en r\u00e9cusant l&rsquo;id\u00e9e d&rsquo;avoir agi comme officine d&rsquo;enqu\u00eate charg\u00e9e de trouver des cadavres dans les placards des d\u00e9tracteurs de Facebook pour les r\u00e9duire au silence. Une pratique courante dans le monde politique am\u00e9ricain.<\/p>\n<p>Definers a reconnu toutefois qu'\u00a0\u00bbune fraction de son travail consistait \u00e0 fournir des recherches et des informations sur les accusateurs &#8211; de droite ou de gauche\u00a0\u00bb.<\/p>\n<p>\u00ab\u00a0Cette pratique est courante dans de nombreux secteurs et elle est bas\u00e9e sur des recherches dans des documents publics ou des bases de donn\u00e9es \u00e0 la disposition de tous\u00a0\u00bb, affirme encore la soci\u00e9t\u00e9 qui se dit \u00ab\u00a0fi\u00e8re du travail accompli pour Facebook\u00a0\u00bb.<\/p>\n<p><strong>Enqu\u00eate ind\u00e9pendante<\/strong><\/p>\n<p>Mais les explications de Facebook n&rsquo;ont pas r\u00e9ussi \u00e0 calmer le toll\u00e9.<\/p>\n<p>Bien que M. Zuckerberg, comme Mme Sandberg, qui sont tous deux de confession juive, aient dit leur respect pour George Soros, Patrick Gaspard, le pr\u00e9sident de sa fondation Open Society Foundations juge que ce n&rsquo;est pas suffisant.<\/p>\n<p>\u00ab\u00a0Nous demandons et insistons pour que Facebook fasse des excuses publiques, pas seulement \u00e0 George Soros et la Open Society Foundations, mais \u00e0 tous les gens qui exercent leur libert\u00e9 d&rsquo;expression sur ces questions importantes\u00a0\u00bb, a-t-il dit sur la radio publique NPR vendredi.<\/p>\n<p>D\u00e8s la veille, il avait exig\u00e9 que Facebook m\u00e8ne une enqu\u00eate ind\u00e9pendante sur cette affaire et qu&rsquo;elle en publie les conclusions.<\/p>\n<p>Mme Sandberg a promis sur la cha\u00eene CBS \u00ab\u00a0de regarder de pr\u00e8s ce qui s&rsquo;est pass\u00e9\u00a0\u00bb mais a indiqu\u00e9 que ses \u00e9quipes lui avaient assur\u00e9 que Facebook n&rsquo;avait jamais pay\u00e9 pour diffuser des fausses nouvelles.<\/p>\n<p>Pourtant, aux yeux de nombreux observateurs, y compris les quatre s\u00e9nateurs d\u00e9mocrates, la cr\u00e9dibilit\u00e9 des dirigeants de Facebook est largement entam\u00e9e.<\/p>\n<p>\u00ab\u00a0Les \u00e9lus comme le grand public se demandent avec raison si Facebook est capable de se r\u00e9guler lui-m\u00eame ?\u00a0\u00bb, \u00e9crivent-il dans leur lettre \u00e0 Mark Zuckerberg.<\/p>\n<p>Ils lui posent sept questions tr\u00e8s d\u00e9taill\u00e9es sur les pratiques du r\u00e9seau social et lui demandent \u00ab\u00a0respectueusement\u00a0\u00bb d&rsquo;y r\u00e9pondre promptement.<\/p>\n","protected":false},"excerpt":{"rendered":"<p>La nouvelle pol\u00e9mique dans laquelle se trouve emp\u00eatr\u00e9 Facebook enflait vendredi avec les demandes d&rsquo;explications pressantes de puissants s\u00e9nateurs d\u00e9mocrates choqu\u00e9s par les m\u00e9thodes d&rsquo;une agence de relations publiques employ\u00e9e par le premier r\u00e9seau social mondial pour d\u00e9cr\u00e9dibiliser ses d\u00e9tracteurs. \u00ab\u00a0Nous sommes tr\u00e8s inquiets face aux informations publi\u00e9es r\u00e9cemment affirmant que votre entreprise a fait [&hellip;]<\/p>\n","protected":false},"author":1,"featured_media":5811,"comment_status":"open","ping_status":"closed","sticky":false,"template":"","format":"standard","meta":{"footnotes":""},"categories":[30],"tags":[904],"class_list":["post-4005","post","type-post","status-publish","format-standard","has-post-thumbnail","hentry","category-actualite","tag-polemique-facebook"],"aioseo_notices":[],"_links":{"self":[{"href":"https:\/\/www.culturalusa.com\/news\/wp-json\/wp\/v2\/posts\/4005","targetHints":{"allow":["GET"]}}],"collection":[{"href":"https:\/\/www.culturalusa.com\/news\/wp-json\/wp\/v2\/posts"}],"about":[{"href":"https:\/\/www.culturalusa.com\/news\/wp-json\/wp\/v2\/types\/post"}],"author":[{"embeddable":true,"href":"https:\/\/www.culturalusa.com\/news\/wp-json\/wp\/v2\/users\/1"}],"replies":[{"embeddable":true,"href":"https:\/\/www.culturalusa.com\/news\/wp-json\/wp\/v2\/comments?post=4005"}],"version-history":[{"count":0,"href":"https:\/\/www.culturalusa.com\/news\/wp-json\/wp\/v2\/posts\/4005\/revisions"}],"wp:featuredmedia":[{"embeddable":true,"href":"https:\/\/www.culturalusa.com\/news\/wp-json\/wp\/v2\/media\/5811"}],"wp:attachment":[{"href":"https:\/\/www.culturalusa.com\/news\/wp-json\/wp\/v2\/media?parent=4005"}],"wp:term":[{"taxonomy":"category","embeddable":true,"href":"https:\/\/www.culturalusa.com\/news\/wp-json\/wp\/v2\/categories?post=4005"},{"taxonomy":"post_tag","embeddable":true,"href":"https:\/\/www.culturalusa.com\/news\/wp-json\/wp\/v2\/tags?post=4005"}],"curies":[{"name":"wp","href":"https:\/\/api.w.org\/{rel}","templated":true}]}}