{"id":4016,"date":"2018-11-22T11:29:07","date_gmt":"2018-11-22T10:29:07","guid":{"rendered":"https:\/\/www.culturalusa.com\/news\/?p=4016"},"modified":"2025-03-06T19:07:33","modified_gmt":"2025-03-06T18:07:33","slug":"est-ce-que-le-portugal-est-sorti-de-la-crise-sans-appliquer-lausterite","status":"publish","type":"post","link":"https:\/\/www.culturalusa.com\/news\/portugal\/est-ce-que-le-portugal-est-sorti-de-la-crise-sans-appliquer-lausterite\/","title":{"rendered":"Est-ce que le Portugal est sorti de la crise sans appliquer l\u2019aust\u00e9rit\u00e9?"},"content":{"rendered":"<h2>Le tournant \u00e9conomique s\u2019est produit en 2015 pour le Portugal, apr\u00e8s une p\u00e9riode d&rsquo;aust\u00e9rit\u00e9, la nouvelle majorit\u00e9 portugaise de gauche a d\u00e9cid\u00e9 d&rsquo;opter pour une politique de relance \u00e0 contre-courant des conseils \u00e9manant de Bruxelles.<\/h2>\n<p>Ana Gomes, d\u00e9put\u00e9e europ\u00e9enne du Portugal (groupe des Socialistes et D\u00e9mocrates) souligne l\u2019importance d\u2019\u00eatre sorti de l\u2019aust\u00e9rit\u00e9 : \u00ab\u00a0Le secret c\u2019est de se lib\u00e9rer de cette recette qui \u00e9tait compl\u00e8tement erron\u00e9e, de l\u2019autorit\u00e9 et je ne dis pas la rigueur fiscale.<\/p>\n<p>La diff\u00e9rence qui a \u00e9t\u00e9 faite avec ce gouvernement socialiste&#8230; c\u2019\u00e9tait cet engagement de retourner des revenus aux familles, de pousser \u00e0 la consommation int\u00e9rieure donc aussi d\u2019aider les exportations \u00e0 se d\u00e9velopper et en m\u00eame temps avec la rigueur de la gestion des comptes publics qui nous a permis une trajectoire d\u2019\u00e9quilibre fiscal de mani\u00e8re beaucoup plus claire que jamais\u00a0\u00bb.<\/p>\n<h3><strong>Un pari gagnant <\/strong><\/h3>\n<p>Les socialistes ont mis\u00e9 sur une politique permettant de relancer les investissements int\u00e9rieurs, ils ont r\u00e9ussi \u00e0 relever le salaire minimum, \u00e0 \u00e9largir les minima sociaux et \u00e0 all\u00e9ger la note des imp\u00f4ts pour les classes moyennes, le pari semble donc r\u00e9ussi.<\/p>\n<p>En 2017, la croissance est largement \u00e0 la hausse, elle culmine \u00e0 pr\u00e8s de 2.3 % et le taux de ch\u00f4mage est pass\u00e9 de 17 % en 2013 \u00e0 8 % aujourd\u2019hui. Philippe Lamberts, d\u00e9put\u00e9 europ\u00e9en belge, ne voit pas ici un miracle, mais du bon sens : \u00ab\u00a0Bien s\u00fbr, il n\u2019y a pas de miracle, c\u2019est clair que les finances publiques du Portugal auraient besoin d\u2019\u00eatre restaur\u00e9es.<\/p>\n<p>Je pense en effet que les recettes qui ont \u00e9t\u00e9 adopt\u00e9es au Portugal sont plus conformes \u00e0 la science \u00e9conomique, autrement dit, on voudrait nous faire croire que les politiques visant \u00e0 comprimer sans fin les d\u00e9pensent publics pour permettre aux d\u00e9tenteurs de capitaux de s\u2019enrichir, sous pr\u00e9texte que les d\u00e9tenteurs de capitaux sont ceux qui font fonctionner l\u2019\u00e9conomie.<\/p>\n<p>Mais enfa\u00eete, ces recettes la ne sont pas fond\u00e9es dans la r\u00e9alit\u00e9, elles sont fond\u00e9es sur une fausse science, la th\u00e9orie \u00e9conomique n\u00e9oclassique qui n\u2019a aucun fondement r\u00e9el et je pense qu\u2019il est bien que le gouvernement portugais sent soit \u00e9loign\u00e9\u00a0\u00bb.<\/p>\n<h3><strong>Zones d\u2019ombre<\/strong><\/h3>\n<p>Les voyants sont au vert pour le Portugal : croissance, investissement, ch\u00f4mage, d\u00e9ficit. Mais m\u00eame si au premier abord les r\u00e9sultats \u00e9conomiques du pays semblent exceptionnels, ce n\u2019est qu\u2019une am\u00e9lioration relative de la situation.<\/p>\n<p>Toujours tributaire d\u2019une <strong>dette publique \u00e0 pr\u00e8s de 127 % du PIB<\/strong> soit <span style=\"color: maroon;\"><strong>251 milliards<\/strong> d&rsquo;euros<\/span>, la <span style=\"color: maroon;\"><strong>fragilit\u00e9 bancaire<\/strong> malgr\u00e9 les efforts reste toujours existante<\/span>. Ce retour \u00e0 une certaine prosp\u00e9rit\u00e9 \u00e9conomique repose pour la majeure partie sur les exportations, soit 40% du PIB. L\u2019avenir de la croissance s\u2019appuie sur les fluctuations de la demande des pays qui commercent avec le Portugal.<\/p>\n<p>Le risque est pr\u00e9sent puisque si l\u2019euro continue de s\u2019appr\u00e9cier par rapport aux autres monnaies, les exportations portugaises vers les pays hors zone euro risquent d\u2019en p\u00e2tir fortement. Lire plus sur <a style=\"color: #222;\" href=\"https:\/\/www.publicsenat.fr\/article\/societe\/europe-hebdo-comment-le-portugal-est-sorti-de-la-crise-sans-appliquer-l-austerite\" target=\"_blank\" rel=\"noopener noreferrer\">Public S\u00e9nat<\/a>.<\/p>\n<p><iframe loading=\"lazy\" src=\"https:\/\/www.dailymotion.com\/embed\/video\/k7EQ9LiPLwgz91skrFA\" width=\"100%\" height=\"350\" frameborder=\"0\"><\/iframe><\/p>\n","protected":false},"excerpt":{"rendered":"<p>Le tournant \u00e9conomique s\u2019est produit en 2015 pour le Portugal, apr\u00e8s une p\u00e9riode d&rsquo;aust\u00e9rit\u00e9, la nouvelle majorit\u00e9 portugaise de gauche a d\u00e9cid\u00e9 d&rsquo;opter pour une politique de relance \u00e0 contre-courant des conseils \u00e9manant de Bruxelles. Ana Gomes, d\u00e9put\u00e9e europ\u00e9enne du Portugal (groupe des Socialistes et D\u00e9mocrates) souligne l\u2019importance d\u2019\u00eatre sorti de l\u2019aust\u00e9rit\u00e9 : \u00ab\u00a0Le secret [&hellip;]<\/p>\n","protected":false},"author":1,"featured_media":4017,"comment_status":"open","ping_status":"closed","sticky":false,"template":"","format":"standard","meta":{"footnotes":""},"categories":[3],"tags":[908,907],"class_list":["post-4016","post","type-post","status-publish","format-standard","has-post-thumbnail","hentry","category-portugal","tag-economie-portugal","tag-portugal-austerite"],"aioseo_notices":[],"_links":{"self":[{"href":"https:\/\/www.culturalusa.com\/news\/wp-json\/wp\/v2\/posts\/4016","targetHints":{"allow":["GET"]}}],"collection":[{"href":"https:\/\/www.culturalusa.com\/news\/wp-json\/wp\/v2\/posts"}],"about":[{"href":"https:\/\/www.culturalusa.com\/news\/wp-json\/wp\/v2\/types\/post"}],"author":[{"embeddable":true,"href":"https:\/\/www.culturalusa.com\/news\/wp-json\/wp\/v2\/users\/1"}],"replies":[{"embeddable":true,"href":"https:\/\/www.culturalusa.com\/news\/wp-json\/wp\/v2\/comments?post=4016"}],"version-history":[{"count":2,"href":"https:\/\/www.culturalusa.com\/news\/wp-json\/wp\/v2\/posts\/4016\/revisions"}],"predecessor-version":[{"id":13276,"href":"https:\/\/www.culturalusa.com\/news\/wp-json\/wp\/v2\/posts\/4016\/revisions\/13276"}],"wp:featuredmedia":[{"embeddable":true,"href":"https:\/\/www.culturalusa.com\/news\/wp-json\/wp\/v2\/media\/4017"}],"wp:attachment":[{"href":"https:\/\/www.culturalusa.com\/news\/wp-json\/wp\/v2\/media?parent=4016"}],"wp:term":[{"taxonomy":"category","embeddable":true,"href":"https:\/\/www.culturalusa.com\/news\/wp-json\/wp\/v2\/categories?post=4016"},{"taxonomy":"post_tag","embeddable":true,"href":"https:\/\/www.culturalusa.com\/news\/wp-json\/wp\/v2\/tags?post=4016"}],"curies":[{"name":"wp","href":"https:\/\/api.w.org\/{rel}","templated":true}]}}