{"id":4025,"date":"2018-11-29T01:11:17","date_gmt":"2018-11-29T00:11:17","guid":{"rendered":"https:\/\/www.culturalusa.com\/news\/?p=4025"},"modified":"2020-10-20T17:32:04","modified_gmt":"2020-10-20T15:32:04","slug":"litalie-a-adopte-la-loi-anti-migrants-de-salvini","status":"publish","type":"post","link":"https:\/\/www.culturalusa.com\/news\/actualite\/litalie-a-adopte-la-loi-anti-migrants-de-salvini\/","title":{"rendered":"L&rsquo;Italie a adopt\u00e9 la loi anti-migrants de Salvini"},"content":{"rendered":"<p>L&rsquo;Italie adopte un d\u00e9cret-loi controvers\u00e9 durcissant sa politique d&rsquo;immigration, voulu par Matteo Salvini, ministre de l&rsquo;Int\u00e9rieur et chef de la Ligue.<\/p>\n<p>La Chambre des d\u00e9put\u00e9s a adopt\u00e9 le texte (apr\u00e8s le S\u00e9nat d\u00e9but novembre et dans les m\u00eames termes) par 396 oui contre 99 non.<\/p>\n<p>Le gouvernement form\u00e9 par la Ligue (pour le Peuple) et le Mouvement 5 Etoiles (M5S, antisyst\u00e8me) avait pos\u00e9 la question de confiance dans les deux chambres sur ce d\u00e9cret-loi.<\/p>\n<p>Quatorze d\u00e9put\u00e9s du M5S n&rsquo;ont pas pris part au vote mercredi.<\/p>\n<p>Le texte durcit la politique italienne en mati\u00e8re d&rsquo;immigration. Il remplace en particulier les permis de s\u00e9jour humanitaires, actuellement octroy\u00e9s \u00e0 25% des demandeurs d&rsquo;asile et d&rsquo;une dur\u00e9e de deux ans, par divers autres permis, comme \u00ab\u00a0protection sp\u00e9ciale\u00a0\u00bb, d&rsquo;une dur\u00e9e d&rsquo;un an, ou \u00ab\u00a0catastrophe naturelle dans le pays d&rsquo;origine\u00a0\u00bb, d&rsquo;une dur\u00e9e de six mois, entre autres.<\/p>\n<p>Il pr\u00e9voit une proc\u00e9dure d&rsquo;urgence afin de pouvoir expulser tout demandeur se montrant \u00ab\u00a0dangereux\u00a0\u00bb.<\/p>\n<p>Il r\u00e9organise aussi le syst\u00e8me d&rsquo;accueil des demandeurs d&rsquo;asile, qui \u00e9taient encore 146.000 fin octobre et seront regroup\u00e9s dans de grands centres par mesures d&rsquo;\u00e9conomies.<\/p>\n<p>Dans le volet s\u00e9curit\u00e9, il g\u00e9n\u00e9ralise l&rsquo;utilisation des pistolets \u00e9lectriques et facilite l&rsquo;\u00e9vacuation des b\u00e2timents occup\u00e9s.<\/p>\n<p>Le gouvernement italien a annonc\u00e9 qu&rsquo;il ne signerait pas le pacte de l&rsquo;ONU sur les migrations (Global Compact for Migration) comme s&rsquo;y \u00e9tait engag\u00e9 en 2016 le pr\u00e9c\u00e9dent ex\u00e9cutif de centre-gauche dirig\u00e9 \u00e0 l&rsquo;\u00e9poque par Matteo Renzi.<\/p>\n<p>Le gouvernement ne participera au sommet pr\u00e9vu les 10 et 11 d\u00e9cembre \u00e0 Marrakech o\u00f9 doit \u00eatre d\u00e9finitivement adopt\u00e9 ce pacte \u00ab\u00a0se r\u00e9servant d&rsquo;adh\u00e9rer ou non au document seulement une fois que le Parlement se sera prononc\u00e9\u00a0\u00bb, a d\u00e9clar\u00e9 le pr\u00e9sident du Conseil Giuseppe Conte.<\/p>\n<p>Non contraignant, ce texte de 25 pages, premier du genre sur ce sujet, vise \u00e0 r\u00e9guler les flux migratoires au plan mondial.<\/p>\n<p>Sign\u00e9 par plus de 190 pays en septembre 2016, il recense des principes &#8211; d\u00e9fense des droits de l&rsquo;homme, des enfants, reconnaissance de la souverainet\u00e9 nationale &#8211; et une vingtaine de propositions pour aider les pays \u00e0 faire face aux migrations en facilitant l&rsquo;information, l&rsquo;int\u00e9gration des migrants, l&rsquo;\u00e9change d&rsquo;expertises&#8230;<\/p>\n<p>La plupart des pays europ\u00e9ens, dont la France et l&rsquo;Allemagne, ont annonc\u00e9 qu&rsquo;ils signeront le texte tandis que la Hongrie, l&rsquo;Autriche, la Pologne et la Slovaquie ne le feront pas, tout comme les Etats-Unis.<\/p>\n","protected":false},"excerpt":{"rendered":"<p>L&rsquo;Italie adopte un d\u00e9cret-loi controvers\u00e9 durcissant sa politique d&rsquo;immigration, voulu par Matteo Salvini, ministre de l&rsquo;Int\u00e9rieur et chef de la Ligue. La Chambre des d\u00e9put\u00e9s a adopt\u00e9 le texte (apr\u00e8s le S\u00e9nat d\u00e9but novembre et dans les m\u00eames termes) par 396 oui contre 99 non. Le gouvernement form\u00e9 par la Ligue (pour le Peuple) et [&hellip;]<\/p>\n","protected":false},"author":1,"featured_media":3928,"comment_status":"open","ping_status":"closed","sticky":false,"template":"","format":"standard","meta":{"footnotes":""},"categories":[30],"tags":[699,909],"class_list":["post-4025","post","type-post","status-publish","format-standard","has-post-thumbnail","hentry","category-actualite","tag-anti-migrants","tag-salvini"],"aioseo_notices":[],"_links":{"self":[{"href":"https:\/\/www.culturalusa.com\/news\/wp-json\/wp\/v2\/posts\/4025","targetHints":{"allow":["GET"]}}],"collection":[{"href":"https:\/\/www.culturalusa.com\/news\/wp-json\/wp\/v2\/posts"}],"about":[{"href":"https:\/\/www.culturalusa.com\/news\/wp-json\/wp\/v2\/types\/post"}],"author":[{"embeddable":true,"href":"https:\/\/www.culturalusa.com\/news\/wp-json\/wp\/v2\/users\/1"}],"replies":[{"embeddable":true,"href":"https:\/\/www.culturalusa.com\/news\/wp-json\/wp\/v2\/comments?post=4025"}],"version-history":[{"count":0,"href":"https:\/\/www.culturalusa.com\/news\/wp-json\/wp\/v2\/posts\/4025\/revisions"}],"wp:featuredmedia":[{"embeddable":true,"href":"https:\/\/www.culturalusa.com\/news\/wp-json\/wp\/v2\/media\/3928"}],"wp:attachment":[{"href":"https:\/\/www.culturalusa.com\/news\/wp-json\/wp\/v2\/media?parent=4025"}],"wp:term":[{"taxonomy":"category","embeddable":true,"href":"https:\/\/www.culturalusa.com\/news\/wp-json\/wp\/v2\/categories?post=4025"},{"taxonomy":"post_tag","embeddable":true,"href":"https:\/\/www.culturalusa.com\/news\/wp-json\/wp\/v2\/tags?post=4025"}],"curies":[{"name":"wp","href":"https:\/\/api.w.org\/{rel}","templated":true}]}}