{"id":4032,"date":"2018-12-02T12:25:28","date_gmt":"2018-12-02T11:25:28","guid":{"rendered":"https:\/\/www.culturalusa.com\/news\/?p=4032"},"modified":"2020-10-20T17:30:19","modified_gmt":"2020-10-20T15:30:19","slug":"reunion-de-crise-a-lelysee-apres-une-journee-de-chaos-des-gilets-jaunes","status":"publish","type":"post","link":"https:\/\/www.culturalusa.com\/news\/actualite\/reunion-de-crise-a-lelysee-apres-une-journee-de-chaos-des-gilets-jaunes\/","title":{"rendered":"R\u00e9union de crise \u00e0 l&rsquo;\u00c9lys\u00e9e apr\u00e8s une journ\u00e9e de chaos des \u00ab\u00a0Gilets jaunes\u00a0\u00bb"},"content":{"rendered":"<p>Emmanuel Macron, de retour d&rsquo;Argentine, convoque dimanche une r\u00e9union d&rsquo;urgence \u00e0 l&rsquo;\u00c9lys\u00e9e au lendemain des sc\u00e8nes de gu\u00e9rilla urbaine \u00e0 Paris qui ont marqu\u00e9 une nouvelle escalade dans le conflit des \u00ab\u00a0gilets jaunes\u00a0\u00bb devenu une crise politique majeure.<\/p>\n<p>Tout juste revenu du sommet du G20 \u00e0 Buenos Aires, le chef de l&rsquo;\u00c9tat s&rsquo;est rendu \u00e0 l&rsquo;Arc de Triomphe, place de l&rsquo;\u00c9toile \u00e0 Paris, th\u00e9\u00e2tre de violences et de d\u00e9gradation samedi. Accompagn\u00e9 du ministre de l&rsquo;Int\u00e9rieur Christophe Castaner et du secr\u00e9taire d&rsquo;\u00c9tat Laurent Nu\u00f1ez, il s&rsquo;est rendu au pied de la tombe du soldat inconnu.<\/p>\n<p>Il devait ensuite retrouver \u00e0 12H30 le Premier ministre \u00c9douard Philippe et MM. Castaner et Nu\u00f1ez pour tenter de trouver une r\u00e9ponse \u00e0 un mouvement qui semble avoir \u00e9chapp\u00e9 \u00e0 tout contr\u00f4le.<\/p>\n<p>\u00ab\u00a0Il y aura les mesures qui peuvent \u00eatre prises pour faire en sorte qu&rsquo;il n&rsquo;y ait pas de rituel qui s&rsquo;instaure dans le pays et que les samedis que nous allons vivre, ne donnent pas lieu \u00e0 ce que nous avons pu observer hier\u00a0\u00bb, a d\u00e9clar\u00e9 le porte-parole du gouvernement Benjamin Griveaux dimanche matin sur BFMTV.<\/p>\n<blockquote><p>Gilets jaunes: Les personnes interpell\u00e9es ne sont pas d\u2019ultra-droite, mais d\u2019ultra-gauche.<\/p>\n<p>Selon les informations de RTL, ces derniers jours, les profils des personnes interpell\u00e9es lors de la manifestation des Gilets jaunes \u00e0 Paris ne correspondraient pas vraiment aux premi\u00e8res d\u00e9clarations du ministre l\u2019Int\u00e9rieur, qui a point\u00e9 des casseurs appartenant \u00e0 l\u2019\u00abultra-droite\u00bb.<\/p>\n<p><strong>Parmi les 101 individus arr\u00eat\u00e9s par les forces de l\u2019ordre, on trouve surtout des profils associ\u00e9s \u00e0 l\u2019\u00abultra-gauche\u00bb<\/strong> <\/p><\/blockquote>\n<p>La commission des lois du S\u00e9nat a annonc\u00e9 de son c\u00f4t\u00e9 qu&rsquo;elle entendra \u00ab\u00a0les explications\u00a0\u00bb mardi de Christophe Castaner et son secr\u00e9taire d&rsquo;\u00c9tat Laurent Nu\u00f1ez.<\/p>\n<p>Samedi soir, alors que des voitures br\u00fblaient en plein Paris, Emmanuel Macron a d\u00e9clar\u00e9 qu&rsquo;il \u00ab\u00a0n&rsquo;accepterait jamais la violence\u00a0\u00bb. Selon lui, celle-ci n&rsquo;a \u00ab\u00a0rien \u00e0 voir avec l&rsquo;expression d&rsquo;une col\u00e8re l\u00e9gitime\u00a0\u00bb, celles des \u00ab\u00a0gilets jaunes\u00a0\u00bb protestant au d\u00e9part contre la hausse des carburants et la baisse du pouvoir d&rsquo;achat.<\/p>\n<p>Tous les membres du gouvernement ont d\u00e9nonc\u00e9 des sc\u00e8nes d&rsquo;\u00e9meute et de pillages ainsi que la d\u00e9gradation de symboles nationaux comme l&rsquo;Arc de Triomphe.<\/p>\n<p>\u00ab\u00a0C&rsquo;est juste immonde ce qui s&rsquo;est pass\u00e9 hier\u00a0\u00bb, a d\u00e9nonc\u00e9 Benjamin Griveaux qui est, lui, all\u00e9 dimanche \u00e0 la rencontre de riverains et de commer\u00e7ants dans Paris.<\/p>\n<p><strong>133 bless\u00e9s<\/strong><\/p>\n<p><img loading=\"lazy\" decoding=\"async\" src=\"https:\/\/www.culturalusa.com\/news\/wp-content\/uploads\/2018\/12\/manifGgiletsJaunes.jpg\" alt=\"\" width=\"470\" height=\"290\" class=\"aligncenter size-full wp-image-4036\" srcset=\"https:\/\/www.culturalusa.com\/news\/wp-content\/uploads\/2018\/12\/manifGgiletsJaunes.jpg 470w, https:\/\/www.culturalusa.com\/news\/wp-content\/uploads\/2018\/12\/manifGgiletsJaunes-275x170.jpg 275w\" sizes=\"auto, (max-width: 470px) 100vw, 470px\" \/><br \/>\nAu total, \u00e0 Paris, 412 personnes ont \u00e9t\u00e9 interpell\u00e9es et 378 plac\u00e9es en garde \u00e0 vue, selon un bilan de la pr\u00e9fecture de police dimanche. 33 personnes ont \u00e9t\u00e9 bless\u00e9es, dont 23 membres des forces de l&rsquo;autre dans ces violences qui ont atteint des proportions in\u00e9dites \u00e0 Paris depuis des d\u00e9cennies.<\/p>\n<p>Une r\u00e9union de crise pr\u00e9sid\u00e9e par la maire de Paris Anne Hidalgo avait lieu dimanche. \u00ab\u00a0Les d\u00e9g\u00e2ts sont \u00e9normes\u00a0\u00bb, selon l&rsquo;une de ses adjointes, Pauline V\u00e9ron.<\/p>\n<p>Des incidents ont \u00e9galement eu lieu en province en marge d&rsquo;une mobilisation qui, selon le dernier bilan disponible \u00e9tabli samedi \u00e0 15H00, a rassembl\u00e9 75.000 manifestants en France. En Haute-Loire, la pr\u00e9fecture a notamment \u00e9t\u00e9 incendi\u00e9e apr\u00e8s le jet de cocktails molotov.<\/p>\n<p>Dimanche, la zone de p\u00e9age autoroutier de Narbonne sud a \u00e9t\u00e9 incendi\u00e9e. L&rsquo;autoroute A6 \u00e9tait toujours coup\u00e9e dimanche matin dans les deux sens entre M\u00e2con et la jonction avec l&rsquo;A46 au nord de Lyon.<\/p>\n<p>La gravit\u00e9 des faits a conduit \u00c9douard Philippe \u00e0 annuler son d\u00e9placement en Pologne pour le sommet sur le climat COP 24.<\/p>\n<p>Dans l&rsquo;imm\u00e9diat, la r\u00e9ponse de l&rsquo;ex\u00e9cutif a d&rsquo;abord \u00e9t\u00e9 celle de la fermet\u00e9. \u00ab\u00a0Les coupables de ces violences (&#8230;) veulent le chaos. Ils seront identifi\u00e9s et tenus responsables de leurs actes devant la justice\u00a0\u00bb, a insist\u00e9 Emmanuel Macron, alors que Benjamin Griveaux et Christophe Castaner n&rsquo;ont pas \u00e9cart\u00e9 la possibilit\u00e9 d&rsquo;instaurer l&rsquo;\u00e9tat d&rsquo;urgence.<\/p>\n<p>\u00ab\u00a0Tout ce qui permettra de s\u00e9curiser plus, moi je n&rsquo;ai pas de tabou. Je suis pr\u00eat \u00e0 tout regarder\u00a0\u00bb, a dit M. Castaner.<\/p>\n<p>Mais l&rsquo;opposition et une partie des \u00ab\u00a0gilets jaunes\u00a0\u00bb, mouvement prot\u00e9iforme sans structure ni leader d\u00e9sign\u00e9, r\u00e9clament d&rsquo;abord un geste fort au gouvernement, \u00e0 commencer par un moratoire ou un gel de la hausse des taxes sur les carburants.<\/p>\n<p><strong>Revendications<\/strong><\/p>\n<p>\u00c0 droite, le pr\u00e9sident des R\u00e9publicains, Laurent Wauquiez, a r\u00e9it\u00e9r\u00e9 son appel \u00e0 un r\u00e9f\u00e9rendum sur la politique \u00e9cologique et fiscale d&rsquo;Emmanuel Macron. Marine Le Pen a demand\u00e9 \u00e0 \u00eatre re\u00e7ue par M. Macron avec les autres chefs de partis politiques d&rsquo;opposition.<\/p>\n<p>Si Emmanuel Macron \u00ab\u00a0refuse de dissoudre l&rsquo;Assembl\u00e9e Nationale, qu&rsquo;il pr\u00e9sente sa d\u00e9mission. On ne gouverne pas \u00e9ternellement contre son peuple en R\u00e9publique\u00a0\u00bb, a estim\u00e9 le pr\u00e9sident des Patriotes, Florian Philippot.<\/p>\n<p>\u00c0 gauche, le patron du PS, Olivier Faure, a r\u00e9clam\u00e9 des \u00c9tats g\u00e9n\u00e9raux sur le pouvoir d&rsquo;achat. Beno\u00eet Hamon, chef de G\u00e9n\u00e9ration-s, a demand\u00e9 un dialogue national avec les \u00ab\u00a0gilets jaunes\u00a0\u00bb, les syndicats et les ONG sur le pouvoir d&rsquo;achat, la r\u00e9partition des richesses et la transition \u00e9cologique.<\/p>\n<p>Quant \u00e0 Jean-Luc M\u00e9lenchon, le chef de file de la France insoumise, il a appel\u00e9 \u00e0 r\u00e9tablir l&rsquo;imp\u00f4t sur la fortune, tout en applaudissant \u00ab\u00a0l&rsquo;insurrection citoyenne\u00a0\u00bb qui \u00ab\u00a0fait trembler la macronie et le monde du fric\u00a0\u00bb.<\/p>\n<p>Face \u00e0 ces revendications, pour la plupart sur la table depuis plusieurs jours, le gouvernement est rest\u00e9 inflexible.<\/p>\n<p>\u00ab\u00a0On a dit que nous ne changerions pas de cap. Parce que le cap est le bon\u00a0\u00bb, a r\u00e9p\u00e9t\u00e9 M. Griveaux dimanche.<\/p>\n<p>\u00ab\u00a0En revanche, nous avons une m\u00e9thode plus ouverte de dialogue\u00a0\u00bb, a-t-il ajout\u00e9, pr\u00e9cisant que l&rsquo;ex\u00e9cutif \u00e9tait \u00ab\u00a0pr\u00eat\u00a0\u00bb \u00e0 discuter avec les repr\u00e9sentants de \u00ab\u00a0gilets jaunes libres\u00a0\u00bb, auteurs d&rsquo;une tribune appelant \u00e0 une sortie de crise, publi\u00e9e dans le JDD. (AFP)<\/p>\n","protected":false},"excerpt":{"rendered":"<p>Emmanuel Macron, de retour d&rsquo;Argentine, convoque dimanche une r\u00e9union d&rsquo;urgence \u00e0 l&rsquo;\u00c9lys\u00e9e au lendemain des sc\u00e8nes de gu\u00e9rilla urbaine \u00e0 Paris qui ont marqu\u00e9 une nouvelle escalade dans le conflit des \u00ab\u00a0gilets jaunes\u00a0\u00bb devenu une crise politique majeure. Tout juste revenu du sommet du G20 \u00e0 Buenos Aires, le chef de l&rsquo;\u00c9tat s&rsquo;est rendu \u00e0 [&hellip;]<\/p>\n","protected":false},"author":1,"featured_media":4035,"comment_status":"open","ping_status":"closed","sticky":false,"template":"","format":"standard","meta":{"footnotes":""},"categories":[30],"tags":[912],"class_list":["post-4032","post","type-post","status-publish","format-standard","has-post-thumbnail","hentry","category-actualite","tag-gilets-jaunes"],"aioseo_notices":[],"_links":{"self":[{"href":"https:\/\/www.culturalusa.com\/news\/wp-json\/wp\/v2\/posts\/4032","targetHints":{"allow":["GET"]}}],"collection":[{"href":"https:\/\/www.culturalusa.com\/news\/wp-json\/wp\/v2\/posts"}],"about":[{"href":"https:\/\/www.culturalusa.com\/news\/wp-json\/wp\/v2\/types\/post"}],"author":[{"embeddable":true,"href":"https:\/\/www.culturalusa.com\/news\/wp-json\/wp\/v2\/users\/1"}],"replies":[{"embeddable":true,"href":"https:\/\/www.culturalusa.com\/news\/wp-json\/wp\/v2\/comments?post=4032"}],"version-history":[{"count":0,"href":"https:\/\/www.culturalusa.com\/news\/wp-json\/wp\/v2\/posts\/4032\/revisions"}],"wp:featuredmedia":[{"embeddable":true,"href":"https:\/\/www.culturalusa.com\/news\/wp-json\/wp\/v2\/media\/4035"}],"wp:attachment":[{"href":"https:\/\/www.culturalusa.com\/news\/wp-json\/wp\/v2\/media?parent=4032"}],"wp:term":[{"taxonomy":"category","embeddable":true,"href":"https:\/\/www.culturalusa.com\/news\/wp-json\/wp\/v2\/categories?post=4032"},{"taxonomy":"post_tag","embeddable":true,"href":"https:\/\/www.culturalusa.com\/news\/wp-json\/wp\/v2\/tags?post=4032"}],"curies":[{"name":"wp","href":"https:\/\/api.w.org\/{rel}","templated":true}]}}