{"id":404,"date":"2012-04-17T00:04:50","date_gmt":"2012-04-17T00:04:50","guid":{"rendered":"http:\/\/www.culturalusa.com\/news\/?p=404"},"modified":"2020-10-06T15:37:56","modified_gmt":"2020-10-06T13:37:56","slug":"un-pays-avec-des-portugais-de-premiere-et-de-deuxieme-classe","status":"publish","type":"post","link":"https:\/\/www.culturalusa.com\/news\/portugal\/un-pays-avec-des-portugais-de-premiere-et-de-deuxieme-classe\/","title":{"rendered":"Un pays avec des Portugais de premi\u00e8re et de deuxi\u00e8me classe"},"content":{"rendered":"<p><strong>\u00ab\u00a0Je n&rsquo;accepte pas un pays avec des Portugais de premi\u00e8re et de deuxi\u00e8me classe\u00a0\u00bb<\/strong>.<\/p>\n<p><strong>Ant\u00f3nio Jos\u00e9 Seguro<\/strong> (leader du PS portugais) a rejoint le groupe parlementaire du Parti socialiste \u00e0 Bragan\u00e7a. A Vinhais, proche du tribunal qui doit fermer ses portes, a demand\u00e9 au gouvernement qu&rsquo;il regarde vers l&rsquo;int\u00e9rieur du pays avec d&rsquo;autres yeux.<\/p>\n<p>Le gouvernement devrait \u00ab\u00a0regarder vers l&rsquo;int\u00e9rieur non pas comme un co\u00fbt mais plut\u00f4t comme une opportunit\u00e9.\u00a0\u00bb Bien que le th\u00e8me des journ\u00e9es parlementaires du PS soit la croissance \u00e9conomique et l&#8217;emploi, il est in\u00e9vitable de parler de l&rsquo;Int\u00e9rieur.<br \/>\nApr\u00e8s tout, c&rsquo;est la raison pour laquelle les d\u00e9put\u00e9s socialistes ont choisi Bragan\u00e7a, la r\u00e9gion qui est encore aujourd&rsquo;hui \u00e0 six heures de Lisbonne, pour se r\u00e9unir.<\/p>\n<p>A Vinhais, avec de nombreux virages et \u00e0 30 kilom\u00e8tres du si\u00e8ge r\u00e9gional, le secr\u00e9taire g\u00e9n\u00e9ral du PS revient sur le sujet qu&rsquo;il avait conduit, il y a environ deux mois, lors de visites dans les huit r\u00e9gions de l&rsquo;int\u00e9rieur du pays. \u00ab\u00a0Je ne peux pas accepter un pays o\u00f9 il y a des portugais de premi\u00e8re et de deuxi\u00e8me classe.\u00a0\u00bb<\/p>\n<p>Ant\u00f3nio Jos\u00e9 Seguro venait d&rsquo;entendre le maire, le socialiste Americo Pereira, se plaignant de l&rsquo;actuel gouvernement \u00e0 \u00ab\u00a0d\u00e9faire en quelques mois\u00a0\u00bb le travail qui avait \u00e9t\u00e9 effectu\u00e9e par les deux gouvernements (de S\u00f3crates) qui l&rsquo;ont pr\u00e9c\u00e9d\u00e9.<br \/>\nEt en ajoutant: \u00ab\u00a0Il est impossible d&rsquo;attirer des investissements, cr\u00e9er de la richesse, cr\u00e9er des emplois, avec cette politique erron\u00e9e\u00a0\u00bb (de fermer les services dans l&rsquo;int\u00e9rieur du le pays).<\/p>\n<p>Convaincu qu&rsquo;il \u00ab\u00a0est n\u00e9cessaire que celui qui d\u00e9cide soit sensible \u00e0 l&rsquo;int\u00e9rieur du pays\u00a0\u00bb, a de nouveau propos\u00e9, une  alternative \u00e0 la fermeture de tribunaux (et Vinhais se trouve dans liste) d\u00e9fendues par la ministre de la Justice, la mobilit\u00e9 de la magistrature.<\/p>\n<p>Ant\u00f3nio Jos\u00e9 Seguro a pris en consid\u00e9ration la demande du maire pour \u00ab\u00a0le jour, lorsque qu&rsquo;il serait Premier ministre\u00a0\u00bb aiderait \u00e0 la mise en \u0153uvre d&rsquo;une autoroute entre Vinhais e Bragan\u00e7a. Tout en \u00e9tant prudent, il ajoute: \u00ab\u00a0Mais je ne peux pas promettre ce qui m&rsquo;est impossible\u00a0\u00bb.<\/p>\n<p><img loading=\"lazy\" decoding=\"async\" class=\"alignleft size-full wp-image-180\" style=\"border: 0pt none;\" title=\"icon-pt\" src=\"http:\/\/www.culturalusa.com\/news\/wp-content\/uploads\/2012\/04\/icon-pt.gif\" alt=\"\" width=\"14\" height=\"14\" \/> <span style=\"color: #800000;\">\u00ab\u00a0N\u00e3o aceito um pa\u00eds com portugueses de primeira e de segunda\u00a0\u00bb<\/span><\/p>\n<p>Ant\u00f3nio Jos\u00e9 Seguro juntou-se ao grupo parlamentar do PS, reunido em Bragan\u00e7a. Em Vinhais, junto ao tribunal que est\u00e1 na lista para encerrar, pediu ao Governo que olhe para o Interior com outros olhos.<\/p>\n<p>O Governo deveria \u00ab\u00a0olhar para o Interior n\u00e3o como um custo, mas como uma oportunidade\u00a0\u00bb. Apesar de o tema das jornadas parlamentares do PS ser o Crescimento Econ\u00f3mico e o Emprego, \u00e9 inevit\u00e1vel falar de Interior. Afinal \u00e9 essa a raz\u00e3o por que os deputados socialistas escolheram Bragan\u00e7a, o distrito que ainda hoje dista seis horas de Lisboa, para se reunirem.<\/p>\n<p>Em Vinhais, a 30 quil\u00f3metros e muitas curvas da sede de distrito, o secret\u00e1rio-geral do PS volta assim ao assunto que o levara, h\u00e1 cerca de dois meses, num Roteiro pelos oito distritos do Interior do pa\u00eds. \u00ab\u00a0N\u00e3o posso aceitar um pa\u00eds em que h\u00e1 portugueses de primeira e de segunda\u00a0\u00bb.<\/p>\n<p>Ant\u00f3nio Jos\u00e9 Seguro tinha acabado de ouvir o presidente da C\u00e2mara, o socialista Am\u00e9rico Pereira, queixar-se de o Governo actual estar a \u00ab\u00a0desfazer em poucos meses\u00a0\u00bb o trabalho em prol do Interior que tinha sido levado a cabo pelos dois governos (de S\u00f3crates) que o antecederam. E secundou-o: \u00ab\u00a0\u00c9 imposs\u00edvel captar investimento, criar riqueza, criar postos de trabalho, com esta pol\u00edtica errada\u00a0\u00bb (de encerrar servi\u00e7os no interior do pa\u00eds).<\/p>\n<p>Convicto de que \u00ab\u00a0\u00e9 preciso que quem decide seja sens\u00edvel ao interior\u00a0\u00bb, voltou a propor , em alternativa ao encerramento de tribunais (e o de Vinhais est\u00e1 na lista) defendido pela ministra da Justi\u00e7a, a mobilidade dos magistrados.<\/p>\n<p>Registou o pedido do presidente da C\u00e2mara para \u00ab\u00a0um dia, quando for primeiro-ministro\u00a0\u00bb ajudar \u00e0 concretiza\u00e7\u00e3o de uma via r\u00e1pida entre Vinhais e Bragan\u00e7a. Mas n\u00e3o se comprometeu: \u00ab\u00a0N\u00e3o prometo o que n\u00e3o posso\u00a0\u00bb, disse. (Fonte:Expresso)<\/p>\n<p><script type=\"text\/javascript\"><!--\ngoogle_ad_client = \"ca-pub-2727717456356200\";\n\/* CulturaLusa 468x60 *\/\ngoogle_ad_slot = \"2785499263\";\ngoogle_ad_width = 468;\ngoogle_ad_height = 60;\n\/\/-->\n<\/script><br \/>\n<script type=\"text\/javascript\"\nsrc=\"http:\/\/pagead2.googlesyndication.com\/pagead\/show_ads.js\">\n<\/script><\/p>\n","protected":false},"excerpt":{"rendered":"<p>\u00ab\u00a0Je n&rsquo;accepte pas un pays avec des Portugais de premi\u00e8re et de deuxi\u00e8me classe\u00a0\u00bb. Ant\u00f3nio Jos\u00e9 Seguro (leader du PS portugais) a rejoint le groupe parlementaire du Parti socialiste \u00e0 Bragan\u00e7a. A Vinhais, proche du tribunal qui doit fermer ses portes, a demand\u00e9 au gouvernement qu&rsquo;il regarde vers l&rsquo;int\u00e9rieur du pays avec d&rsquo;autres yeux. Le [&hellip;]<\/p>\n","protected":false},"author":1,"featured_media":405,"comment_status":"open","ping_status":"closed","sticky":false,"template":"","format":"standard","meta":{"footnotes":""},"categories":[3],"tags":[1405,99,1404],"class_list":["post-404","post","type-post","status-publish","format-standard","has-post-thumbnail","hentry","category-portugal","tag-antonio-jose-seguro","tag-gouvernement-portugais","tag-politique-portugal"],"aioseo_notices":[],"_links":{"self":[{"href":"https:\/\/www.culturalusa.com\/news\/wp-json\/wp\/v2\/posts\/404","targetHints":{"allow":["GET"]}}],"collection":[{"href":"https:\/\/www.culturalusa.com\/news\/wp-json\/wp\/v2\/posts"}],"about":[{"href":"https:\/\/www.culturalusa.com\/news\/wp-json\/wp\/v2\/types\/post"}],"author":[{"embeddable":true,"href":"https:\/\/www.culturalusa.com\/news\/wp-json\/wp\/v2\/users\/1"}],"replies":[{"embeddable":true,"href":"https:\/\/www.culturalusa.com\/news\/wp-json\/wp\/v2\/comments?post=404"}],"version-history":[{"count":0,"href":"https:\/\/www.culturalusa.com\/news\/wp-json\/wp\/v2\/posts\/404\/revisions"}],"wp:featuredmedia":[{"embeddable":true,"href":"https:\/\/www.culturalusa.com\/news\/wp-json\/wp\/v2\/media\/405"}],"wp:attachment":[{"href":"https:\/\/www.culturalusa.com\/news\/wp-json\/wp\/v2\/media?parent=404"}],"wp:term":[{"taxonomy":"category","embeddable":true,"href":"https:\/\/www.culturalusa.com\/news\/wp-json\/wp\/v2\/categories?post=404"},{"taxonomy":"post_tag","embeddable":true,"href":"https:\/\/www.culturalusa.com\/news\/wp-json\/wp\/v2\/tags?post=404"}],"curies":[{"name":"wp","href":"https:\/\/api.w.org\/{rel}","templated":true}]}}