{"id":4064,"date":"2018-12-06T16:34:21","date_gmt":"2018-12-06T15:34:21","guid":{"rendered":"https:\/\/www.culturalusa.com\/news\/?p=4064"},"modified":"2020-10-20T17:29:26","modified_gmt":"2020-10-20T15:29:26","slug":"garde-frontieres-europeens-pour-les-pays-de-lue","status":"publish","type":"post","link":"https:\/\/www.culturalusa.com\/news\/actualite\/garde-frontieres-europeens-pour-les-pays-de-lue\/","title":{"rendered":"Garde-fronti\u00e8res europ\u00e9ens pour les pays de l&rsquo;UE"},"content":{"rendered":"<p>L&rsquo;objectif de 10.000 garde-fronti\u00e8res sous banni\u00e8re europ\u00e9enne mobilisables d&rsquo;ici 2020 n&rsquo;est pas \u00ab\u00a0r\u00e9alisable\u00a0\u00bb, a jug\u00e9 jeudi la pr\u00e9sidence autrichienne de l&rsquo;UE, faisant \u00e9cho aux r\u00e9serves des Etats membres sur un projet phare de la Commission pour <strong>faire face aux migrations irr\u00e9guli\u00e8res<\/strong>.<\/p>\n<p>L&rsquo;ambition de l&rsquo;ex\u00e9cutif europ\u00e9en \u00ab\u00a0d\u00e9passe en fait le cadre de ce qui est r\u00e9alisable\u00a0\u00bb, a d\u00e9clar\u00e9 le ministre autrichien de l&rsquo;Int\u00e9rieur, Herbert Kickl, lors d&rsquo;une r\u00e9union avec ses homologues des pays de l&rsquo;Union europ\u00e9enne \u00e0 Bruxelles.<\/p>\n<p>\u00ab\u00a0Je pense que ce chiffre de 10.000 est un bon chiffre, mais la question est de savoir dans quel d\u00e9lai et comment on r\u00e9unit ces 10.000 personnes\u00a0\u00bb, a poursuivi le ministre, indiquant qu&rsquo;il travaillait \u00e0 un compromis avec les autres pays pour modifier le calendrier du projet.<\/p>\n<p>La Commission europ\u00e9enne a propos\u00e9 en septembre un renforcement consid\u00e9rable \u00e0 l&rsquo;horizon 2020 de l&rsquo;Agence europ\u00e9enne de garde-fronti\u00e8res et de garde-c\u00f4tes (le nouveau nom officiel de Frontex), qu&rsquo;elle souhaite doter de son propre \u00e9quipement et d&rsquo;un mandat tr\u00e8s \u00e9largi.<\/p>\n<p>Les ministres de l&rsquo;Int\u00e9rieur r\u00e9unis \u00e0 Bruxelles ont accept\u00e9 jeudi d&rsquo;autoriser Frontex \u00e0 participer aux op\u00e9rations de renvois des migrants irr\u00e9guliers vers leurs pays d&rsquo;origine et \u00e0 intervenir dans des pays non-europ\u00e9ens, y compris africains.<\/p>\n<p>Mais ils auront besoin de plus de temps pour trancher la question des futurs effectifs, alors que la Commission souhaite la mobilisation de 10.000 agents d\u00e8s 2020. Ce nombre global inclurait le personnel propre de Frontex (1.500 d&rsquo;ici 2020, 3.000 en 2027) et des agents d\u00e9tach\u00e9s par les Etats membres (8.500 en 2020, 7.000 en 2027).<\/p>\n<p>\u00ab\u00a0Nous ne devons pas faire de promesses utopiques\u00a0\u00bb, a mis en garde jeudi le ministre allemand Horst Seehofer, qui soutient comme la France le projet de la Commission mais en contestant le rythme jug\u00e9 irr\u00e9aliste de croissance des effectifs.<\/p>\n<p>\u00ab\u00a02025 serait un horizon atteignable selon moi pour atteindre les 10.000\u00a0\u00bb, a ajout\u00e9 le ministre allemand, tandis que l&rsquo;Autriche a de son c\u00f4t\u00e9 propos\u00e9 la date de 2027.<\/p>\n<p>M. Seehofer a pr\u00e9venu que les contr\u00f4les aux fronti\u00e8res r\u00e9tablis dans l&rsquo;espace Schengen, par la France et l&rsquo;Allemagne notamment, \u00ab\u00a0ne pourront pas \u00eatre abandonn\u00e9s\u00a0\u00bb tant que les fronti\u00e8res ext\u00e9rieures de l&rsquo;UE ne seront pas mieux prot\u00e9g\u00e9es.<\/p>\n<p>Outre les r\u00e9serves li\u00e9es aux effectifs, les projets de Bruxelles inqui\u00e8tent aussi des pays situ\u00e9s aux confins de l&rsquo;UE, comme l&rsquo;Italie, l&rsquo;Espagne, la Gr\u00e8ce ou la Hongrie, qui craignent d&rsquo;\u00eatre priv\u00e9s de la souverainet\u00e9 sur leurs fronti\u00e8res en cas d&rsquo;intervention de l&rsquo;agence europ\u00e9enne.<\/p>\n<p>Les op\u00e9rations des garde-fronti\u00e8res europ\u00e9ens devront toujours se faire sous le contr\u00f4le des autorit\u00e9s nationales. Mais une disposition controvers\u00e9e du projet donnerait \u00e0 la Commission le pouvoir de d\u00e9cider une intervention dans un pays jug\u00e9 d\u00e9faillant dans la protection des fronti\u00e8res ext\u00e9rieures, m\u00eame s&rsquo;il ne le demande pas.<\/p>\n<p>La Commission europ\u00e9enne a exhort\u00e9 mardi les Etats membres et le Parlement europ\u00e9en \u00e0 adopter la nouvelle l\u00e9gislation sur les garde-fronti\u00e8res avant les \u00e9lections europ\u00e9ennes de mai prochain. (AFP)<\/p>\n","protected":false},"excerpt":{"rendered":"<p>L&rsquo;objectif de 10.000 garde-fronti\u00e8res sous banni\u00e8re europ\u00e9enne mobilisables d&rsquo;ici 2020 n&rsquo;est pas \u00ab\u00a0r\u00e9alisable\u00a0\u00bb, a jug\u00e9 jeudi la pr\u00e9sidence autrichienne de l&rsquo;UE, faisant \u00e9cho aux r\u00e9serves des Etats membres sur un projet phare de la Commission pour faire face aux migrations irr\u00e9guli\u00e8res. L&rsquo;ambition de l&rsquo;ex\u00e9cutif europ\u00e9en \u00ab\u00a0d\u00e9passe en fait le cadre de ce qui est r\u00e9alisable\u00a0\u00bb, [&hellip;]<\/p>\n","protected":false},"author":1,"featured_media":4065,"comment_status":"open","ping_status":"closed","sticky":false,"template":"","format":"standard","meta":{"footnotes":""},"categories":[30],"tags":[845,914,844],"class_list":["post-4064","post","type-post","status-publish","format-standard","has-post-thumbnail","hentry","category-actualite","tag-frontex","tag-garde-frontieres","tag-migrations"],"aioseo_notices":[],"_links":{"self":[{"href":"https:\/\/www.culturalusa.com\/news\/wp-json\/wp\/v2\/posts\/4064","targetHints":{"allow":["GET"]}}],"collection":[{"href":"https:\/\/www.culturalusa.com\/news\/wp-json\/wp\/v2\/posts"}],"about":[{"href":"https:\/\/www.culturalusa.com\/news\/wp-json\/wp\/v2\/types\/post"}],"author":[{"embeddable":true,"href":"https:\/\/www.culturalusa.com\/news\/wp-json\/wp\/v2\/users\/1"}],"replies":[{"embeddable":true,"href":"https:\/\/www.culturalusa.com\/news\/wp-json\/wp\/v2\/comments?post=4064"}],"version-history":[{"count":0,"href":"https:\/\/www.culturalusa.com\/news\/wp-json\/wp\/v2\/posts\/4064\/revisions"}],"wp:featuredmedia":[{"embeddable":true,"href":"https:\/\/www.culturalusa.com\/news\/wp-json\/wp\/v2\/media\/4065"}],"wp:attachment":[{"href":"https:\/\/www.culturalusa.com\/news\/wp-json\/wp\/v2\/media?parent=4064"}],"wp:term":[{"taxonomy":"category","embeddable":true,"href":"https:\/\/www.culturalusa.com\/news\/wp-json\/wp\/v2\/categories?post=4064"},{"taxonomy":"post_tag","embeddable":true,"href":"https:\/\/www.culturalusa.com\/news\/wp-json\/wp\/v2\/tags?post=4064"}],"curies":[{"name":"wp","href":"https:\/\/api.w.org\/{rel}","templated":true}]}}