{"id":4081,"date":"2018-12-13T20:17:46","date_gmt":"2018-12-13T19:17:46","guid":{"rendered":"https:\/\/www.culturalusa.com\/news\/?p=4081"},"modified":"2020-09-25T00:05:52","modified_gmt":"2020-09-24T22:05:52","slug":"radiohead-the-cure-et-janet-jackson-elus-au-hall-of-fame-du-rock","status":"publish","type":"post","link":"https:\/\/www.culturalusa.com\/news\/culture\/radiohead-the-cure-et-janet-jackson-elus-au-hall-of-fame-du-rock\/","title":{"rendered":"Radiohead, The Cure et Janet Jackson \u00e9lus au Hall of Fame du rock"},"content":{"rendered":"<p>Les groupes britanniques <strong>The Cure<\/strong> et <strong>Radiohead<\/strong> vont entrer, avec la chanteuse am\u00e9ricaine <strong>Janet Jackson<\/strong> notamment, au Rock and Roll Hall of Fame, a annonc\u00e9 jeudi le panth\u00e9on du rock&rsquo;n&rsquo;roll, qui a depuis longtemps ouvert ses portes \u00e0 d&rsquo;autres genres musicaux.<\/p>\n<p>La cuv\u00e9e 2019 est compl\u00e9t\u00e9e par trois autres groupes britanniques, Def Leppard, Roxy Music et The Zombies, qui repr\u00e9sentent trois styles tr\u00e8s diff\u00e9rents, ainsi que par la chanteuse am\u00e9ricaine Stevie Nicks, d\u00e9j\u00e0 membre avec son groupe Fleetwood Mac mais honor\u00e9e cette fois-ci \u00e0 titre individuel.<\/p>\n<p>M\u00eame si le palmar\u00e8s est globalement assez rock, l&rsquo;inclusion de la chanteuse pop Janet Jackson d\u00e9montre la volont\u00e9 du Hall of Fame de ne pas se cantonner au rock stricto sensu.<\/p>\n<p>Il a notamment d\u00e9j\u00e0 accueilli plusieurs rappeurs ou artistes issus du folk, du reggae, de la soul et du R&#038;B.<\/p>\n<p>Parmi les recal\u00e9s qui figuraient sur la pr\u00e9-s\u00e9lection d\u00e9voil\u00e9e en octobre par le Hall of Fame, situ\u00e9 \u00e0 Cleveland (Ohio), figurent le groupe \u00e9lectro allemand Kraftwerk et le rappeur am\u00e9ricain LL Cool J.<\/p>\n<p>Un artiste devient \u00e9ligible 25 ans apr\u00e8s la date de sortie de son premier enregistrement.<\/p>\n<p>Pr\u00e8s de 40 ans apr\u00e8s la sortie du premier album du groupe sous ce nom (Easy Cure auparavant), The Cure sera officiellement intronis\u00e9 lors d&rsquo;une c\u00e9r\u00e9monie organis\u00e9e le 29 mars 2019 \u00e0 Brooklyn.<\/p>\n<p>Le groupe a profond\u00e9ment marqu\u00e9 les ann\u00e9es 80 et 90 avec sa musique teint\u00e9e de m\u00e9lancolie et de romantisme, dont quelques succ\u00e8s plan\u00e9taires comme \u00ab\u00a0Boys Don&rsquo;t Cry\u00a0\u00bb, \u00ab\u00a0Close To Me\u00a0\u00bb ou \u00ab\u00a0Friday I&rsquo;m in Love\u00a0\u00bb.<\/p>\n<p>La composition du groupe a beaucoup \u00e9volu\u00e9 autour de son chanteur Robert Smith, image de Cure avec sa voix aig\u00fce, son maquillage et sa coiffure volumineuse, les cheveux savamment \u00e9bouriff\u00e9s.<\/p>\n<p>Bien que n&rsquo;ayant plus sorti d&rsquo;album depuis 2008, The Cure continue \u00e0 remplir les salles et les stades partout o\u00f9 il se produit.<\/p>\n<p>Le 7 juillet, pour les 40 ans de carri\u00e8re du groupe, ils ont r\u00e9uni 65.000 personnes sur la pelouse d&rsquo;Hyde Park, \u00e0 Londres.<\/p>\n<p><strong>OK Computer<\/strong><\/p>\n<p>A des ann\u00e9es lumi\u00e8re de l&rsquo;univers de Cure, le Rock and Roll Hall of Fame a \u00e9galement choisi d&rsquo;honorer Janet Jackson, \u00e9lue par un coll\u00e8ge de plus de mille personnes, membres, historiens de la musique et professionnels de l&rsquo;industrie musicale.<\/p>\n<p>Initialement connue pour \u00eatre la petite soeur du roi de la pop, Michael Jackson, Janet Jackson s&rsquo;est construit une carri\u00e8re \u00e0 partir du milieu des ann\u00e9es 80.<\/p>\n<p>En 1986, l&rsquo;album \u00ab\u00a0Control\u00a0\u00bb a fait d&rsquo;elle une star \u00e0 part enti\u00e8re, gr\u00e2ce \u00e0 un son qui a su marier habilement la pop et le R&#038;B.<\/p>\n<p>A l&rsquo;instar de son fr\u00e8re, toutes proportions gard\u00e9es, elle est parvenue \u00e0 cr\u00e9er un univers novateur o\u00f9 la danse \u00e9tait tr\u00e8s pr\u00e9sente, lequel allait inspirer plusieurs g\u00e9n\u00e9rations de chanteuses, jusqu&rsquo;\u00e0 aujourd&rsquo;hui.<\/p>\n<p>De 1986 \u00e0 2000, dix de ses titres ont atteint la premi\u00e8re place du classement des ventes aux Etats-Unis, dont \u00ab\u00a0Miss You Much\u00a0\u00bb ou \u00ab\u00a0Rythm Nation\u00a0\u00bb avec des clips qui ont modernis\u00e9 les chor\u00e9graphies de groupe.<\/p>\n<p>Autre laur\u00e9at de cette promotion, le groupe anglais Radiohead, \u00e9cart\u00e9 l&rsquo;an dernier alors qu&rsquo;ils \u00e9taient consid\u00e9r\u00e9s comme l&rsquo;un des favoris de la pr\u00e9-s\u00e9lection.<\/p>\n<p>Radiohead a marqu\u00e9 d\u00e8s son premier album par sa musique sombre et n\u00e9vros\u00e9e, qui tranchait avec l&rsquo;espi\u00e8glerie de la \u00ab\u00a0brit pop\u00a0\u00bb, dominante en Angleterre au d\u00e9but des ann\u00e9es 90.<\/p>\n<p>Port\u00e9 par l&rsquo;esprit tortur\u00e9 du chanteur Thom Yorke et par sa voix envo\u00fbtante, le groupe s&rsquo;est positionn\u00e9 \u00e0 l&rsquo;avant-garde du rock, notamment avec son album \u00ab\u00a0OK Computer\u00a0\u00bb, qui a marqu\u00e9 la fin des ann\u00e9es 90.<\/p>\n","protected":false},"excerpt":{"rendered":"<p>Les groupes britanniques The Cure et Radiohead vont entrer, avec la chanteuse am\u00e9ricaine Janet Jackson notamment, au Rock and Roll Hall of Fame, a annonc\u00e9 jeudi le panth\u00e9on du rock&rsquo;n&rsquo;roll, qui a depuis longtemps ouvert ses portes \u00e0 d&rsquo;autres genres musicaux. La cuv\u00e9e 2019 est compl\u00e9t\u00e9e par trois autres groupes britanniques, Def Leppard, Roxy Music [&hellip;]<\/p>\n","protected":false},"author":1,"featured_media":4082,"comment_status":"open","ping_status":"closed","sticky":false,"template":"","format":"standard","meta":{"footnotes":""},"categories":[4],"tags":[918,916,917],"class_list":["post-4081","post","type-post","status-publish","format-standard","has-post-thumbnail","hentry","category-culture","tag-hall-of-fame-rock","tag-radiohead","tag-the-cure"],"aioseo_notices":[],"_links":{"self":[{"href":"https:\/\/www.culturalusa.com\/news\/wp-json\/wp\/v2\/posts\/4081","targetHints":{"allow":["GET"]}}],"collection":[{"href":"https:\/\/www.culturalusa.com\/news\/wp-json\/wp\/v2\/posts"}],"about":[{"href":"https:\/\/www.culturalusa.com\/news\/wp-json\/wp\/v2\/types\/post"}],"author":[{"embeddable":true,"href":"https:\/\/www.culturalusa.com\/news\/wp-json\/wp\/v2\/users\/1"}],"replies":[{"embeddable":true,"href":"https:\/\/www.culturalusa.com\/news\/wp-json\/wp\/v2\/comments?post=4081"}],"version-history":[{"count":0,"href":"https:\/\/www.culturalusa.com\/news\/wp-json\/wp\/v2\/posts\/4081\/revisions"}],"wp:featuredmedia":[{"embeddable":true,"href":"https:\/\/www.culturalusa.com\/news\/wp-json\/wp\/v2\/media\/4082"}],"wp:attachment":[{"href":"https:\/\/www.culturalusa.com\/news\/wp-json\/wp\/v2\/media?parent=4081"}],"wp:term":[{"taxonomy":"category","embeddable":true,"href":"https:\/\/www.culturalusa.com\/news\/wp-json\/wp\/v2\/categories?post=4081"},{"taxonomy":"post_tag","embeddable":true,"href":"https:\/\/www.culturalusa.com\/news\/wp-json\/wp\/v2\/tags?post=4081"}],"curies":[{"name":"wp","href":"https:\/\/api.w.org\/{rel}","templated":true}]}}