{"id":4122,"date":"2019-01-03T14:47:14","date_gmt":"2019-01-03T13:47:14","guid":{"rendered":"https:\/\/www.culturalusa.com\/news\/?p=4122"},"modified":"2020-10-20T17:25:23","modified_gmt":"2020-10-20T15:25:23","slug":"le-conseiller-communication-demmanuel-macron-va-quitter-lelysee","status":"publish","type":"post","link":"https:\/\/www.culturalusa.com\/news\/actualite\/le-conseiller-communication-demmanuel-macron-va-quitter-lelysee\/","title":{"rendered":"Le conseiller communication d&rsquo;Emmanuel Macron va quitter l&rsquo;Elys\u00e9e"},"content":{"rendered":"<p>Le conseiller communication du Pr\u00e9sident E. Macron, Sylvain Fort, qui avait rejoint en ao\u00fbt 2016 l&rsquo;\u00e9quipe de campagne du candidat d&rsquo;En Marche, a confirm\u00e9 jeudi qu&rsquo;il quitterait l&rsquo;Elys\u00e9e d&rsquo;ici la fin du mois de janvier pour des raisons personnelles.<\/p>\n<p>\u00ab\u00a0Ma loyaut\u00e9\u00a0\u00bb \u00e0 l&rsquo;\u00e9gard du chef de l&rsquo;Etat \u00ab\u00a0reste totale\u00a0\u00bb, a dit le normalien de 46 ans, en charge des discours du pr\u00e9sident, au Parisien qui a r\u00e9v\u00e9l\u00e9 l&rsquo;information. Sylvain Fort a pr\u00e9cis\u00e9 \u00e0 Reuters que l&rsquo;Elys\u00e9e communiquerait ult\u00e9rieurement sur son remplacement.<\/p>\n<p>Ce grand amateur d&rsquo;op\u00e9ra avait pris le poste de conseiller discours et m\u00e9moire \u00e0 son arriv\u00e9e \u00e0 l&rsquo;Elys\u00e9e en 2017. Connu pour ses phrases cisel\u00e9es et ses r\u00e9f\u00e9rences historiques, il a aussi \u00e9t\u00e9 critiqu\u00e9 pour ses interventions muscl\u00e9es aupr\u00e8s de journalistes.<\/p>\n<p>L&rsquo;annonce de son d\u00e9part intervient au moment o\u00f9 Emmanuel Macron est confront\u00e9 \u00e0 un nouvel \u00e9pisode de l'\u00a0\u00bbaffaire Benalla\u00a0\u00bb, du nom de son ancien charg\u00e9 de mission mis en cause dans des violences lors des manifestations du 1er-Mai.<\/p>\n<p>Une enqu\u00eate pr\u00e9liminaire a \u00e9t\u00e9 ouverte samedi dernier par le parquet de Paris contre Alexandre Benalla, accus\u00e9 d&rsquo;avoir utilis\u00e9 ses passeports diplomatiques apr\u00e8s son licenciement cet \u00e9t\u00e9.<\/p>\n<p>A la suite du premier volet de l&rsquo;affaire, l&rsquo;Elys\u00e9e avait proc\u00e9d\u00e9 \u00e0 une r\u00e9organisation de ses services, nommant notamment \u00e0 la t\u00eate du service de communication Sylvain Fort, second\u00e9 par la conseill\u00e8re presse d&rsquo;Emmanuel Macron Sibeth Ndiaye, en poste depuis mai 2017.<\/p>\n<p>Malmen\u00e9 dans les sondages, le chef de l&rsquo;Etat a \u00e9galement \u00e9t\u00e9 affaibli par la crise des \u00ab\u00a0Gilets jaunes\u00a0\u00bb qui l&rsquo;a contraint d\u00e9but d\u00e9cembre \u00e0 revoir sa strat\u00e9gie et \u00e0 faire une s\u00e9rie d&rsquo;annonces en mati\u00e8re de pouvoir d&rsquo;achat, chiffr\u00e9es \u00e0 10 milliards d&rsquo;euros.<\/p>\n<p>Lors de sa derni\u00e8re prise de parole officielle, lundi soir \u00e0 l&rsquo;occasion des traditionnels \u00ab\u00a0voeux aux Fran\u00e7ais\u00a0\u00bb, Emmanuel Macron s&rsquo;est dit d\u00e9termin\u00e9 \u00e0 mener \u00e0 bien son train de r\u00e9formes et a exclu tout \u00ab\u00a0renoncement\u00a0\u00bb, appelant notamment les Fran\u00e7ais \u00e0 \u00ab\u00a0accepter la r\u00e9alit\u00e9\u00a0\u00bb.<\/p>\n<p>TEMP\u00caTE DANS UN VERRE D&rsquo;EAU<\/p>\n<p>R\u00e9agissant \u00e0 l&rsquo;annonce du d\u00e9part de Sylvain Fort, le ministre de l&rsquo;Action et des Comptes publics, G\u00e9rald Darmanin, a exprim\u00e9 son \u00ab\u00a0respect\u00a0\u00bb pour la plume du chef de l&rsquo;Etat.<\/p>\n<p>\u00ab\u00a0Je trouve qu&rsquo;il a fait des discours absolument magnifiques pour le pr\u00e9sident de la R\u00e9publique, notamment le discours des Bernardins (lors duquel le chef de l&rsquo;Etat avait exprim\u00e9 le souhait de r\u00e9parer le lien entre l&rsquo;Eglise catholique et l&rsquo;Etat-NDLR) qui a \u00e9t\u00e9 tr\u00e8s critiqu\u00e9 mais que moi j&rsquo;ai trouv\u00e9 tr\u00e8s touchant, tr\u00e8s vrai, tr\u00e8s R\u00e9publicain, aussi le discours (consacr\u00e9 au) colonel Beltrame\u00a0\u00bb, a-t-il dit sur CNews.<\/p>\n<p>Si Sylvain Fort part, \u00ab\u00a0c&rsquo;est simplement pour retrouver sa famille\u00a0\u00bb, a minimis\u00e9 de son c\u00f4t\u00e9 le ministre de l&rsquo;Economie et des Finances Bruno Le Maire sur France Inter. \u00ab\u00a0Sylvain Fort est un gar\u00e7on exceptionnel, je le connais bien, mais le choix qu&rsquo;il fait est un choix personnel\u00a0\u00bb, a-t-il ajout\u00e9, \u00e9voquant une \u00ab\u00a0temp\u00eate dans un verre d&rsquo;eau\u00a0\u00bb.<\/p>\n<p>Ce d\u00e9part s&rsquo;ajoute \u00e0 celui du conseiller politique d&rsquo;Emmanuel Macron, St\u00e9phane S\u00e9journ\u00e9, parti diriger la campagne des \u00e9lections europ\u00e9ennes de La R\u00e9publique en marche (LaRem) et \u00e0 celui, plus r\u00e9cent, de la conseill\u00e8re technique Afrique du Nord et Moyen-Orient Ahlem Gharbi.<\/p>\n<p>Le d\u00e9part de cette derni\u00e8re et son remplacement \u00e0 partir du 7 janvier prochain par Marie Philippe ont \u00e9t\u00e9 officialis\u00e9s par un arr\u00eat\u00e9 publi\u00e9 au Journal Officiel ce jeudi.<\/p>\n<p>Un autre arr\u00eat\u00e9, \u00e9galement publi\u00e9 jeudi, a mis fin aux fonctions de la conseill\u00e8re communication internationale Barbara Frugier dont le nom de la rempla\u00e7ante ou du rempla\u00e7ant n&rsquo;a pas \u00e9t\u00e9 communiqu\u00e9. (Reuters)<\/p>\n","protected":false},"excerpt":{"rendered":"<p>Le conseiller communication du Pr\u00e9sident E. Macron, Sylvain Fort, qui avait rejoint en ao\u00fbt 2016 l&rsquo;\u00e9quipe de campagne du candidat d&rsquo;En Marche, a confirm\u00e9 jeudi qu&rsquo;il quitterait l&rsquo;Elys\u00e9e d&rsquo;ici la fin du mois de janvier pour des raisons personnelles. \u00ab\u00a0Ma loyaut\u00e9\u00a0\u00bb \u00e0 l&rsquo;\u00e9gard du chef de l&rsquo;Etat \u00ab\u00a0reste totale\u00a0\u00bb, a dit le normalien de 46 [&hellip;]<\/p>\n","protected":false},"author":1,"featured_media":4124,"comment_status":"open","ping_status":"closed","sticky":false,"template":"","format":"standard","meta":{"footnotes":""},"categories":[30],"tags":[829,642],"class_list":["post-4122","post","type-post","status-publish","format-standard","has-post-thumbnail","hentry","category-actualite","tag-elysee","tag-emmanuel-macron"],"aioseo_notices":[],"_links":{"self":[{"href":"https:\/\/www.culturalusa.com\/news\/wp-json\/wp\/v2\/posts\/4122","targetHints":{"allow":["GET"]}}],"collection":[{"href":"https:\/\/www.culturalusa.com\/news\/wp-json\/wp\/v2\/posts"}],"about":[{"href":"https:\/\/www.culturalusa.com\/news\/wp-json\/wp\/v2\/types\/post"}],"author":[{"embeddable":true,"href":"https:\/\/www.culturalusa.com\/news\/wp-json\/wp\/v2\/users\/1"}],"replies":[{"embeddable":true,"href":"https:\/\/www.culturalusa.com\/news\/wp-json\/wp\/v2\/comments?post=4122"}],"version-history":[{"count":0,"href":"https:\/\/www.culturalusa.com\/news\/wp-json\/wp\/v2\/posts\/4122\/revisions"}],"wp:featuredmedia":[{"embeddable":true,"href":"https:\/\/www.culturalusa.com\/news\/wp-json\/wp\/v2\/media\/4124"}],"wp:attachment":[{"href":"https:\/\/www.culturalusa.com\/news\/wp-json\/wp\/v2\/media?parent=4122"}],"wp:term":[{"taxonomy":"category","embeddable":true,"href":"https:\/\/www.culturalusa.com\/news\/wp-json\/wp\/v2\/categories?post=4122"},{"taxonomy":"post_tag","embeddable":true,"href":"https:\/\/www.culturalusa.com\/news\/wp-json\/wp\/v2\/tags?post=4122"}],"curies":[{"name":"wp","href":"https:\/\/api.w.org\/{rel}","templated":true}]}}