{"id":4125,"date":"2019-01-04T19:47:30","date_gmt":"2019-01-04T18:47:30","guid":{"rendered":"https:\/\/www.culturalusa.com\/news\/?p=4125"},"modified":"2020-09-26T18:42:06","modified_gmt":"2020-09-26T16:42:06","slug":"allemagne-les-donnees-personnelles-de-centaines-de-responsables-piratees-et-divulguees","status":"publish","type":"post","link":"https:\/\/www.culturalusa.com\/news\/monde\/allemagne-les-donnees-personnelles-de-centaines-de-responsables-piratees-et-divulguees\/","title":{"rendered":"Allemagne: Les donn\u00e9es personnelles de centaines de responsables, pirat\u00e9es et divulgu\u00e9es"},"content":{"rendered":"<p>Le gouvernement allemand a annonc\u00e9 que les donn\u00e9es personnelles de plusieurs personnalit\u00e9s politiques allemandes avaient \u00e9t\u00e9 divulgu\u00e9es en ligne. L\u2019origine de ces fuites n\u2019est pas connue. <\/p>\n<p>Les donn\u00e9es personnelles de centaines de personnalit\u00e9s politiques allemandes, dont la chanceli\u00e8re Angela Merkel, ont \u00e9t\u00e9 publi\u00e9es sur internet, a annonc\u00e9 vendredi le gouvernement, sans pouvoir dire \u00e0 ce stade s\u2019il s\u2019agit ou non d\u2019une cyberattaque.<\/p>\n<p>Aucune \u00ab\u00a0donn\u00e9e sensible\u00a0\u00bb \u00e9manant de la chancellerie n\u2019a toutefois \u00e9t\u00e9 rendu public \u00e0 cette occasion, a pr\u00e9cis\u00e9 Martina Fietz, tout en confirmant qu\u2019Angela Merkel \u00e9tait aussi vis\u00e9e par ces publications. <\/p>\n<p>\u00ab\u00a0Il est maintenant \u00e9tabli que les donn\u00e9es et des documents de centaines de responsables politiques et de personnalit\u00e9s publiques ont \u00e9t\u00e9 publi\u00e9es sur internet\u00a0\u00bb, a-t-elle indiqu\u00e9, suite \u00e0 des informations de presse en ce sens. Elle l\u2019ont \u00e9t\u00e9 via un compte twitter d\u00e9j\u00e0 vers No\u00ebl mais le gouvernement n\u2019en a fait \u00e9tat que vendredi.<\/p>\n<p><strong>Une attaque grave<\/strong><\/p>\n<p>Selon l\u2019un des documents post\u00e9s en ligne, deux adresses e-mails de la chanceli\u00e8re apparaissent, ainsi qu\u2019un num\u00e9ro de fax et l\u2019intitul\u00e9 d\u2019une lettre qui lui a \u00e9t\u00e9 adress\u00e9e.<\/p>\n<p>Le gouvernement ne \u00ab\u00a0peut ni confirmer ni d\u00e9mentir\u00a0\u00bb \u00e0 ce stade qu\u2019il s\u2019agit d\u2019une cyberattaque comme l\u2019Allemagne en a d\u00e9j\u00e0 connu, a pr\u00e9cis\u00e9 le porte-parole du minist\u00e8re de l\u2019Int\u00e9rieur, S\u00f6ren Schmidt.<\/p>\n<p>L\u2019Office pour la s\u00e9curit\u00e9 informatique (BSI) a jug\u00e9 sur Twitter qu\u2019il s\u2019agissait d\u00a0\u00bbune cyberattaque contre des politiques\u00a0\u00bb et expliqu\u00e9 \u00ab\u00a0\u00e9tudier intensivement\u00a0\u00bb l\u2019affaire \u00ab\u00a0en coordination \u00e9troite avec les autorit\u00e9s\u00a0\u00bb concern\u00e9es. <\/p>\n<p>La ministre allemande de la Justice, Katarina Barley, a d\u00e9nonc\u00e9 \u00ab\u00a0une attaque grave\u00a0\u00bb commandit\u00e9e par ceux \u00ab\u00a0qui veulent saboter la confiance en la d\u00e9mocratie et ses institutions\u00a0\u00bb, selon l\u2019agence allemande dpa.<\/p>\n<p><strong>Des listes de contacts cibl\u00e9es<\/strong><\/p>\n<p>Plusieurs m\u00e9dias, dont la cha\u00eene publique r\u00e9gionale RBB, avaient r\u00e9v\u00e9l\u00e9 un peu plus t\u00f4t que des centaines de personnalit\u00e9s politiques, mais aussi des journalistes du service public, des animateurs et des vedettes avaient \u00e9t\u00e9 victimes d\u2019une attaque informatique. <\/p>\n<p>Tous les grands partis politiques, de la CDU de la chanceli\u00e8re aux Verts, ont \u00e9t\u00e9 victimes de cette attaque de hackers, qui visent aussi bien des d\u00e9put\u00e9s que des \u00e9lus r\u00e9gionaux et m\u00eame municipaux.<\/p>\n<p>Ce sont avant tout des listes de contacts avec des centaines de num\u00e9ros de t\u00e9l\u00e9phones portables et d\u2019adresses qui ont \u00e9t\u00e9 diffus\u00e9es, ainsi que des documents internes aux partis comme des listes d\u2019adh\u00e9rents. <\/p>\n<p>Certains de ces documents datent toutefois d\u2019il y a plusieurs ann\u00e9es, poursuit RBB.  Des conversations par tchat, des documents d\u2019identit\u00e9, des lettres mais aussi des coordonn\u00e9es de cartes bancaires ont \u00e9t\u00e9 rendus public. (AFP) <\/p>\n","protected":false},"excerpt":{"rendered":"<p>Le gouvernement allemand a annonc\u00e9 que les donn\u00e9es personnelles de plusieurs personnalit\u00e9s politiques allemandes avaient \u00e9t\u00e9 divulgu\u00e9es en ligne. L\u2019origine de ces fuites n\u2019est pas connue. Les donn\u00e9es personnelles de centaines de personnalit\u00e9s politiques allemandes, dont la chanceli\u00e8re Angela Merkel, ont \u00e9t\u00e9 publi\u00e9es sur internet, a annonc\u00e9 vendredi le gouvernement, sans pouvoir dire \u00e0 ce [&hellip;]<\/p>\n","protected":false},"author":1,"featured_media":4127,"comment_status":"open","ping_status":"closed","sticky":false,"template":"","format":"standard","meta":{"footnotes":""},"categories":[1372],"tags":[615,217],"class_list":["post-4125","post","type-post","status-publish","format-standard","has-post-thumbnail","hentry","category-monde","tag-allemagne","tag-cyberattaque"],"aioseo_notices":[],"_links":{"self":[{"href":"https:\/\/www.culturalusa.com\/news\/wp-json\/wp\/v2\/posts\/4125","targetHints":{"allow":["GET"]}}],"collection":[{"href":"https:\/\/www.culturalusa.com\/news\/wp-json\/wp\/v2\/posts"}],"about":[{"href":"https:\/\/www.culturalusa.com\/news\/wp-json\/wp\/v2\/types\/post"}],"author":[{"embeddable":true,"href":"https:\/\/www.culturalusa.com\/news\/wp-json\/wp\/v2\/users\/1"}],"replies":[{"embeddable":true,"href":"https:\/\/www.culturalusa.com\/news\/wp-json\/wp\/v2\/comments?post=4125"}],"version-history":[{"count":0,"href":"https:\/\/www.culturalusa.com\/news\/wp-json\/wp\/v2\/posts\/4125\/revisions"}],"wp:featuredmedia":[{"embeddable":true,"href":"https:\/\/www.culturalusa.com\/news\/wp-json\/wp\/v2\/media\/4127"}],"wp:attachment":[{"href":"https:\/\/www.culturalusa.com\/news\/wp-json\/wp\/v2\/media?parent=4125"}],"wp:term":[{"taxonomy":"category","embeddable":true,"href":"https:\/\/www.culturalusa.com\/news\/wp-json\/wp\/v2\/categories?post=4125"},{"taxonomy":"post_tag","embeddable":true,"href":"https:\/\/www.culturalusa.com\/news\/wp-json\/wp\/v2\/tags?post=4125"}],"curies":[{"name":"wp","href":"https:\/\/api.w.org\/{rel}","templated":true}]}}