{"id":4129,"date":"2019-01-08T18:16:42","date_gmt":"2019-01-08T17:16:42","guid":{"rendered":"https:\/\/www.culturalusa.com\/news\/?p=4129"},"modified":"2020-10-20T17:24:22","modified_gmt":"2020-10-20T15:24:22","slug":"le-gouvernement-devoile-son-plan-de-lutte-contre-les-addictions","status":"publish","type":"post","link":"https:\/\/www.culturalusa.com\/news\/actualite\/le-gouvernement-devoile-son-plan-de-lutte-contre-les-addictions\/","title":{"rendered":"Le gouvernement d\u00e9voile son plan de lutte contre les addictions"},"content":{"rendered":"<p>D\u00e9voil\u00e9 mardi apr\u00e8s avoir \u00e9t\u00e9 report\u00e9 \u00e0 plusieurs reprises, le plan national de lutte contre les addictions du gouvernement pr\u00e9voit essentiellement de renforcer des mesures d\u00e9j\u00e0 en vigueur, sans hausse de la taxe sur les boissons alcoolis\u00e9es.<\/p>\n<p>Chaque ann\u00e9e en France, \u00ab\u00a0le tabac et l\u2019alcool sont responsables du d\u00e9c\u00e8s respectivement de 73.000 et de 49.000 personnes. Ces chiffres ne sont pas acceptables\u00a0\u00bb, estime le Premier ministre Edouard Philippe en introduction de ce rapport rendu public par la Mission interminist\u00e9rielle de lutte contre les drogues et les conduites addictives (Mildeca).<\/p>\n<p>\u00ab\u00a0L&rsquo;enjeu principal est de doter nos enfants des comp\u00e9tences leur permettant de r\u00e9duire leurs comportements \u00e0 risque et de les faire grandir dans un environnement plus protecteur, les exposant moins \u00e0 d\u2019incessantes incitations\u00a0\u00bb, poursuit-il.<\/p>\n<p>Ligne directrice de ce plan 2018-2022 qui fixe 19 priorit\u00e9s et contient plus de 200 mesures, la pr\u00e9vention coupl\u00e9e \u00e0 une meilleure information des risques pour la sant\u00e9. La taille du pictogramme \u00ab\u00a0femme enceinte\u00a0\u00bb accol\u00e9 sur les boissons alcolis\u00e9es sera ainsi \u00ab\u00a0significativement\u00a0\u00bb augment\u00e9e et plus visible.<\/p>\n<p>Plus globalement, le plan pr\u00e9voit des \u00ab\u00a0sc\u00e9narios d\u2019\u00e9volution du texte du message sanitaire l\u00e9gislatif pour en faire un message non modifiable et sans mention compl\u00e9mentaire, renouvel\u00e9 p\u00e9riodiquement, avec des contraintes r\u00e9glementaires de visibilit\u00e9 et de lisibilit\u00e9\u00a0\u00bb.<\/p>\n<p>Le \u00ab\u00a0Fonds tabac\u00a0\u00bb va \u00eatre lui transform\u00e9 en un \u00ab\u00a0Fonds addictions\u00a0\u00bb, destin\u00e9 \u00e0 financer des actions de pr\u00e9vention des addictions, une mesure qui sera int\u00e9gr\u00e9e dans le PLFSS pour 2019. Le fonds sera notamment aliment\u00e9 par l&rsquo;amende forfaitaire pour usage de stup\u00e9fiants.<\/p>\n<p>TESTING<\/p>\n<p>Selon la Mildeca, \u00ab\u00a0la faible application de la loi encadrant la vente de tabac et d\u2019alcool, notamment aux mineurs, explique aussi la facilit\u00e9 d\u2019acc\u00e8s aux produits\u00a0\u00bb. Pour y rem\u00e9dier, le plan pr\u00e9voit d&rsquo;\u00e9tendre l\u2019amende forfaitaire d\u00e9lictuelle au d\u00e9lit de vente d\u2019alcool aux mineurs et de multiplier les \u00ab\u00a0op\u00e9rations de testing\u00a0\u00bb visant \u00e0 observer le degr\u00e9 de respect de la l\u00e9gislation sur \u00ab\u00a0un territoire donn\u00e9\u00a0\u00bb.<\/p>\n<p>Concernant les \u00ab\u00a0salles de shoot\u00a0\u00bb controvers\u00e9es &#8211; les salles \u00ab\u00a0de consommation de drogue \u00e0 moindre risque\u00a0\u00bb -, le plan pr\u00e9voit de poursuivre cette exp\u00e9rimentation et envisage \u00ab\u00a0l\u2019ouverture d\u2019autres structures pour r\u00e9pondre \u00e0 des besoins non couverts (y compris en Ile-de-France), si n\u00e9cessaire\u00a0\u00bb.<\/p>\n<p>Le plan ne pr\u00e9voit en revanche aucune hausse des taxes sur l&rsquo;alcool tout en prenant acte du fait que, selon l\u2019OCDE, une \u00ab\u00a0augmentation de 10 % du prix des boissons alcoolis\u00e9es et l\u2019adoption d\u2019une s\u00e9rie de mesures r\u00e9glementaires pourraient produire des effets consid\u00e9rables\u00a0\u00bb.<\/p>\n<p>Mais, poursuit le rapport en citant la Cour des comptes, \u00ab\u00a0l\u2019absence de r\u00e8gles communes (au sein de l&rsquo;Union europ\u00e9enne) de taxation en fonction du contenu en alcool pur constitue un obstacle pour un usage de la fiscalit\u00e9 \u00e0 des fins de sant\u00e9 publique.\u00a0\u00bb<\/p>\n<p>Selon la Mildeca, le co\u00fbt social total de la consommation d&rsquo;alcool et de tabac a \u00e9t\u00e9 estim\u00e9, en 2010, \u00e0 environ 120 milliards d\u2019euros et \u00e0 pr\u00e8s de 10 milliards pour les drogues illicites. Quelque 20 milliards d&rsquo;euros sont support\u00e9s par l\u2019Etat et l\u2019assurance maladie (soit 1,1 % du PIB).<\/p>\n<p>L\u2019Office central pour la r\u00e9pression du trafic illicite de stup\u00e9fiants (OCRTIS) chiffre quant \u00e0 lui \u00e0 3,2 milliards d\u2019euros le chiffre d\u2019affaires du trafic de stup\u00e9fiants en France. (Reuters)<\/p>\n","protected":false},"excerpt":{"rendered":"<p>D\u00e9voil\u00e9 mardi apr\u00e8s avoir \u00e9t\u00e9 report\u00e9 \u00e0 plusieurs reprises, le plan national de lutte contre les addictions du gouvernement pr\u00e9voit essentiellement de renforcer des mesures d\u00e9j\u00e0 en vigueur, sans hausse de la taxe sur les boissons alcoolis\u00e9es. Chaque ann\u00e9e en France, \u00ab\u00a0le tabac et l\u2019alcool sont responsables du d\u00e9c\u00e8s respectivement de 73.000 et de 49.000 [&hellip;]<\/p>\n","protected":false},"author":1,"featured_media":4130,"comment_status":"open","ping_status":"closed","sticky":false,"template":"","format":"standard","meta":{"footnotes":""},"categories":[30],"tags":[1425,939,1424],"class_list":["post-4129","post","type-post","status-publish","format-standard","has-post-thumbnail","hentry","category-actualite","tag-lalcool","tag-lutte-contre-les-addictions","tag-tabac"],"aioseo_notices":[],"_links":{"self":[{"href":"https:\/\/www.culturalusa.com\/news\/wp-json\/wp\/v2\/posts\/4129","targetHints":{"allow":["GET"]}}],"collection":[{"href":"https:\/\/www.culturalusa.com\/news\/wp-json\/wp\/v2\/posts"}],"about":[{"href":"https:\/\/www.culturalusa.com\/news\/wp-json\/wp\/v2\/types\/post"}],"author":[{"embeddable":true,"href":"https:\/\/www.culturalusa.com\/news\/wp-json\/wp\/v2\/users\/1"}],"replies":[{"embeddable":true,"href":"https:\/\/www.culturalusa.com\/news\/wp-json\/wp\/v2\/comments?post=4129"}],"version-history":[{"count":0,"href":"https:\/\/www.culturalusa.com\/news\/wp-json\/wp\/v2\/posts\/4129\/revisions"}],"wp:featuredmedia":[{"embeddable":true,"href":"https:\/\/www.culturalusa.com\/news\/wp-json\/wp\/v2\/media\/4130"}],"wp:attachment":[{"href":"https:\/\/www.culturalusa.com\/news\/wp-json\/wp\/v2\/media?parent=4129"}],"wp:term":[{"taxonomy":"category","embeddable":true,"href":"https:\/\/www.culturalusa.com\/news\/wp-json\/wp\/v2\/categories?post=4129"},{"taxonomy":"post_tag","embeddable":true,"href":"https:\/\/www.culturalusa.com\/news\/wp-json\/wp\/v2\/tags?post=4129"}],"curies":[{"name":"wp","href":"https:\/\/api.w.org\/{rel}","templated":true}]}}