{"id":4140,"date":"2019-01-16T02:57:44","date_gmt":"2019-01-16T01:57:44","guid":{"rendered":"https:\/\/www.culturalusa.com\/news\/?p=4140"},"modified":"2019-01-16T02:57:44","modified_gmt":"2019-01-16T01:57:44","slug":"laccord-de-brexit-ne-peut-etre-renegocie-a-declare-lirlande","status":"publish","type":"post","link":"https:\/\/www.culturalusa.com\/news\/economie\/laccord-de-brexit-ne-peut-etre-renegocie-a-declare-lirlande\/","title":{"rendered":"L&rsquo;accord de Brexit ne peut \u00eatre ren\u00e9goci\u00e9, a d\u00e9clar\u00e9 l&rsquo;Irlande"},"content":{"rendered":"<p><img loading=\"lazy\" decoding=\"async\" src=\"https:\/\/www.culturalusa.com\/news\/wp-content\/uploads\/2018\/09\/parlement-europeen-strasbourg.jpg\" alt=\"\" width=\"467\" height=\"290\" class=\"aligncenter size-full wp-image-3831\" srcset=\"https:\/\/www.culturalusa.com\/news\/wp-content\/uploads\/2018\/09\/parlement-europeen-strasbourg.jpg 467w, https:\/\/www.culturalusa.com\/news\/wp-content\/uploads\/2018\/09\/parlement-europeen-strasbourg-275x171.jpg 275w\" sizes=\"auto, (max-width: 467px) 100vw, 467px\" \/>L&rsquo;accord de Brexit ne peut \u00eatre ren\u00e9goci\u00e9, telle est la position claire et nette de l&rsquo;Union europ\u00e9enne, m\u00eame apr\u00e8s la d\u00e9faite retentissante subie par Theresa May mardi soir \u00e0 la chambre des Communes, a d\u00e9clar\u00e9 le gouvernement irlandais.<\/p>\n<p>Les d\u00e9put\u00e9s britanniques ont rejet\u00e9 par 432 voix l&rsquo;accord de Brexit, 202 seulement se pronon\u00e7ant pour le texte n\u00e9goci\u00e9 avec l&rsquo;Union europ\u00e9enne.<\/p>\n<p>\u00ab\u00a0Le gouvernement irlandais rappelle la position claire et nette arr\u00eat\u00e9e par le Conseil europ\u00e9en le 13 d\u00e9cembre, \u00e0 savoir que l&rsquo;accord de retrait [de la Grande-Bretagne] ne peut \u00eatre ren\u00e9goci\u00e9. <\/p>\n<p>Cela a \u00e9t\u00e9 r\u00e9affirm\u00e9 dans la lettre commune des pr\u00e9sidents (Donald) Tusk et (Jean-Claude) Juncker \u00e0 la Premi\u00e8re ministre May hier\u00a0\u00bb, a d\u00e9clar\u00e9 le gouvernement dans un communiqu\u00e9.<\/p>\n<p>\u00ab\u00a0Le gouvernement irlandais reconna\u00eet, cependant, qu&rsquo;un Brexit d\u00e9sordonn\u00e9 serait une mauvaise issue pour tout le monde(&#8230;). Il n&rsquo;est pas trop tard pour \u00e9viter cette issue et nous appelons le Royaume-Uni \u00e0 exposer d&rsquo;urgence la fa\u00e7on dont il entend r\u00e9soudre cette impasse.\u00a0\u00bb (Reuters)<\/p>\n","protected":false},"excerpt":{"rendered":"<p>L&rsquo;accord de Brexit ne peut \u00eatre ren\u00e9goci\u00e9, telle est la position claire et nette de l&rsquo;Union europ\u00e9enne, m\u00eame apr\u00e8s la d\u00e9faite retentissante subie par Theresa May mardi soir \u00e0 la chambre des Communes, a d\u00e9clar\u00e9 le gouvernement irlandais. Les d\u00e9put\u00e9s britanniques ont rejet\u00e9 par 432 voix l&rsquo;accord de Brexit, 202 seulement se pronon\u00e7ant pour le [&hellip;]<\/p>\n","protected":false},"author":1,"featured_media":0,"comment_status":"open","ping_status":"closed","sticky":false,"template":"","format":"standard","meta":{"footnotes":""},"categories":[1],"tags":[137,941],"class_list":["post-4140","post","type-post","status-publish","format-standard","hentry","category-economie","tag-irlande","tag-laccord-de-brexit"],"aioseo_notices":[],"_links":{"self":[{"href":"https:\/\/www.culturalusa.com\/news\/wp-json\/wp\/v2\/posts\/4140","targetHints":{"allow":["GET"]}}],"collection":[{"href":"https:\/\/www.culturalusa.com\/news\/wp-json\/wp\/v2\/posts"}],"about":[{"href":"https:\/\/www.culturalusa.com\/news\/wp-json\/wp\/v2\/types\/post"}],"author":[{"embeddable":true,"href":"https:\/\/www.culturalusa.com\/news\/wp-json\/wp\/v2\/users\/1"}],"replies":[{"embeddable":true,"href":"https:\/\/www.culturalusa.com\/news\/wp-json\/wp\/v2\/comments?post=4140"}],"version-history":[{"count":0,"href":"https:\/\/www.culturalusa.com\/news\/wp-json\/wp\/v2\/posts\/4140\/revisions"}],"wp:attachment":[{"href":"https:\/\/www.culturalusa.com\/news\/wp-json\/wp\/v2\/media?parent=4140"}],"wp:term":[{"taxonomy":"category","embeddable":true,"href":"https:\/\/www.culturalusa.com\/news\/wp-json\/wp\/v2\/categories?post=4140"},{"taxonomy":"post_tag","embeddable":true,"href":"https:\/\/www.culturalusa.com\/news\/wp-json\/wp\/v2\/tags?post=4140"}],"curies":[{"name":"wp","href":"https:\/\/api.w.org\/{rel}","templated":true}]}}