{"id":415,"date":"2012-04-18T09:21:55","date_gmt":"2012-04-18T09:21:55","guid":{"rendered":"http:\/\/www.culturalusa.com\/news\/?p=415"},"modified":"2012-04-18T10:02:31","modified_gmt":"2012-04-18T10:02:31","slug":"hollande-ne-veut-pas-caler-sa-politique-sur-le-fmi","status":"publish","type":"post","link":"https:\/\/www.culturalusa.com\/news\/actualite\/hollande-ne-veut-pas-caler-sa-politique-sur-le-fmi\/","title":{"rendered":"Hollande ne veut pas caler sa politique sur le FMI"},"content":{"rendered":"<figure id=\"attachment_416\" aria-describedby=\"caption-attachment-416\" style=\"width: 238px\" class=\"wp-caption alignleft\"><img loading=\"lazy\" decoding=\"async\" class=\"size-full wp-image-416\" title=\"hollande elections 2012\" src=\"http:\/\/www.culturalusa.com\/news\/wp-content\/uploads\/2012\/04\/hollande-elections.jpg\" alt=\"\" width=\"238\" height=\"179\" \/><figcaption id=\"caption-attachment-416\" class=\"wp-caption-text\">Fran\u00e7ois Hollande en meeting le 17 avril 2012 \u00e0 Lille \u00a9 Philippe Huguen<\/figcaption><\/figure>\n<p><strong>Hollande d\u00e9clare sur France Inter qu&rsquo;il ne veut pas caler sa politique sur \u00ab\u00a0celle de la projection du FMI\u00a0\u00bb<\/strong><\/p>\n<p>Fran\u00e7ois Hollande, candidat PS \u00e0 l&rsquo;Elys\u00e9e, a d\u00e9clar\u00e9, sur France Inter, qu&rsquo;il n&rsquo;entendait pas \u00ab\u00a0caler\u00a0\u00bb sa politique \u00e9conomique sur \u00ab\u00a0celle de la projection du FMI\u00a0\u00bb.<\/p>\n<p>Il a \u00e9galement d\u00e9clar\u00e9 sur France Inter qu&rsquo;il y aura un \u00ab\u00a0rattrapage \u00e0 faire\u00a0\u00bb pour le Smic s&rsquo;il est \u00e9lu, mais qui devra \u00eatre \u00ab\u00a0compatible avec la situation \u00e9conomique des entreprises\u00a0\u00bb. \u00ab\u00a0Le Smic doit \u00eatre index\u00e9 sur les prix mais en plus sur une part de la croissance\u00a0\u00bb, a r\u00e9affirm\u00e9 M. Hollande.<\/p>\n<p>Alors que le Fonds mon\u00e9taire international, dans ses pr\u00e9visions trimestrielles publi\u00e9es la veille, a assur\u00e9 que la croissance de la France devrait \u00eatre en 2013 plus faible qu&rsquo;escompt\u00e9, le d\u00e9put\u00e9 de Corr\u00e8ze a assur\u00e9 : \u00ab\u00a0je ne veux pas caler ma politique sur celle de la projection du FMI\u00a0\u00bb.<\/p>\n<p>\u00ab\u00a0Que dit le FMI aujourd&rsquo;hui? C&rsquo;est que c&rsquo;est l&rsquo;Europe qui a le plus faible taux de croissance du monde, une r\u00e9cession en 2012, et que les mesures d&rsquo;aust\u00e9rit\u00e9, si elles sont confirm\u00e9es, vont encore aggraver non seulement les conditions de la croissance, mais en plus ne pas permettre le r\u00e9tablissement des comptes publics\u00a0\u00bb, a argument\u00e9 M. Hollande.<\/p>\n<p>\u00ab\u00a0Et vous me demandez si j&rsquo;en rajouterais par rapport \u00e0 l&rsquo;aust\u00e9rit\u00e9? C&rsquo;est non\u00a0\u00bb, s&rsquo;est exclam\u00e9 le d\u00e9put\u00e9 socialiste, en r\u00e9affirmant sa volont\u00e9 de ren\u00e9gocier le trait\u00e9 europ\u00e9en. \u00ab\u00a0Si effectivement c&rsquo;est le candidat sortant qui est reconduit, vous aurez cette projection, vous aurez une croissance an\u00e9mi\u00e9e, parce que rien ne changera\u00a0\u00bb, a-t-il dit, ajoutant: \u00ab\u00a0Je ne peux admettre qu&rsquo;au nom de la r\u00e9duction n\u00e9cessaire des d\u00e9ficits, il soit appliqu\u00e9 des politiques qui aggravant les conditions de la croissance, ne permettent pas de r\u00e9duire la dette\u00a0\u00bb.<\/p>\n<p>Comme on lui parlait de\u00a0\u00bb baguette magique\u00a0\u00bb pour une relance, il a tranch\u00e9 : \u00ab\u00a0\u00e7a s&rsquo;appelle quoi, la baguette magique? Ca s&rsquo;appelle un vote des Fran\u00e7ais qui me permettraient, si je suis demain appel\u00e9 \u00e0 la responsabilit\u00e9 du pays, d&#8217;emmener l&rsquo;Europe\u00a0\u00bb.<\/p>\n<p>Selon le FMI, en 2013, la croissance resterait molle, \u00e0 seulement 1%. C&rsquo;est l\u00e9g\u00e8rement mieux que la moyenne de la zone euro (0,9%) mais moins bien que l&rsquo;Allemagne (1,5%), premi\u00e8re \u00e9conomie europ\u00e9enne et principal partenaire de la France.<\/p>\n<p>Nicolas Sarkozy et Fran\u00e7ois Hollande ont tous deux b\u00e2ti leur programme, ainsi que leur trajectoire de retour \u00e0 l&rsquo;\u00e9quilibre des finances publiques, sur une hypoth\u00e8se bien plus optimiste, de 1,7% de croissance en 2013. A compter de 2014, ils esp\u00e8rent m\u00eame un minimum de 2% par an.<\/p>\n<p>Fran\u00e7ois Hollande a par ailleurs d\u00e9clar\u00e9 dans un entretien au quotidien allemand Handelsblatt qu&rsquo;il bloquera le pacte budg\u00e9taire cher \u00e0 l&rsquo;Allemagne s&rsquo;il \u00ab\u00a0ne contient pas de mesures de croissance\u00a0\u00bb. \u00ab\u00a0Si le pacte ne contient pas de mesures de croissance, je ne pourrais soutenir sa ratification par l&rsquo;Assembl\u00e9e nationale. Je l&rsquo;ai promis aux Fran\u00e7ais et je m&rsquo;y tiendrai\u00a0\u00bb, a dit au journal \u00e9conomique Handelsblatt celui que les sondages donnent grand favori pour le scrutin du premier tour.<\/p>\n<p>\u00ab\u00a0J&rsquo;ai rencontr\u00e9 plusieurs chefs d&rsquo;Etat europ\u00e9ens, il n&rsquo;y en a pas beaucoup qui soient satisfaits de la situation \u00e9conomique. Je ne suis pas isol\u00e9\u00a0\u00bb, a assur\u00e9 M. Hollande. Selon lui, \u00ab\u00a0seule une strat\u00e9gie de croissance peut sortir l&rsquo;Europe de l&rsquo;orni\u00e8re. Tous les pays de l&rsquo;Union europ\u00e9enne, y compris l&rsquo;Allemagne, souffrent d&rsquo;un d\u00e9ficit de dynamisme \u00e9conomique\u00a0\u00bb.<\/p>\n<p>\u00ab\u00a0Une discipline budg\u00e9taire renforc\u00e9e au niveau national est n\u00e9cessaire &#8211;mais nous ne devons pas \u00e9conomiser pour \u00e9conomiser\u00a0\u00bb, a argument\u00e9 M. Hollande.<\/p>\n<p>Par ailleurs, il a qualifi\u00e9 de \u00ab\u00a0pure op\u00e9ration de relations publiques\u00a0\u00bb le projet d&rsquo;inscription dans la constitution fran\u00e7aise d&rsquo;une \u00ab\u00a0r\u00e8gle d&rsquo;or\u00a0\u00bb plafonnant l&rsquo;endettement public, d\u00e9fendu par l&rsquo;actuel pr\u00e9sident Nicolas Sarkozy. La g\u00e9n\u00e9ralisation en zone euro de \u00ab\u00a0r\u00e8gles d&rsquo;or\u00a0\u00bb est un cheval de bataille de la chanceli\u00e8re conservatrice allemande Angela Merkel, depuis que l&rsquo;Allemagne s&rsquo;est elle-m\u00eame dot\u00e9e d&rsquo;un tel instrument.<\/p>\n<p>\u00ab\u00a0Je pr\u00e9senterai des budgets qui nous am\u00e8neront \u00e0 l&rsquo;\u00e9quilibre d&rsquo;ici 2017\u00a0\u00bb, a promis M. Hollande, et ce, alors que le Fonds mon\u00e9taire international a \u00e9mis mardi des pr\u00e9visions \u00e0 m\u00eame de compliquer la t\u00e2che de celui qui remportera la pr\u00e9sidentielle fran\u00e7aise. L&rsquo;institution financi\u00e8re de Washington juge que le d\u00e9ficit public de la France devrait s&rsquo;\u00e9tablir \u00e0 4,6% du PIB en 2012 et \u00e0 3,9% en 2013, loin de l&rsquo;objectif de 3% fix\u00e9 au niveau europ\u00e9en.<\/p>\n<p>Interrog\u00e9 sur le refus de Mme Merkel de le recevoir pendant la campagne, le candidat socialiste a r\u00e9pondu: \u00ab\u00a0Je comprends qu&rsquo;il existe une solidarit\u00e9 partisane entre les diff\u00e9rents camps conservateurs europ\u00e9ens.\u00a0\u00bb \u00ab\u00a0Sans tenir compte de ce qui s&rsquo;est pass\u00e9 pendant la campagne: si je suis \u00e9lu, ma premi\u00e8re visite me conduira en Allemagne. Je rencontrerai alors Mme Merkel. En ces temps de grande crise, l&rsquo;Europe a besoin du couple franco-allemand\u00a0\u00bb, a-t-il encore dit.<\/p>\n<p>M. Hollande avait suscit\u00e9 beaucoup de remous en Allemagne en mena\u00e7ant il y a quelque temps de demander la ren\u00e9gociation pure et simple du pacte budg\u00e9taire europ\u00e9en, ardemment d\u00e9fendu par Mme Merkel et cens\u00e9 renforcer la discipline financi\u00e8re des Etats europ\u00e9ens. La chanceli\u00e8re avait par ailleurs assur\u00e9 publiquement M. Sarkozy de son soutien pendant la campagne.<\/p>\n<p>A quelques jours du premier tour, M. Hollande a affirm\u00e9 au Handelsblatt qu&rsquo;il ne \u00ab\u00a0redoutait rien, si ce n&rsquo;est une trop forte abstention de ceux qui se sentent n\u00e9glig\u00e9s par l&rsquo;actuel gouvernement\u00a0\u00bb.<\/p>\n<p>Il souligne enfin que \u00ab\u00a0tous ceux, du Front de gauche, des \u00e9cologistes ou du centre, qui souhaitent me soutenir apr\u00e8s le premier tour sont bienvenus. Mais sur la base de mon programme, et d&rsquo;aucun autre\u00a0\u00bb. AFP<\/p>\n","protected":false},"excerpt":{"rendered":"<p>Hollande d\u00e9clare sur France Inter qu&rsquo;il ne veut pas caler sa politique sur \u00ab\u00a0celle de la projection du FMI\u00a0\u00bb Fran\u00e7ois Hollande, candidat PS \u00e0 l&rsquo;Elys\u00e9e, a d\u00e9clar\u00e9, sur France Inter, qu&rsquo;il n&rsquo;entendait pas \u00ab\u00a0caler\u00a0\u00bb sa politique \u00e9conomique sur \u00ab\u00a0celle de la projection du FMI\u00a0\u00bb. Il a \u00e9galement d\u00e9clar\u00e9 sur France Inter qu&rsquo;il y aura un [&hellip;]<\/p>\n","protected":false},"author":1,"featured_media":0,"comment_status":"open","ping_status":"closed","sticky":false,"template":"","format":"standard","meta":{"footnotes":""},"categories":[30],"tags":[],"class_list":["post-415","post","type-post","status-publish","format-standard","hentry","category-actualite"],"aioseo_notices":[],"_links":{"self":[{"href":"https:\/\/www.culturalusa.com\/news\/wp-json\/wp\/v2\/posts\/415","targetHints":{"allow":["GET"]}}],"collection":[{"href":"https:\/\/www.culturalusa.com\/news\/wp-json\/wp\/v2\/posts"}],"about":[{"href":"https:\/\/www.culturalusa.com\/news\/wp-json\/wp\/v2\/types\/post"}],"author":[{"embeddable":true,"href":"https:\/\/www.culturalusa.com\/news\/wp-json\/wp\/v2\/users\/1"}],"replies":[{"embeddable":true,"href":"https:\/\/www.culturalusa.com\/news\/wp-json\/wp\/v2\/comments?post=415"}],"version-history":[{"count":0,"href":"https:\/\/www.culturalusa.com\/news\/wp-json\/wp\/v2\/posts\/415\/revisions"}],"wp:attachment":[{"href":"https:\/\/www.culturalusa.com\/news\/wp-json\/wp\/v2\/media?parent=415"}],"wp:term":[{"taxonomy":"category","embeddable":true,"href":"https:\/\/www.culturalusa.com\/news\/wp-json\/wp\/v2\/categories?post=415"},{"taxonomy":"post_tag","embeddable":true,"href":"https:\/\/www.culturalusa.com\/news\/wp-json\/wp\/v2\/tags?post=415"}],"curies":[{"name":"wp","href":"https:\/\/api.w.org\/{rel}","templated":true}]}}