{"id":4159,"date":"2019-01-22T20:33:29","date_gmt":"2019-01-22T19:33:29","guid":{"rendered":"https:\/\/www.culturalusa.com\/news\/?p=4159"},"modified":"2020-09-26T18:39:21","modified_gmt":"2020-09-26T16:39:21","slug":"commission-europeenne-met-en-garde-le-portugal-contre-les-risques-eleves-des-ses-comptes","status":"publish","type":"post","link":"https:\/\/www.culturalusa.com\/news\/actualite\/commission-europeenne-met-en-garde-le-portugal-contre-les-risques-eleves-des-ses-comptes\/","title":{"rendered":"Commission europ\u00e9enne met en garde le Portugal contre les risques \u00e9lev\u00e9s des ses comptes"},"content":{"rendered":"<p>Bruxelles estime que le Portugal est \u00e0 haut risque en ce qui concerne la viabilit\u00e9 des finances publiques \u00e0 moyen terme.<\/p>\n<p>Selon le journal SOL, le probl\u00e8me c&rsquo;est la dette publique. Bien qu&rsquo;une r\u00e9duction soit pr\u00e9vue, Bruxelles affirme que cela pourrait \u00eatre insuffisant.<\/p>\n<p>Selon le \u00ab\u00a0Rapport sur la viabilit\u00e9 budg\u00e9taire 2018\u00a0\u00bb, publi\u00e9 par la direction g\u00e9n\u00e9rale des affaires \u00e9conomiques et financi\u00e8res de la Commission europ\u00e9enne, les principaux d\u00e9fis sont relev\u00e9s et sont essentiellement li\u00e9s \u00e0 la valeur de la <strong>dette publique qui p\u00e8se lourdement sur le Portugal<\/strong>.<\/p>\n<p>Selon la Banque du Portugal, par exemple, en juillet de l\u2019ann\u00e9e derni\u00e8re, la dette publique avait augment\u00e9 de 1,6 milliard d\u2019euros par rapport au mois pr\u00e9c\u00e9dent, atteignant 248,2 milliards d\u2019euros.<\/p>\n<p>Cette augmentation \u00ab\u00a0a essentiellement contribu\u00e9 \u00e0 la hausse des titres de cr\u00e9ance\u00a0\u00bb, indique la Banque du Portugal dans une note publi\u00e9e.<\/p>\n<p>Le gouvernement avait estim\u00e9 dans le programme de stabilit\u00e9 que la dette publique \u00e9tait tomb\u00e9e \u00e0 122,2% en 2018. En septembre 2016, la dette avait atteint son niveau record, atteignant 132,8% du PIB national.<\/p>\n<p>Au deuxi\u00e8me trimestre de cette ann\u00e9e, l\u2019endettement \u00e9tait tomb\u00e9 \u00e0 125,8% du PIB, selon le bulletin statistique publi\u00e9 par la Banque du Portugal le mois dernier.<\/p>\n<p><strong>Une nouvelle crise au Portugal?<\/strong><\/p>\n<p>L&rsquo;ancien pr\u00e9sident de la BCE, Jean-Claude Trichet, a d\u00e9j\u00e0 veill\u00e9 \u00e0 ce que la situation financi\u00e8re mondiale actuelle soit aussi p\u00e9rilleuse que celle de 2007, l&rsquo;ann\u00e9e pr\u00e9c\u00e9dant le plus grand effondrement financier: Lehman Brothers. Nouriel Roubini, connu pour avoir pr\u00e9dit la derni\u00e8re crise financi\u00e8re, en pr\u00e9voit une nouvelle d\u2019ici 2020.<\/p>\n<p>D\u00e9j\u00e0 dans l&rsquo;analyse du budget de l&rsquo;\u00c9tat pour cette ann\u00e9e, plusieurs \u00e9conomistes avaient mis en \u00e9vidence certains risques et saisi l&rsquo;occasion pour mettre en lumi\u00e8re le probl\u00e8me de la dette publique.<\/p>\n<p>Pour Eduardo Catroga, par exemple, l&rsquo;environnement en Europe n&rsquo;est pas utilis\u00e9 comme il se doit. \u00ab\u00a0Nous devrions d\u00e9j\u00e0 avoir un exc\u00e9dent budg\u00e9taire. Nous aurions d\u00fb profiter de la vague. C\u2019est ce que d\u2019autres pays ont fait \u00bb, explique l\u2019\u00e9conomiste, mettant \u00e9galement en garde certains des risques de cet \u00e9v\u00e9nement \u00e0 \u00e9ch\u00e9ance 2019.<\/p>\n<p>\u00ab\u00a0La d\u00e9pense continue d&rsquo;augmenter et n&rsquo;est m\u00eame pas justifi\u00e9e. Vous ne pouvez pas grandir en termes r\u00e9els. La d\u00e9pense doit \u00eatre gel\u00e9e. Aucun OE ne peut avoir une dette publique excessive. C\u2019est l\u00e0 que les plus gros risques apparaissent \u00ab\u00a0, a-t-il d\u00e9clar\u00e9. Parce que \u00abplus les d\u00e9penses publiques sont \u00e9lev\u00e9es, plus les choses vont mal. Le n\u00f4tre est un exc\u00e8s et il est insupportable. \u00a0\u00bb<\/p>\n<p>Bag\u00e3o F\u00e9lix, par exemple, a comment\u00e9 le poids et les risques de la dette publique nationale. \u00ab\u00a0Bien que notre dette publique ait quelque peu diminu\u00e9 en valeur nominale, notre dette nette repr\u00e9sente toujours environ 120% de la richesse nationale.<\/p>\n<p>C\u2019est un clich\u00e9 sur l\u2019avenir, nous avons la troisi\u00e8me dette la plus \u00e9lev\u00e9e dans le contexte de l\u2019Union. Certaines des mesures qui ont contribu\u00e9 \u00e0 une plus grande consolidation des comptes publics sont des mesures que nous ne dominons pas. En outre, les investissements publics ont \u00e9t\u00e9 consid\u00e9rablement r\u00e9duits \u00ab\u00a0, explique-t-il.<\/p>\n","protected":false},"excerpt":{"rendered":"<p>Bruxelles estime que le Portugal est \u00e0 haut risque en ce qui concerne la viabilit\u00e9 des finances publiques \u00e0 moyen terme. Selon le journal SOL, le probl\u00e8me c&rsquo;est la dette publique. Bien qu&rsquo;une r\u00e9duction soit pr\u00e9vue, Bruxelles affirme que cela pourrait \u00eatre insuffisant. Selon le \u00ab\u00a0Rapport sur la viabilit\u00e9 budg\u00e9taire 2018\u00a0\u00bb, publi\u00e9 par la direction [&hellip;]<\/p>\n","protected":false},"author":1,"featured_media":4160,"comment_status":"open","ping_status":"closed","sticky":false,"template":"","format":"standard","meta":{"footnotes":""},"categories":[30],"tags":[943,942],"class_list":["post-4159","post","type-post","status-publish","format-standard","has-post-thumbnail","hentry","category-actualite","tag-dette-publique-portugal","tag-finances-publiques"],"aioseo_notices":[],"_links":{"self":[{"href":"https:\/\/www.culturalusa.com\/news\/wp-json\/wp\/v2\/posts\/4159","targetHints":{"allow":["GET"]}}],"collection":[{"href":"https:\/\/www.culturalusa.com\/news\/wp-json\/wp\/v2\/posts"}],"about":[{"href":"https:\/\/www.culturalusa.com\/news\/wp-json\/wp\/v2\/types\/post"}],"author":[{"embeddable":true,"href":"https:\/\/www.culturalusa.com\/news\/wp-json\/wp\/v2\/users\/1"}],"replies":[{"embeddable":true,"href":"https:\/\/www.culturalusa.com\/news\/wp-json\/wp\/v2\/comments?post=4159"}],"version-history":[{"count":0,"href":"https:\/\/www.culturalusa.com\/news\/wp-json\/wp\/v2\/posts\/4159\/revisions"}],"wp:featuredmedia":[{"embeddable":true,"href":"https:\/\/www.culturalusa.com\/news\/wp-json\/wp\/v2\/media\/4160"}],"wp:attachment":[{"href":"https:\/\/www.culturalusa.com\/news\/wp-json\/wp\/v2\/media?parent=4159"}],"wp:term":[{"taxonomy":"category","embeddable":true,"href":"https:\/\/www.culturalusa.com\/news\/wp-json\/wp\/v2\/categories?post=4159"},{"taxonomy":"post_tag","embeddable":true,"href":"https:\/\/www.culturalusa.com\/news\/wp-json\/wp\/v2\/tags?post=4159"}],"curies":[{"name":"wp","href":"https:\/\/api.w.org\/{rel}","templated":true}]}}