{"id":4165,"date":"2019-01-22T20:54:31","date_gmt":"2019-01-22T19:54:31","guid":{"rendered":"https:\/\/www.culturalusa.com\/news\/?p=4165"},"modified":"2020-09-24T23:53:48","modified_gmt":"2020-09-24T21:53:48","slug":"les-prix-des-logements-augmentent-de-43-dans-la-zone-euro-au-3eme-trimestre-et-au-portugal-le-double","status":"publish","type":"post","link":"https:\/\/www.culturalusa.com\/news\/portugal\/les-prix-des-logements-augmentent-de-43-dans-la-zone-euro-au-3eme-trimestre-et-au-portugal-le-double\/","title":{"rendered":"Les prix des logements augmentent de 4,3% dans la zone euro au 3\u00e8me trimestre et au Portugal le double"},"content":{"rendered":"<p>Par rapport au deuxi\u00e8me trimestre de 2018, le prix du logement a augment\u00e9 entre juillet et septembre, de 1,6% dans la zone euro et de 1,5% dans l\u2019UE.<\/p>\n<p>Selon l&rsquo;office des statistiques de l&rsquo;UE, les augmentations les plus fortes par rapport au troisi\u00e8me trimestre de 2017 ont \u00e9t\u00e9 enregistr\u00e9es en Slov\u00e9nie (15,1%), aux Pays-Bas (10,2%) et en Irlande (9,1%). il y avait deux homologues: la Su\u00e8de (-2,1%) et l&rsquo;Italie (-0,8%).<\/p>\n<p>Par rapport au trimestre pr\u00e9c\u00e9dent, les plus fortes hausses des prix de l\u2019immobilier ont \u00e9t\u00e9 observ\u00e9es aux Pays-Bas (3,3%), \u00e0 Malte (3,1%) et en Croatie (2,8%), tandis que l\u2019Italie (-0,8% ), En Roumanie (-0,7%), en Finlande (-0,4%), en Slovaquie (-0,3%) et en Hongrie (-0,2%), l\u2019indicateur a diminu\u00e9.<\/p>\n<p>Au Portugal, le prix du logement a augment\u00e9 de 8,5% par rapport au troisi\u00e8me trimestre de 2017 soit presque le double de la zone Euro et de 1,0% par rapport \u00e0 la p\u00e9riode d&rsquo;avril \u00e0 juin.<\/p>\n<p>L&rsquo;Association des professionnels et des entreprises de m\u00e9diation immobili\u00e8re du Portugal (APEMIP) a jug\u00e9 \u00ab\u00a0urgent\u00a0\u00bb d&rsquo;augmenter le stock sur le march\u00e9 immobilier de Lisbonne et de Porto, par le biais de nouvelles constructions, de mani\u00e8re \u00e0 cr\u00e9er un \u00ab\u00a0\u00e9quilibre de prix\u00a0\u00bb.<\/p>\n<p>Luis Lima, pr\u00e9sident de l&rsquo;APEMIP, a d\u00e9clar\u00e9: \u00ab\u00a0Il n&rsquo;y aura jamais de <strong>bulle immobili\u00e8re<\/strong>, car nos prix sont tr\u00e8s diff\u00e9rents de ceux de l&rsquo;Europe. Maintenant, il y a des petites bulles dans certaines zones, notamment \u00e0 <strong>Lisbonne et \u00e0 Porto<\/strong>, qui sont inqui\u00e9tantes car les prix augmentent plus que ce qui est raisonnable\u00a0\u00bb.<\/p>\n","protected":false},"excerpt":{"rendered":"<p>Par rapport au deuxi\u00e8me trimestre de 2018, le prix du logement a augment\u00e9 entre juillet et septembre, de 1,6% dans la zone euro et de 1,5% dans l\u2019UE. Selon l&rsquo;office des statistiques de l&rsquo;UE, les augmentations les plus fortes par rapport au troisi\u00e8me trimestre de 2017 ont \u00e9t\u00e9 enregistr\u00e9es en Slov\u00e9nie (15,1%), aux Pays-Bas (10,2%) [&hellip;]<\/p>\n","protected":false},"author":1,"featured_media":4166,"comment_status":"open","ping_status":"closed","sticky":false,"template":"","format":"standard","meta":{"footnotes":""},"categories":[3],"tags":[944,136],"class_list":["post-4165","post","type-post","status-publish","format-standard","has-post-thumbnail","hentry","category-portugal","tag-prix-des-logements","tag-zone-euro"],"aioseo_notices":[],"_links":{"self":[{"href":"https:\/\/www.culturalusa.com\/news\/wp-json\/wp\/v2\/posts\/4165","targetHints":{"allow":["GET"]}}],"collection":[{"href":"https:\/\/www.culturalusa.com\/news\/wp-json\/wp\/v2\/posts"}],"about":[{"href":"https:\/\/www.culturalusa.com\/news\/wp-json\/wp\/v2\/types\/post"}],"author":[{"embeddable":true,"href":"https:\/\/www.culturalusa.com\/news\/wp-json\/wp\/v2\/users\/1"}],"replies":[{"embeddable":true,"href":"https:\/\/www.culturalusa.com\/news\/wp-json\/wp\/v2\/comments?post=4165"}],"version-history":[{"count":0,"href":"https:\/\/www.culturalusa.com\/news\/wp-json\/wp\/v2\/posts\/4165\/revisions"}],"wp:featuredmedia":[{"embeddable":true,"href":"https:\/\/www.culturalusa.com\/news\/wp-json\/wp\/v2\/media\/4166"}],"wp:attachment":[{"href":"https:\/\/www.culturalusa.com\/news\/wp-json\/wp\/v2\/media?parent=4165"}],"wp:term":[{"taxonomy":"category","embeddable":true,"href":"https:\/\/www.culturalusa.com\/news\/wp-json\/wp\/v2\/categories?post=4165"},{"taxonomy":"post_tag","embeddable":true,"href":"https:\/\/www.culturalusa.com\/news\/wp-json\/wp\/v2\/tags?post=4165"}],"curies":[{"name":"wp","href":"https:\/\/api.w.org\/{rel}","templated":true}]}}