{"id":419,"date":"2012-04-19T00:59:41","date_gmt":"2012-04-19T00:59:41","guid":{"rendered":"http:\/\/www.culturalusa.com\/news\/?p=419"},"modified":"2012-04-19T01:04:50","modified_gmt":"2012-04-19T01:04:50","slug":"les-femmes-devraient-aider-le-pays-a-sortir-de-la-crise","status":"publish","type":"post","link":"https:\/\/www.culturalusa.com\/news\/portugal\/les-femmes-devraient-aider-le-pays-a-sortir-de-la-crise\/","title":{"rendered":"Les femmes devraient aider le pays \u00e0 sortir de la crise"},"content":{"rendered":"<figure id=\"attachment_421\" aria-describedby=\"caption-attachment-421\" style=\"width: 275px\" class=\"wp-caption alignleft\"><img loading=\"lazy\" decoding=\"async\" class=\"size-medium wp-image-421 \" title=\"Secretaria de Estado\" src=\"http:\/\/www.culturalusa.com\/news\/wp-content\/uploads\/2012\/04\/T-Morais-275x170.jpg\" alt=\"\" width=\"275\" height=\"170\" srcset=\"https:\/\/www.culturalusa.com\/news\/wp-content\/uploads\/2012\/04\/T-Morais-275x170.jpg 275w, https:\/\/www.culturalusa.com\/news\/wp-content\/uploads\/2012\/04\/T-Morais.jpg 420w\" sizes=\"auto, (max-width: 275px) 100vw, 275px\" \/><figcaption id=\"caption-attachment-421\" class=\"wp-caption-text\">Teresa Morais \u00a9 imagens de Lu\u00eds Neves<\/figcaption><\/figure>\n<p><strong>La comp\u00e9tence des femmes devant la crise.<\/strong><\/p>\n<p>La Secr\u00e9taire d&rsquo;\u00c9tat pour l&rsquo;\u00e9galit\u00e9 a fait valoir que la capacit\u00e9 des femmes devrait \u00eatre utilis\u00e9e pour aider le pays \u00e0 sortir de la crise \u00e9conomique actuelle, parce qu&rsquo;elles font partie de la population ayant le plus de qualification de niveau sup\u00e9rieur.<\/p>\n<p>La situation des femmes dans le march\u00e9 du travail \u00e9tait le th\u00e8me principal discut\u00e9 pour la premi\u00e8re fois dans le dialogue de concertation sociale, la secr\u00e9taire d&rsquo;\u00c9tat ajoute : \u00ab\u00a0Certaines personnes accueillent cette id\u00e9e avec enthousiasme, d&rsquo;autres avec une certaine r\u00e9serve, nous vivons dans une \u00e9poque de r\u00e9cession \u00e9conomique s\u00e9v\u00e8re, les priorit\u00e9s pour le dialogue social devrait \u00eatre diff\u00e9rentes de ce quelles sont\u00a0\u00bb, a d\u00e9clar\u00e9 Teresa Morais.<\/p>\n<p>Pourtant, selon la secr\u00e9taire d&rsquo;Etat, la r\u00e9union a abouti \u00e0 un \u00abconsensus assez suffisant afin de pouvoir avancer \u00e0 un \u00e9nonc\u00e9 de propositions concr\u00e8tes et une collecte de contributions.\u00a0\u00bb<\/p>\n<p>Cependant, la position de Teresa Morais, est que la crise ne devrait pas \u00eatre une excuse pour ne pas discuter de l&rsquo;\u00e9galit\u00e9 des sexes, faisant valoir qu&rsquo;il s&rsquo;agit d&rsquo;une crise \u00e9conomique et les capacit\u00e9s des femmes pourraient aider le pays \u00e0 sortir de sa mauvaise situation actuelle.<\/p>\n<p>\u00ab\u00a0Peut-\u00eatre que c&rsquo;est parce que nous sommes en crise, nous devons capitaliser sur le potentiel des femmes pour aider un pays \u00e0 sortir de la crise, compte tenu du fait que les femmes font partie de la population avec le plus qualification et sont en m\u00eame temps, celles qui ont le moins de capacit\u00e9 de d\u00e9cision \u00bb, propos soutenus.<\/p>\n<p>Suivant l&rsquo;avis de Teresa Morais, \u00ab\u00a0tous les param\u00e8tres sont bons pour discuter du droit fondamental\u00a0\u00bb et la crise \u00e9conomique actuelle \u00ab\u00a0peut exploiter le potentiel des femmes dans le march\u00e9 du travail.\u00a0\u00bb<\/p>\n<p>La secr\u00e9taire d&rsquo;Etat a admis, cependant, que certains consid\u00e8rent qu&rsquo;il s&rsquo;agit d&rsquo;une question mineure, notant que \u00ables partenaires n&rsquo;ont pas tous attribu\u00e9 le m\u00eame niveau d&rsquo;importance \u00e0 la question de l&rsquo;\u00e9galit\u00e9\u00bb, mais a averti que \u00ab\u00a0tous les moments sont importants pour pr\u00e9server et de promouvoir l&rsquo;\u00e9galit\u00e9 entre les femmes et les hommes.\u00a0\u00bb<\/p>\n<p><img loading=\"lazy\" decoding=\"async\" class=\"alignleft size-full wp-image-180\" style=\"border: 0pt none;\" title=\"icon-pt\" src=\"http:\/\/www.culturalusa.com\/news\/wp-content\/uploads\/2012\/04\/icon-pt.gif\" alt=\"\" width=\"14\" height=\"14\" \/> <span style=\"color: #800000;\">Mulheres devem ajudar o pa\u00eds a sair da crise.<\/span><\/p>\n<p>A secret\u00e1ria de Estado da Igualdade defendeu hoje que as capacidades das mulheres devem ser usadas para ajudar o pa\u00eds a sair da atual crise econ\u00f3mica, lembrando que s\u00e3o a parte da popula\u00e7\u00e3o com maior qualifica\u00e7\u00e3o superior.<\/p>\n<p>A situa\u00e7\u00e3o das mulheres no mercado de trabalho foi hoje tema principal debatido, pela primeira vez, em Concerta\u00e7\u00e3o Social e, no final, em declara\u00e7\u00f5es aos jornalistas, a secret\u00e1ria de Estado da Igualdade revelou, sem especificar, que a possibilidade de avan\u00e7ar com propostas que dessem origem a um documento resultado de acordo tripartido, n\u00e3o foi acolhida da mesma maneira por todos os parceiros sociais.<\/p>\n<p>\u00ab\u00a0H\u00e1 quem receba a ideia com entusiasmo, h\u00e1 quem apresente reservas, nomeadamente por considerar que dado o momento grave de recess\u00e3o econ\u00f3mica em que vivemos, as prioridades para a Concerta\u00e7\u00e3o Social dever\u00e3o ser outras\u00a0\u00bb, adiantou Teresa Morais.<\/p>\n<p>Ainda assim, de acordo com a secret\u00e1ria de Estado, da reuni\u00e3o resultou um \u00ab\u00a0suficiente consenso sobre a utilidade que teria avan\u00e7ar para um enunciado concreto com propostas e a recolha de contributos\u00a0\u00bb.<\/p>\n<p>Da parte de Teresa Morais, no entanto, a posi\u00e7\u00e3o \u00e9 a de que a crise n\u00e3o deve ser pretexto para n\u00e3o discutir a igualdade de g\u00e9nero, defendendo que \u00e9 em crise que talvez se possa aproveitar melhor as capacidades das mulheres para ajudar o pa\u00eds a sair da atual situa\u00e7\u00e3o de dificuldade econ\u00f3mica.<\/p>\n<p>\u00ab\u00a0Se calhar \u00e9 porque estamos em crise que temos de aproveitar melhor as potencialidades das mulheres para ajudarem um pa\u00eds a sair de uma crise, dado ali\u00e1s as mulheres serem a parte da popula\u00e7\u00e3o com maior qualifica\u00e7\u00e3o superior e serem, ao mesmo tempo, as que t\u00eam menos capacidade de decis\u00e3o\u00a0\u00bb, defendeu.<\/p>\n<p>Na opini\u00e3o de Teresa Morais, \u00ab\u00a0todos os contextos s\u00e3o bons para discutir um direito fundamental\u00a0\u00bb e o atual contexto de crise econ\u00f3mica \u00ab\u00a0pode aproveitar as potencialidades das mulheres no mercado de trabalho\u00a0\u00bb.<\/p>\n<p>A secret\u00e1ria de Estado admitiu, no entanto, que h\u00e1 quem considere que este \u00e9 um tema menor, apontando que \u00ab\u00a0nem todos os parceiros atribu\u00edram o mesmo grau de import\u00e2ncia sobre o tema da igualdade\u00a0\u00bb, mas ressalvou que \u00ab\u00a0todos os momentos s\u00e3o importantes para preservar e promover a igualdade entre mulheres e homens\u00a0\u00bb. (Fonte:DN)<\/p>\n","protected":false},"excerpt":{"rendered":"<p>La comp\u00e9tence des femmes devant la crise. La Secr\u00e9taire d&rsquo;\u00c9tat pour l&rsquo;\u00e9galit\u00e9 a fait valoir que la capacit\u00e9 des femmes devrait \u00eatre utilis\u00e9e pour aider le pays \u00e0 sortir de la crise \u00e9conomique actuelle, parce qu&rsquo;elles font partie de la population ayant le plus de qualification de niveau sup\u00e9rieur. La situation des femmes dans le [&hellip;]<\/p>\n","protected":false},"author":1,"featured_media":0,"comment_status":"open","ping_status":"closed","sticky":false,"template":"","format":"standard","meta":{"footnotes":""},"categories":[3],"tags":[],"class_list":["post-419","post","type-post","status-publish","format-standard","hentry","category-portugal"],"aioseo_notices":[],"_links":{"self":[{"href":"https:\/\/www.culturalusa.com\/news\/wp-json\/wp\/v2\/posts\/419","targetHints":{"allow":["GET"]}}],"collection":[{"href":"https:\/\/www.culturalusa.com\/news\/wp-json\/wp\/v2\/posts"}],"about":[{"href":"https:\/\/www.culturalusa.com\/news\/wp-json\/wp\/v2\/types\/post"}],"author":[{"embeddable":true,"href":"https:\/\/www.culturalusa.com\/news\/wp-json\/wp\/v2\/users\/1"}],"replies":[{"embeddable":true,"href":"https:\/\/www.culturalusa.com\/news\/wp-json\/wp\/v2\/comments?post=419"}],"version-history":[{"count":0,"href":"https:\/\/www.culturalusa.com\/news\/wp-json\/wp\/v2\/posts\/419\/revisions"}],"wp:attachment":[{"href":"https:\/\/www.culturalusa.com\/news\/wp-json\/wp\/v2\/media?parent=419"}],"wp:term":[{"taxonomy":"category","embeddable":true,"href":"https:\/\/www.culturalusa.com\/news\/wp-json\/wp\/v2\/categories?post=419"},{"taxonomy":"post_tag","embeddable":true,"href":"https:\/\/www.culturalusa.com\/news\/wp-json\/wp\/v2\/tags?post=419"}],"curies":[{"name":"wp","href":"https:\/\/api.w.org\/{rel}","templated":true}]}}