{"id":4226,"date":"2019-01-30T01:03:15","date_gmt":"2019-01-30T00:03:15","guid":{"rendered":"https:\/\/www.culturalusa.com\/news\/?p=4226"},"modified":"2021-05-29T15:31:26","modified_gmt":"2021-05-29T13:31:26","slug":"lextreme-gauche-en-europe-entre-protestation-et-terreur","status":"publish","type":"post","link":"https:\/\/www.culturalusa.com\/news\/actualite\/lextreme-gauche-en-europe-entre-protestation-et-terreur\/","title":{"rendered":"L&rsquo;Extreme-gauche en Europe, entre protestation et terreur"},"content":{"rendered":"<p>ARTE TV d\u00e9voile une Radiographie des <span style=\"color: #800000;\"><strong>mouvements d\u2019Extr\u00eame Gauche<\/strong><\/span> europ\u00e9ens qui choisissent la violence comme mode d\u2019action. Rencontre avec des observateurs (politologues, policiers, psychologues) et des d\u00e9fenseurs de cette violence qui s&rsquo;affirme comme l\u00e9gitime, mais aussi des militants de gauche qui la consid\u00e8rent avec d\u00e9fiance.<\/p>\n<p><iframe loading=\"lazy\" title=\"YouTube video player\" src=\"https:\/\/www.youtube-nocookie.com\/embed\/WQBd6zNj4qk\" width=\"100%\" height=\"375\" frameborder=\"0\" allowfullscreen=\"allowfullscreen\"><\/iframe><\/p>\n<p>Ils disent lutter contre le capitalisme, le fascisme, le racisme, la mondialisation, le sexisme, la gentrification ou la r\u00e9pression polici\u00e8re : les combats des mouvements de l\u2019extr\u00eame gauche s\u2019inscrivent dans le sens de l\u2019humanisme, et leurs militants se veulent porteurs de progr\u00e8s et de justice sociale.<\/p>\n<h3>Mais pour certains, la fin justifie les moyens : depuis les ann\u00e9es 1990, la violence revendiqu\u00e9e s\u2019amplifie au sein de certains de leurs cercles, des \u00ab\u00a0antifa\u00a0\u00bb aux anarchistes d\u2019Europe.<\/h3>\n<p>Si cette d\u00e9rive, entre protestation et terreur, se manifeste sous de multiples formes, elle ne suscite pourtant encore que peu d\u2019attention publique ou universitaire \u2013 \u00e0 la diff\u00e9rence de modes d\u2019action similaires provenant de l\u2019extr\u00eame droite, document\u00e9s et analys\u00e9s.<\/p>\n<blockquote><p>L&rsquo;<span style=\"color: #800000;\"><strong>Extr\u00eame Gauche<\/strong><\/span> commet des Sabotages, attentats contre des partis ou des banques, attaques de policiers, \u00e9meutes et casse lors de manifestations \u2013 par exemple de la part des <span style=\"color: #800000;\">\u00ab\u00a0<strong>black blocs<\/strong>\u00ab\u00a0<\/span> pr\u00e9sents au sommet du G20 \u00e0 Hambourg&#8230; Comment ces groupes l\u00e9gitiment-ils leurs actes ?<\/p><\/blockquote>\n<p><strong>La violance est-elle une composante de la col\u00e8re sociale ?<\/strong><\/p>\n<p>En Allemagne, en France, en Russie, au Pays basque espagnol, etc&#8230; ce documentaire part \u00e0 la rencontre d\u2019observateurs \u2013 politologues, policiers, psychologues \u2013 et de d\u00e9fenseurs de cette violence qui s&rsquo;affirme comme l\u00e9gitime, mais aussi de militants de gauche qui la consid\u00e8rent avec d\u00e9fiance.<\/p>\n<p>Une plong\u00e9e saisissante dans un nouveau <span style=\"color: #800000;\"><strong>militantisme d&rsquo;Extr\u00eame Gauche europ\u00e9en et dangereux<\/strong><\/span> encore m\u00e9connu. (<a style=\"color: #222;\" href=\"https:\/\/www.arte.tv\" target=\"_blank\" rel=\"noopener noreferrer\">ArteTV<\/a>)<\/p>\n<p><img decoding=\"async\" class=\"aligncenter size-full wp-image-4237\" src=\"https:\/\/www.culturalusa.com\/news\/wp-content\/uploads\/2019\/01\/ultra-esquerda.jpg\" alt=\"\" width=\"100%\" srcset=\"https:\/\/www.culturalusa.com\/news\/wp-content\/uploads\/2019\/01\/ultra-esquerda.jpg 660w, https:\/\/www.culturalusa.com\/news\/wp-content\/uploads\/2019\/01\/ultra-esquerda-275x185.jpg 275w, https:\/\/www.culturalusa.com\/news\/wp-content\/uploads\/2019\/01\/ultra-esquerda-480x324.jpg 480w\" sizes=\"(max-width: 660px) 100vw, 660px\" \/><\/p>\n","protected":false},"excerpt":{"rendered":"<p>ARTE TV d\u00e9voile une Radiographie des mouvements d\u2019Extr\u00eame Gauche europ\u00e9ens qui choisissent la violence comme mode d\u2019action. Rencontre avec des observateurs (politologues, policiers, psychologues) et des d\u00e9fenseurs de cette violence qui s&rsquo;affirme comme l\u00e9gitime, mais aussi des militants de gauche qui la consid\u00e8rent avec d\u00e9fiance. Ils disent lutter contre le capitalisme, le fascisme, le racisme, [&hellip;]<\/p>\n","protected":false},"author":1,"featured_media":4227,"comment_status":"open","ping_status":"closed","sticky":false,"template":"","format":"standard","meta":{"footnotes":""},"categories":[30],"tags":[1838,1013,949,1837,950,1423],"class_list":["post-4226","post","type-post","status-publish","format-standard","has-post-thumbnail","hentry","category-actualite","tag-antifa","tag-black-blocs","tag-extreme-gauche","tag-extreme-gauche-europe","tag-mondialisation","tag-ultra-gauche"],"aioseo_notices":[],"_links":{"self":[{"href":"https:\/\/www.culturalusa.com\/news\/wp-json\/wp\/v2\/posts\/4226","targetHints":{"allow":["GET"]}}],"collection":[{"href":"https:\/\/www.culturalusa.com\/news\/wp-json\/wp\/v2\/posts"}],"about":[{"href":"https:\/\/www.culturalusa.com\/news\/wp-json\/wp\/v2\/types\/post"}],"author":[{"embeddable":true,"href":"https:\/\/www.culturalusa.com\/news\/wp-json\/wp\/v2\/users\/1"}],"replies":[{"embeddable":true,"href":"https:\/\/www.culturalusa.com\/news\/wp-json\/wp\/v2\/comments?post=4226"}],"version-history":[{"count":0,"href":"https:\/\/www.culturalusa.com\/news\/wp-json\/wp\/v2\/posts\/4226\/revisions"}],"wp:featuredmedia":[{"embeddable":true,"href":"https:\/\/www.culturalusa.com\/news\/wp-json\/wp\/v2\/media\/4227"}],"wp:attachment":[{"href":"https:\/\/www.culturalusa.com\/news\/wp-json\/wp\/v2\/media?parent=4226"}],"wp:term":[{"taxonomy":"category","embeddable":true,"href":"https:\/\/www.culturalusa.com\/news\/wp-json\/wp\/v2\/categories?post=4226"},{"taxonomy":"post_tag","embeddable":true,"href":"https:\/\/www.culturalusa.com\/news\/wp-json\/wp\/v2\/tags?post=4226"}],"curies":[{"name":"wp","href":"https:\/\/api.w.org\/{rel}","templated":true}]}}