{"id":4244,"date":"2019-02-07T15:55:55","date_gmt":"2019-02-07T14:55:55","guid":{"rendered":"https:\/\/www.culturalusa.com\/news\/?p=4244"},"modified":"2020-10-20T17:20:34","modified_gmt":"2020-10-20T15:20:34","slug":"nouvelle-perquisition-a-la-france-insoumise","status":"publish","type":"post","link":"https:\/\/www.culturalusa.com\/news\/actualite\/nouvelle-perquisition-a-la-france-insoumise\/","title":{"rendered":"Nouvelle perquisition \u00e0 La France insoumise"},"content":{"rendered":"<p>Une nouvelle perquisition a vis\u00e9 jeudi un membre de <strong>La France insoumise<\/strong>, le directeur des campagnes et candidat aux \u00e9lections europ\u00e9ennes Manuel Bompard, \u00e0 Toulouse, ont annonc\u00e9 <strong>Jean-Luc M\u00e9lenchon<\/strong> et le candidat lui-m\u00eame.<\/p>\n<p>\u00ab\u00a0Depuis 7h00 ce matin, 5h de perquisition \u00e0 mon domicile personnel pour 15 fichiers informatiques sans aucune signification. Apr\u00e8s Mediapart cette semaine, c&rsquo;est donc un candidat aux \u00e9lections europ\u00e9ennes qui est perquisitionn\u00e9. O\u00f9 s&rsquo;arr\u00eatera la d\u00e9rive autoritaire du pouvoir ?\u00a0\u00bb, \u00e9crit le num\u00e9ro deux sur la liste de La France insoumise aux \u00e9lections europ\u00e9ennes, sur Twitter.<\/p>\n<p>Le chef de file de la formation, Jean-Luc M\u00e9lenchon, d\u00e9nonce quant \u00e0 lui une \u00ab\u00a0insupportable nouvelle perquisition chez Manuel Bompard \u00e0 Toulouse\u00a0\u00bb. \u00ab\u00a0L&rsquo;instrumentalisation de la justice devient le r\u00e9gime ordinaire. Le macronisme n&rsquo;est plus qu&rsquo;un autoritarisme\u00a0\u00bb, ajoute-t-il.<\/p>\n<p>Des perquisitions ont vis\u00e9 le 16 octobre le domicile de Jean-Luc M\u00e9lenchon et une quinzaine de sites li\u00e9s \u00e0 LFI dans le cadre de deux enqu\u00eates pr\u00e9liminaires ouvertes par le parquet de Paris, li\u00e9es \u00e0 l&#8217;emploi d&rsquo;assistants parlementaires europ\u00e9ens et aux comptes de la campagne pr\u00e9sidentielle du candidat.<\/p>\n<p>L&rsquo;\u00e9pisode, qui avait notamment vu le d\u00e9put\u00e9 des Bouches-du-Rh\u00f4ne s&#8217;emporter face \u00e0 des policiers, a affect\u00e9 la popularit\u00e9 du mouvement. L&rsquo;Office central de lutte contre la corruption et les infractions financi\u00e8res (OCLCIFF) avait men\u00e9 une vingtaine d&rsquo;auditions. (Reuters)<\/p>\n","protected":false},"excerpt":{"rendered":"<p>Une nouvelle perquisition a vis\u00e9 jeudi un membre de La France insoumise, le directeur des campagnes et candidat aux \u00e9lections europ\u00e9ennes Manuel Bompard, \u00e0 Toulouse, ont annonc\u00e9 Jean-Luc M\u00e9lenchon et le candidat lui-m\u00eame. \u00ab\u00a0Depuis 7h00 ce matin, 5h de perquisition \u00e0 mon domicile personnel pour 15 fichiers informatiques sans aucune signification. Apr\u00e8s Mediapart cette semaine, [&hellip;]<\/p>\n","protected":false},"author":1,"featured_media":4245,"comment_status":"open","ping_status":"closed","sticky":false,"template":"","format":"standard","meta":{"footnotes":""},"categories":[30],"tags":[952,953],"class_list":["post-4244","post","type-post","status-publish","format-standard","has-post-thumbnail","hentry","category-actualite","tag-la-france-insoumise","tag-melenchon"],"aioseo_notices":[],"_links":{"self":[{"href":"https:\/\/www.culturalusa.com\/news\/wp-json\/wp\/v2\/posts\/4244","targetHints":{"allow":["GET"]}}],"collection":[{"href":"https:\/\/www.culturalusa.com\/news\/wp-json\/wp\/v2\/posts"}],"about":[{"href":"https:\/\/www.culturalusa.com\/news\/wp-json\/wp\/v2\/types\/post"}],"author":[{"embeddable":true,"href":"https:\/\/www.culturalusa.com\/news\/wp-json\/wp\/v2\/users\/1"}],"replies":[{"embeddable":true,"href":"https:\/\/www.culturalusa.com\/news\/wp-json\/wp\/v2\/comments?post=4244"}],"version-history":[{"count":0,"href":"https:\/\/www.culturalusa.com\/news\/wp-json\/wp\/v2\/posts\/4244\/revisions"}],"wp:featuredmedia":[{"embeddable":true,"href":"https:\/\/www.culturalusa.com\/news\/wp-json\/wp\/v2\/media\/4245"}],"wp:attachment":[{"href":"https:\/\/www.culturalusa.com\/news\/wp-json\/wp\/v2\/media?parent=4244"}],"wp:term":[{"taxonomy":"category","embeddable":true,"href":"https:\/\/www.culturalusa.com\/news\/wp-json\/wp\/v2\/categories?post=4244"},{"taxonomy":"post_tag","embeddable":true,"href":"https:\/\/www.culturalusa.com\/news\/wp-json\/wp\/v2\/tags?post=4244"}],"curies":[{"name":"wp","href":"https:\/\/api.w.org\/{rel}","templated":true}]}}