{"id":4250,"date":"2019-02-08T13:02:14","date_gmt":"2019-02-08T12:02:14","guid":{"rendered":"https:\/\/www.culturalusa.com\/news\/?p=4250"},"modified":"2020-09-26T18:38:21","modified_gmt":"2020-09-26T16:38:21","slug":"italie-luigi-di-maio-explique-a-la-france-sa-rencontre-avec-des-gilets-jaunes","status":"publish","type":"post","link":"https:\/\/www.culturalusa.com\/news\/monde\/italie-luigi-di-maio-explique-a-la-france-sa-rencontre-avec-des-gilets-jaunes\/","title":{"rendered":"Italie: Luigi Di Maio explique \u00e0 la France, sa rencontre avec des Gilets jaunes"},"content":{"rendered":"<p>La France est une r\u00e9f\u00e9rence pour les droits sociaux et ses \u00ab\u00a0Gilets jaunes\u00a0\u00bb l&#8217;embl\u00e8me d&rsquo;un malaise europ\u00e9en, d\u00e9clare le vice-pr\u00e9sident du conseil italien Luigi Di Maio pour justifier sa rencontre, mardi, avec des repr\u00e9sentants du mouvement.<\/p>\n<blockquote><p><strong>Je ne crois pas que l&rsquo;avenir de la politique europ\u00e9enne soit dans les partis de droite ou de gauche<\/strong><\/p><\/blockquote>\n<p>La querelle diplomatique entre la France et l&rsquo;Italie s&rsquo;est brusquement envenim\u00e9e jeudi avec la d\u00e9cision de Paris de rappeler son ambassadeur \u00e0 Rome, une initiative sans pr\u00e9c\u00e9dent depuis la fin de la Seconde Guerre mondiale li\u00e9e notamment \u00e0 cette \u00ab\u00a0nouvelle provocation\u00a0\u00bb, selon les termes de Paris.<\/p>\n<p>\u00ab\u00a0L&rsquo;Italie et le gouvernement italien consid\u00e8rent la France comme un pays ami et son peuple, avec sa tradition d\u00e9mocratique mill\u00e9naire, comme un point de r\u00e9f\u00e9rence, au niveau mondial, dans les conqu\u00eates des droits civils et sociaux\u00a0\u00bb, d\u00e9clare le chef du Mouvement 5 Etoiles (anti-syst\u00e8me) dans un entretien au journal Le Monde en forme de tentative de d\u00e9samor\u00e7age.<\/p>\n<p>\u00ab\u00a0Je ne suis pas \u00e9tonn\u00e9 que le peuple fran\u00e7ais montre des signes consid\u00e9rables de malaise vis-\u00e0-vis du d\u00e9mant\u00e8lement de certains de ces droits. Et ceci ne concerne pas seulement le gouvernement actuel\u00a0\u00bb, ajoute-t-il, citant notamment le quinquennat Hollande, des \u00ab\u00a0recettes ultralib\u00e9rales\u00a0\u00bb men\u00e9es par des partis de droite comme de gauche.<\/p>\n<p>\u00ab\u00a0C&rsquo;est pour cette raison que j&rsquo;ai voulu rencontrer des repr\u00e9sentants des Gilets jaunes et de la liste RIC, parce que <strong>je ne crois pas que l&rsquo;avenir de la politique europ\u00e9enne soit dans les partis de droite ou de gauche<\/strong>\u00ab\u00a0, dit-il.<\/p>\n<p>\u00ab\u00a0Les divergences politiques et de vision entre le gouvernement fran\u00e7ais et italien ne doivent pas affecter le rapport historique d&rsquo;amiti\u00e9 qui unit nos deux peuples et nos deux Etats\u00a0\u00bb, conclut-il. \u00ab\u00a0Je tiens \u00e0 r\u00e9affirmer la volont\u00e9 de collaboration de notre ex\u00e9cutif, sur les questions qui nous tiennent le plus \u00e0 coeur, en tant que membre fondateur de l&rsquo;Union europ\u00e9enne\u00a0\u00bb. (Reuters)<\/p>\n","protected":false},"excerpt":{"rendered":"<p>La France est une r\u00e9f\u00e9rence pour les droits sociaux et ses \u00ab\u00a0Gilets jaunes\u00a0\u00bb l&#8217;embl\u00e8me d&rsquo;un malaise europ\u00e9en, d\u00e9clare le vice-pr\u00e9sident du conseil italien Luigi Di Maio pour justifier sa rencontre, mardi, avec des repr\u00e9sentants du mouvement. Je ne crois pas que l&rsquo;avenir de la politique europ\u00e9enne soit dans les partis de droite ou de gauche [&hellip;]<\/p>\n","protected":false},"author":1,"featured_media":4251,"comment_status":"open","ping_status":"closed","sticky":false,"template":"","format":"standard","meta":{"footnotes":""},"categories":[1372],"tags":[912,542,957],"class_list":["post-4250","post","type-post","status-publish","format-standard","has-post-thumbnail","hentry","category-monde","tag-gilets-jaunes","tag-italie","tag-luigi-di-maio"],"aioseo_notices":[],"_links":{"self":[{"href":"https:\/\/www.culturalusa.com\/news\/wp-json\/wp\/v2\/posts\/4250","targetHints":{"allow":["GET"]}}],"collection":[{"href":"https:\/\/www.culturalusa.com\/news\/wp-json\/wp\/v2\/posts"}],"about":[{"href":"https:\/\/www.culturalusa.com\/news\/wp-json\/wp\/v2\/types\/post"}],"author":[{"embeddable":true,"href":"https:\/\/www.culturalusa.com\/news\/wp-json\/wp\/v2\/users\/1"}],"replies":[{"embeddable":true,"href":"https:\/\/www.culturalusa.com\/news\/wp-json\/wp\/v2\/comments?post=4250"}],"version-history":[{"count":0,"href":"https:\/\/www.culturalusa.com\/news\/wp-json\/wp\/v2\/posts\/4250\/revisions"}],"wp:featuredmedia":[{"embeddable":true,"href":"https:\/\/www.culturalusa.com\/news\/wp-json\/wp\/v2\/media\/4251"}],"wp:attachment":[{"href":"https:\/\/www.culturalusa.com\/news\/wp-json\/wp\/v2\/media?parent=4250"}],"wp:term":[{"taxonomy":"category","embeddable":true,"href":"https:\/\/www.culturalusa.com\/news\/wp-json\/wp\/v2\/categories?post=4250"},{"taxonomy":"post_tag","embeddable":true,"href":"https:\/\/www.culturalusa.com\/news\/wp-json\/wp\/v2\/tags?post=4250"}],"curies":[{"name":"wp","href":"https:\/\/api.w.org\/{rel}","templated":true}]}}