{"id":429,"date":"2012-04-20T13:30:47","date_gmt":"2012-04-20T13:30:47","guid":{"rendered":"http:\/\/www.culturalusa.com\/news\/?p=429"},"modified":"2025-01-21T14:16:31","modified_gmt":"2025-01-21T13:16:31","slug":"teresa-salgueiro","status":"publish","type":"post","link":"https:\/\/www.culturalusa.com\/news\/media-gallery\/musique-albums\/teresa-salgueiro\/","title":{"rendered":"Teresa Salgueiro &#8211; Madredeus"},"content":{"rendered":"<h2>A l&rsquo;\u00e2ge de 17 ans, elle int\u00e8gre le plus c\u00e9l\u00e8bre groupe portugais \u00e0 l&rsquo;\u00e9tranger, <a href=\"https:\/\/www.culturalusa.com\/news\/culture\/le-grand-retour-de-madredeus\/\">Madredeus<\/a>, qui entre 1987 et 2007, ont vendu plus de cinq millions d&rsquo;albums \u00e0 travers le monde.<\/h2>\n<p><span style=\"color: #800000;\"><strong>Teresa Salgueiro, c&rsquo;est la VOIX Madredeus<\/strong><\/span><\/p>\n<p>Le 28 novembre 2007, elle annonce son d\u00e9part du groupe Madredeus.<\/p>\n<p><strong>Son dernier album, <span style=\"color: #800000;\">\u00ab\u00a0O Mist\u00e9rio\u00a0\u00bb<\/span><\/strong>. Avec une carri\u00e8re de 25 ann\u00e9es de d\u00e9vouement continu \u00e0 la musique culmine d\u00e9sormais \u00e0 la cr\u00e9ation d&rsquo;un atelier de composition, dont les pi\u00e8ces sont n\u00e9es d&rsquo;une r\u00e9union entre Teresa Salgueiro et les musiciens qu&rsquo;elle a choisi.<\/p>\n<p><img decoding=\"async\" style=\"margin-right: 5px; vertical-align: middle;\" src=\"https:\/\/www.culturalusa.com\/images\/icon-music-achat-32.png\" alt=\"achat musique\" \/>Vous pouvez acheter l&rsquo;album de Teresa Salgueiro, ici: <a href=\"https:\/\/www.amazon.fr\/gp\/search?ie=UTF8&amp;keywords=Teresa%20Salgueiro&amp;tag=musica7-21&amp;index=music&amp;linkCode=ur2&amp;camp=1642&amp;creative=6746\" target=\"_blank\" rel=\"noopener noreferrer\">O Mist\u00e9rio<\/a><br \/>\n<img loading=\"lazy\" decoding=\"async\" style=\"border: none !important; margin: 0px !important;\" src=\"https:\/\/www.assoc-amazon.fr\/e\/ir?t=musica7-21&amp;l=ur2&amp;o=8\" alt=\"\" width=\"1\" height=\"1\" border=\"0\" \/><br \/>\nEt pour la premi\u00e8re fois, elle se consacre \u00e0 composer ses chansons et \u00e0 l&rsquo;\u00e9crit des paroles comprenant tous les th\u00e8mes, traitant d&rsquo;une r\u00e9flexion sur la dimension humaine du myst\u00e8re de la vie.<\/p>\n<p>Cette musique a \u00e9t\u00e9 sp\u00e9cialement con\u00e7ue pour \u00eatre jou\u00e9 en live. Sur sc\u00e8ne, il est recr\u00e9\u00e9 la gamme des \u00e9motions pr\u00e9sentes dans plusieurs sujets diff\u00e9rents, partageant avec le public la joie de la construction de la musique ainsi que l&rsquo;\u00e9nergie g\u00e9n\u00e9r\u00e9e \u00e0 chaque concert.<\/p>\n<p><iframe loading=\"lazy\" src=\"https:\/\/www.youtube.com\/embed\/EvHiqpiVd6I\" width=\"100%\" height=\"450\" frameborder=\"0\" allowfullscreen=\"allowfullscreen\"><\/iframe><br \/>\n<strong>A Espera &#8211; Ensaios<\/strong>. Durante o m\u00eas de Agosto de 2011, a Teresa Salgueiro e os seus M\u00fasicos, retiraram-se para o Convento da Arr\u00e1bida, no ambiente envolvente da Serra, e montaram um est\u00fadio de grava\u00e7\u00e3o onde registam os dezassete temas originais que comp\u00f5em o \u00e1lbum \u00ab\u00a0<strong>O Mist\u00e9rio<\/strong>\u00ab\u00a0.<br \/>\n<img decoding=\"async\" style=\"margin-right: 5px; vertical-align: middle;\" src=\"https:\/\/www.culturalusa.com\/images\/icon-music-achat-32.png\" alt=\"achat musique\" \/>Acheter les Albums CD ou mp3 de <a href=\"https:\/\/www.amazon.fr\/gp\/search?ie=UTF8&amp;keywords=Teresa%20Salgueiro&amp;tag=musica7-21&amp;index=music&amp;linkCode=ur2&amp;camp=1642&amp;creative=6746\" target=\"_blank\" rel=\"noopener noreferrer\">Teresa Salgueiro<\/a><br \/>\n<img loading=\"lazy\" decoding=\"async\" style=\"border: none !important; margin: 0px !important;\" src=\"https:\/\/www.assoc-amazon.fr\/e\/ir?t=musica7-21&amp;l=ur2&amp;o=8\" alt=\"\" width=\"1\" height=\"1\" border=\"0\" \/><br \/>\n<img decoding=\"async\" style=\"margin-right: 5px; vertical-align: middle;\" src=\"https:\/\/www.culturalusa.com\/images\/icon-music-achat-32.png\" alt=\"achat musique\" \/>Acheter les albums CD ou mp3 de <a href=\"https:\/\/www.amazon.fr\/gp\/search?ie=UTF8&amp;keywords=Madredeus&amp;tag=musica7-21&amp;index=music&amp;linkCode=ur2&amp;camp=1642&amp;creative=6746\" target=\"_blank\" rel=\"noopener noreferrer\">Madredeus<\/a><br \/>\n<img loading=\"lazy\" decoding=\"async\" style=\"border: none !important; margin: 0px !important;\" src=\"https:\/\/www.assoc-amazon.fr\/e\/ir?t=musica7-21&amp;l=ur2&amp;o=8\" alt=\"\" width=\"1\" height=\"1\" border=\"0\" \/><img loading=\"lazy\" decoding=\"async\" class=\"alignleft size-full wp-image-180\" style=\"border: 0pt none;\" title=\"icon-pt\" src=\"https:\/\/www.culturalusa.com\/news\/wp-content\/uploads\/2012\/04\/icon-pt.gif\" alt=\"\" width=\"14\" height=\"14\" \/> <span style=\"color: #800000;\">Teresa Salgueiro, com apenas 17 anos, integrou o mais famoso grupo portugu\u00eas de sempre no estrangeiro, os Madredeus<\/span>, em que venderam mais de cinco milh\u00f5es de discos em todo o mundo (entre 1987 e 2007).<br \/>\nEm 28 de Novembro de 2007, o an\u00fancio da sa\u00edda de Teresa Salgueiro, Fernando J\u00fadice e Jos\u00e9 Peixoto dos Madredeus tomou os f\u00e3s do grupo de surpresa.<\/p>\n<p>O seu mais recente \u00e1lbum, \u00ab\u00a0O Mist\u00e9rio\u00a0\u00bb. Os seus 25 anos de dedica\u00e7\u00e3o ininterrupta \u00e0 m\u00fasica culmina agora na cria\u00e7\u00e3o de uma oficina de composi\u00e7\u00e3o, cujas pe\u00e7as nascem do encontro de Teresa Salgueiro com os m\u00fasicos que escolheu.<\/p>\n<p>Pela primeira vez, dedica-se \u00e0 composi\u00e7\u00e3o das m\u00fasicas e \u00e0 escrita das letras dos mais variados temas, que tratam de uma reflex\u00e3o sobre a dimens\u00e3o humana perante o mist\u00e9rio da vida.<\/p>\n<p>A m\u00fasica foi pensada especificamente para ser reproduzida ao vivo. Em palco, \u00e9 recriado o leque das diversas emo\u00e7\u00f5es presentes nos diferentes temas, partilhando com o p\u00fablico a alegria da constru\u00e7\u00e3o da m\u00fasica e da energia geradas em cada concerto.<\/p>\n<p><iframe loading=\"lazy\" src=\"https:\/\/www.youtube.com\/embed\/4z1l3Mop0_A\" width=\"100%\" height=\"450\" frameborder=\"0\" allowfullscreen=\"allowfullscreen\"><\/iframe><\/p>\n<p style=\"text-align: center;\">MADREDEUS &#8211; Haja o que houver (com a voz de Teresa Salgueiro)<\/p>\n<p style=\"text-align: center;\"><script type=\"text\/javascript\"><!-- google_ad_client = \"ca-pub-2727717456356200\"; \/* CulturaLusa 468x60 *\/ google_ad_slot = \"2785499263\"; google_ad_width = 468; google_ad_height = 60; \/\/-->\n<\/script><br \/>\n<script type=\"text\/javascript\" src=\"https:\/\/pagead2.googlesyndication.com\/pagead\/show_ads.js\">\n<\/script><\/p>\n<p><iframe loading=\"lazy\" src=\"https:\/\/www.youtube.com\/embed\/gOWlOgXEj_Q\" width=\"100%\" height=\"450\" frameborder=\"0\" allowfullscreen=\"allowfullscreen\"><\/iframe><\/p>\n<div style=\"text-align: center;\">TERESA SALGUEIRO &#8211; VOLTAREI \u00c0 MINHA TERRA<\/div>\n<hr \/>\n","protected":false},"excerpt":{"rendered":"<p>A l&rsquo;\u00e2ge de 17 ans, elle int\u00e8gre le plus c\u00e9l\u00e8bre groupe portugais \u00e0 l&rsquo;\u00e9tranger, Madredeus, qui entre 1987 et 2007, ont vendu plus de cinq millions d&rsquo;albums \u00e0 travers le monde. Teresa Salgueiro, c&rsquo;est la VOIX Madredeus Le 28 novembre 2007, elle annonce son d\u00e9part du groupe Madredeus. Son dernier album, \u00ab\u00a0O Mist\u00e9rio\u00a0\u00bb. Avec une [&hellip;]<\/p>\n","protected":false},"author":1,"featured_media":3390,"comment_status":"open","ping_status":"closed","sticky":false,"template":"","format":"standard","meta":{"footnotes":""},"categories":[29],"tags":[1118,977],"class_list":["post-429","post","type-post","status-publish","format-standard","has-post-thumbnail","hentry","category-musique-albums","tag-madredeus","tag-teresa-salgueiro"],"aioseo_notices":[],"_links":{"self":[{"href":"https:\/\/www.culturalusa.com\/news\/wp-json\/wp\/v2\/posts\/429","targetHints":{"allow":["GET"]}}],"collection":[{"href":"https:\/\/www.culturalusa.com\/news\/wp-json\/wp\/v2\/posts"}],"about":[{"href":"https:\/\/www.culturalusa.com\/news\/wp-json\/wp\/v2\/types\/post"}],"author":[{"embeddable":true,"href":"https:\/\/www.culturalusa.com\/news\/wp-json\/wp\/v2\/users\/1"}],"replies":[{"embeddable":true,"href":"https:\/\/www.culturalusa.com\/news\/wp-json\/wp\/v2\/comments?post=429"}],"version-history":[{"count":3,"href":"https:\/\/www.culturalusa.com\/news\/wp-json\/wp\/v2\/posts\/429\/revisions"}],"predecessor-version":[{"id":13203,"href":"https:\/\/www.culturalusa.com\/news\/wp-json\/wp\/v2\/posts\/429\/revisions\/13203"}],"wp:featuredmedia":[{"embeddable":true,"href":"https:\/\/www.culturalusa.com\/news\/wp-json\/wp\/v2\/media\/3390"}],"wp:attachment":[{"href":"https:\/\/www.culturalusa.com\/news\/wp-json\/wp\/v2\/media?parent=429"}],"wp:term":[{"taxonomy":"category","embeddable":true,"href":"https:\/\/www.culturalusa.com\/news\/wp-json\/wp\/v2\/categories?post=429"},{"taxonomy":"post_tag","embeddable":true,"href":"https:\/\/www.culturalusa.com\/news\/wp-json\/wp\/v2\/tags?post=429"}],"curies":[{"name":"wp","href":"https:\/\/api.w.org\/{rel}","templated":true}]}}