{"id":432,"date":"2012-04-20T19:02:25","date_gmt":"2012-04-20T19:02:25","guid":{"rendered":"http:\/\/www.culturalusa.com\/news\/?p=432"},"modified":"2012-04-20T19:09:54","modified_gmt":"2012-04-20T19:09:54","slug":"portugal-prepare-un-nouveau-plan-aide","status":"publish","type":"post","link":"https:\/\/www.culturalusa.com\/news\/portugal\/portugal-prepare-un-nouveau-plan-aide\/","title":{"rendered":"Portugal pr\u00e9pare un nouveau plan d&rsquo;aide\u200e"},"content":{"rendered":"<figure id=\"attachment_433\" aria-describedby=\"caption-attachment-433\" style=\"width: 275px\" class=\"wp-caption alignleft\"><img loading=\"lazy\" decoding=\"async\" class=\"size-medium wp-image-433\" title=\"Carvalho da Silva\" src=\"http:\/\/www.culturalusa.com\/news\/wp-content\/uploads\/2012\/04\/carvalho_da_silva-275x167.jpg\" alt=\"Carvalho da Silva\" width=\"275\" height=\"167\" srcset=\"https:\/\/www.culturalusa.com\/news\/wp-content\/uploads\/2012\/04\/carvalho_da_silva-275x167.jpg 275w, https:\/\/www.culturalusa.com\/news\/wp-content\/uploads\/2012\/04\/carvalho_da_silva.jpg 410w\" sizes=\"auto, (max-width: 275px) 100vw, 275px\" \/><figcaption id=\"caption-attachment-433\" class=\"wp-caption-text\">Carvalho da Silva<\/figcaption><\/figure>\n<p><strong>L&rsquo;ancien secr\u00e9taire g\u00e9n\u00e9ral de la CGTP, Carvalho da Silva,<\/strong> a averti qu&rsquo;il se pr\u00e9pare un second plan d&rsquo;aide pour le Portugal, \u00e0 la suite de r\u00e9centes d\u00e9clarations du Premier ministre, conduisant \u00e0 plus d&rsquo;aust\u00e9rit\u00e9.<\/p>\n<p>\u00ab\u00a0Si vous regardez le contenu d&rsquo;une entrevue avec le Premier ministre et plusieurs infos venus du Fonds mon\u00e9taire international, nous pouvons dire, que dangereusement un deuxi\u00e8me plan de sauvetage est \u00e0 la une, c&rsquo;est \u00e0 dire, plus d&rsquo;aust\u00e9rit\u00e9 et de r\u00e9cession sur une soci\u00e9t\u00e9 fortement appauvri, plus pr\u00e9caire, avec une \u00e9conomie rapidement affaiblie\u00a0\u00bb, a d\u00e9clar\u00e9 Carvalho da Silva lors de son discours \u00e0 la Conf\u00e9rence internationale sur le tourisme, organis\u00e9 par l&rsquo;Universit\u00e9 catholique portugaise, qui se d\u00e9roule actuellement \u00e0 Braga.<\/p>\n<p>Mardi dernier, le Premier ministre Pedro Passos Coelho a sign\u00e9 un article d&rsquo;opinion dans le quotidien britannique Financial Times intitul\u00e9 \u00ab\u00a0Le Portugal reste optimiste sur la voie de r\u00e9formes pragmatiques\u00a0\u00bb, dans lequel il explique qu&rsquo;il est n\u00e9cessaire d&rsquo;avoir \u00ab\u00a0l&rsquo;engagement des partenaires internationaux afin d&rsquo;apporter un soutien suppl\u00e9mentaire, au cas o\u00f9, des circonstances hors du contr\u00f4le pourraient obstruer le retour aux march\u00e9s financiers\u00a0\u00bb.<\/p>\n<p>Le Premier ministre avait d\u00e9j\u00e0 admis l&rsquo;hypoth\u00e8se d&rsquo;une aide internationale suppl\u00e9mentaire, dans une interview au journal allemand Die Welt, il avait d\u00e9clar\u00e9 que le Portugal ne serait pas en mesure de revenir sur les march\u00e9s l&rsquo;ann\u00e9e prochaine.<\/p>\n<p>Carvalho da Silva a \u00e9galement rappel\u00e9, que le Fonds mon\u00e9taire international cette semaine, va au-del\u00e0 des d\u00e9clarations r\u00e9centes et \u00ab\u00a0a reconnu que l&rsquo;aust\u00e9rit\u00e9 dans la r\u00e9cession, lorsque celle-ci est mise en \u0153uvre de mani\u00e8re coordonn\u00e9e dans de nombreux pays, a pour effet in\u00e9vitable d&rsquo;approfondir la r\u00e9cession.\u00a0\u00bb<\/p>\n<p><img loading=\"lazy\" decoding=\"async\" class=\"alignleft size-full wp-image-180\" style=\"border: 0pt none;\" title=\"icon-pt\" src=\"http:\/\/www.culturalusa.com\/news\/wp-content\/uploads\/2012\/04\/icon-pt.gif\" alt=\"\" width=\"14\" height=\"14\" \/> <span style=\"color: #800000;\">Portugal prepara um segundo resgate<\/span><\/p>\n<p>O antigo secret\u00e1rio-geral da CGTP, Carvalho da Silva, alertou que estar\u00e1 a ser preparado um segundo resgate a Portugal, na sequ\u00eancia de declara\u00e7\u00f5es recentes do primeiro-ministro, que levar\u00e1 a mais austeridade.<\/p>\n<p>\u00ab\u00a0Se olharmos para o conte\u00fado de uma entrevista do primeiro-ministro e v\u00e1rias coisas que vieram a p\u00fablico do Fundo Monet\u00e1rio Internacional, n\u00f3s podemos dizer que perigosamente est\u00e1 na calha um segundo resgate, isto \u00e9, mais austeridade e recess\u00e3o sobre uma sociedade fortemente empobrecida, mais insegura, com uma economia aceleradamente fragilizada\u00a0\u00bb, afirmou Carvalho da Silva durante a sua interven\u00e7\u00e3o na Confer\u00eancia Internacional de Turismo, organizada pela Universidade Cat\u00f3lica Portuguesa, que hoje decorre em Braga.<\/p>\n<p>Na ter\u00e7a-feira, o primeiro-ministro Pedro Passos Coelho assinou um artigo de opini\u00e3o no di\u00e1rio brit\u00e2nico Financial Times intitulado \u00ab\u00a0Portugal otimista mant\u00e9m-se num caminho de reformas pragm\u00e1tico\u00a0\u00bb, no qual explicou que \u00e9 preciso contar com \u00ab\u00a0o compromisso dos parceiros internacionais para dar um apoio adicional caso surjam circunst\u00e2ncias fora do controlo que obstruam o retorno ao mercado de financiamento\u00a0\u00bb.<\/p>\n<p>O primeiro-ministro j\u00e1 tinha admitido a hip\u00f3tese de ser precisa mais ajuda internacional no in\u00edcio do m\u00eas, quando, em entrevista ao jornal alem\u00e3o Die Welt, afirmou que Portugal poderia n\u00e3o conseguir regressar aos mercados no pr\u00f3ximo ano.<\/p>\n<p>Carvalho da Silva lembrou, ainda, que o Fundo Monet\u00e1rio Internacional, esta semana, foi al\u00e9m de declara\u00e7\u00f5es recentes e \u00ab\u00a0reconheceu que austeridade em recess\u00e3o, quando implementada de forma coordenada em muitos pa\u00edses, tem como efeito inevit\u00e1vel o aprofundamento da recess\u00e3o\u00a0\u00bb.<\/p>\n<p><script type=\"text\/javascript\"><!--\ngoogle_ad_client = \"ca-pub-2727717456356200\";\n\/* CulturaLusa 468x60 *\/\ngoogle_ad_slot = \"2785499263\";\ngoogle_ad_width = 468;\ngoogle_ad_height = 60;\n\/\/-->\n<\/script><br \/>\n<script type=\"text\/javascript\"\nsrc=\"http:\/\/pagead2.googlesyndication.com\/pagead\/show_ads.js\">\n<\/script><\/p>\n","protected":false},"excerpt":{"rendered":"<p>L&rsquo;ancien secr\u00e9taire g\u00e9n\u00e9ral de la CGTP, Carvalho da Silva, a averti qu&rsquo;il se pr\u00e9pare un second plan d&rsquo;aide pour le Portugal, \u00e0 la suite de r\u00e9centes d\u00e9clarations du Premier ministre, conduisant \u00e0 plus d&rsquo;aust\u00e9rit\u00e9. \u00ab\u00a0Si vous regardez le contenu d&rsquo;une entrevue avec le Premier ministre et plusieurs infos venus du Fonds mon\u00e9taire international, nous pouvons [&hellip;]<\/p>\n","protected":false},"author":1,"featured_media":0,"comment_status":"open","ping_status":"closed","sticky":false,"template":"","format":"standard","meta":{"footnotes":""},"categories":[3],"tags":[],"class_list":["post-432","post","type-post","status-publish","format-standard","hentry","category-portugal"],"aioseo_notices":[],"_links":{"self":[{"href":"https:\/\/www.culturalusa.com\/news\/wp-json\/wp\/v2\/posts\/432","targetHints":{"allow":["GET"]}}],"collection":[{"href":"https:\/\/www.culturalusa.com\/news\/wp-json\/wp\/v2\/posts"}],"about":[{"href":"https:\/\/www.culturalusa.com\/news\/wp-json\/wp\/v2\/types\/post"}],"author":[{"embeddable":true,"href":"https:\/\/www.culturalusa.com\/news\/wp-json\/wp\/v2\/users\/1"}],"replies":[{"embeddable":true,"href":"https:\/\/www.culturalusa.com\/news\/wp-json\/wp\/v2\/comments?post=432"}],"version-history":[{"count":0,"href":"https:\/\/www.culturalusa.com\/news\/wp-json\/wp\/v2\/posts\/432\/revisions"}],"wp:attachment":[{"href":"https:\/\/www.culturalusa.com\/news\/wp-json\/wp\/v2\/media?parent=432"}],"wp:term":[{"taxonomy":"category","embeddable":true,"href":"https:\/\/www.culturalusa.com\/news\/wp-json\/wp\/v2\/categories?post=432"},{"taxonomy":"post_tag","embeddable":true,"href":"https:\/\/www.culturalusa.com\/news\/wp-json\/wp\/v2\/tags?post=432"}],"curies":[{"name":"wp","href":"https:\/\/api.w.org\/{rel}","templated":true}]}}