{"id":441,"date":"2012-04-22T00:35:33","date_gmt":"2012-04-22T00:35:33","guid":{"rendered":"http:\/\/www.culturalusa.com\/news\/?p=441"},"modified":"2012-04-22T00:35:33","modified_gmt":"2012-04-22T00:35:33","slug":"les-europeens-discutent-sur-le-fmi-a-washington","status":"publish","type":"post","link":"https:\/\/www.culturalusa.com\/news\/economie\/les-europeens-discutent-sur-le-fmi-a-washington\/","title":{"rendered":"Les Europ\u00e9ens discutent sur le FMI \u00e0 Washington"},"content":{"rendered":"<p><img loading=\"lazy\" decoding=\"async\" src=\"http:\/\/www.culturalusa.com\/news\/wp-content\/uploads\/2012\/04\/fmi-04-2012.jpg\" alt=\"\" title=\"FMI\" width=\"160\" height=\"120\" class=\"alignleft size-full wp-image-442\" \/><strong>Les Etats membres du Fonds mon\u00e9taire international discutaient samedi \u00e0 Washington des orientations d&rsquo;une institution maintenant richement dot\u00e9e, o\u00f9 l&#8217;emprise des Europ\u00e9ens est controvers\u00e9e.<\/strong><\/p>\n<p>Le FMI a re\u00e7u l&rsquo;engagement de la zone euro et d&rsquo;une vingtaine de pays d&rsquo;augmenter ses ressources de \u00ab\u00a0plus de 430 milliards de dollars\u00a0\u00bb. Plus de la moiti\u00e9 de ce total est venu d&rsquo;Europe.<\/p>\n<p>\u00ab\u00a0Cela double presque la capacit\u00e9 de pr\u00eat du Fonds. Cela montre v\u00e9ritablement la d\u00e9termination de la communaut\u00e9 internationale d&rsquo;avoir les outils pour r\u00e9sister et se d\u00e9fendre face aux crises\u00a0\u00bb, s&rsquo;est f\u00e9licit\u00e9e la directrice g\u00e9n\u00e9rale, la Fran\u00e7aise Christine Lagarde.<\/p>\n<p>Pour autant, tout l&rsquo;argent entass\u00e9 dans les coffres du FMI ne peut mettre un terme au d\u00e9bat sur la r\u00e9forme de la repr\u00e9sentation des Etats membres. La question des ressources \u00e9tant r\u00e9gl\u00e9e, ces querelles byzantines qui agitent l&rsquo;organisation depuis de longues ann\u00e9es ressurgissent.<\/p>\n<p>Grand animateur de ce d\u00e9bat, le Br\u00e9sil s&rsquo;est lanc\u00e9 dans une charge contre les Europ\u00e9ens, dont les quotes-parts (la contribution permanente au capital du FMI, qui d\u00e9termine les droits de vote) rec\u00e8lent pour lui des \u00ab\u00a0anomalies\u00a0\u00bb.<\/p>\n<p>Celle du Br\u00e9sil, a constat\u00e9 le ministre des Finances Guido Mantega dans sa d\u00e9claration \u00e9crite devant l&rsquo;instance politique du FMI, \u00ab\u00a0\u00e9quivaut \u00e0 celle des Pays-Bas\u00a0\u00bb, et celle de l&rsquo;Espagne, \u00ab\u00a0aussi \u00e9tonnant que \u00e7a puisse para\u00eetre, est plus grande que le total de l&rsquo;ensemble des 44 pays d&rsquo;Afrique subsaharienne\u00a0\u00bb.<\/p>\n<p>\u00ab\u00a0Il ne faut pas essayer de r\u00e9inventer la roue\u00a0\u00bb, a-t-il plaid\u00e9: son pays veut baser les quotes-parts sur le produit int\u00e9rieur brut, qui n&rsquo;est qu&rsquo;une variable parmi d&rsquo;autres aujourd&rsquo;hui.<\/p>\n<p>M\u00eame cette id\u00e9e ne fait pas l&rsquo;unanimit\u00e9. \u00ab\u00a0Il y a plus d&rsquo;enjeux pour une petite \u00e9conomie ouverte dans le syst\u00e8me financier international qu&rsquo;une grande \u00e9conomie avec peu de liens ext\u00e9rieurs\u00a0\u00bb, a consid\u00e9r\u00e9 le ministre \u00e9mirati, Obaid Humaid Al-Tayer, au nom d&rsquo;une douzaine de pays arabes qui souhaitent conserver le crit\u00e8re de l&rsquo;ouverture aux \u00e9changes commerciaux.<\/p>\n<p>Le ministre sud-africain Pravin Gordhan, qui s&rsquo;exprime au nom de 21 pays de son continent, a signal\u00e9 que depuis une trentaine d&rsquo;ann\u00e9es, chaque r\u00e9forme des droits de vote du Fonds avait diminu\u00e9 les droits de vote de l&rsquo;Afrique.<\/p>\n<p>\u00ab\u00a0On ne peut compter sur l&rsquo;Afrique subsaharienne pour continuer \u00e0 soutenir des r\u00e9formes qui cherchent \u00e0 l\u00e9gitimer le FMI, tout en sapant dans le m\u00eame temps la repr\u00e9sentation d&rsquo;un grand nombre de pays\u00a0\u00bb, a-t-il pr\u00e9venu.<\/p>\n<p>Pour la ministre danoise Margrethe Vestager, dont le pays exerce actuellement la pr\u00e9sidence tournante de l&rsquo;Union europ\u00e9enne, l&rsquo;Europe \u00ab\u00a0travaille\u00a0\u00bb pour tenir \u00ab\u00a0son engagement de r\u00e9duire la repr\u00e9sentation au conseil d&rsquo;administration de deux si\u00e8ges pour les pays europ\u00e9ens avanc\u00e9s\u00a0\u00bb.<\/p>\n<p>\u00ab\u00a0J&rsquo;exhorte mes coll\u00e8gues europ\u00e9ens \u00e0 avancer sur leurs engagements dans la r\u00e9forme du conseil d&rsquo;administration\u00a0\u00bb, a affirm\u00e9 le secr\u00e9taire au Tr\u00e9sor des Etats-Unis Timothy Geithner.<\/p>\n<p>Par ailleurs, elle a rappel\u00e9 que les progr\u00e8s dans le r\u00e9\u00e9quilibrage des droits de vote d\u00e9pendaient de la ratification par les parlements nationaux d&rsquo;une r\u00e9forme adopt\u00e9e fin 2010. \u00ab\u00a0Les Etats membres de l&rsquo;UE ont conscience de leur responsabilit\u00e9 dans la r\u00e9ussite de la mise en oeuvre\u00a0\u00bb de cette r\u00e9forme, selon elle.<\/p>\n<p>Sur cette question, les regards sont tourn\u00e9s vers le premier actionnaire, les Etats-Unis. Le FMI a imp\u00e9rativement besoin de leur ratification pour faire entrer en vigueur la r\u00e9forme de 2010, qui consacrait la mont\u00e9e en puissance des \u00e9mergents, au d\u00e9triment surtout de l&rsquo;Europe.<\/p>\n<p>Un responsable am\u00e9ricain a indiqu\u00e9 vendredi \u00e0 la presse que le gouvernement n&rsquo;avait pas encore d\u00e9cid\u00e9 quand il proposerait au Congr\u00e8s de voter sur cette question. M. Geithner n&rsquo;en a pas touch\u00e9 un mot. AFP<\/p>\n","protected":false},"excerpt":{"rendered":"<p>Les Etats membres du Fonds mon\u00e9taire international discutaient samedi \u00e0 Washington des orientations d&rsquo;une institution maintenant richement dot\u00e9e, o\u00f9 l&#8217;emprise des Europ\u00e9ens est controvers\u00e9e. Le FMI a re\u00e7u l&rsquo;engagement de la zone euro et d&rsquo;une vingtaine de pays d&rsquo;augmenter ses ressources de \u00ab\u00a0plus de 430 milliards de dollars\u00a0\u00bb. Plus de la moiti\u00e9 de ce total [&hellip;]<\/p>\n","protected":false},"author":1,"featured_media":0,"comment_status":"open","ping_status":"closed","sticky":false,"template":"","format":"standard","meta":{"footnotes":""},"categories":[1],"tags":[],"class_list":["post-441","post","type-post","status-publish","format-standard","hentry","category-economie"],"aioseo_notices":[],"_links":{"self":[{"href":"https:\/\/www.culturalusa.com\/news\/wp-json\/wp\/v2\/posts\/441","targetHints":{"allow":["GET"]}}],"collection":[{"href":"https:\/\/www.culturalusa.com\/news\/wp-json\/wp\/v2\/posts"}],"about":[{"href":"https:\/\/www.culturalusa.com\/news\/wp-json\/wp\/v2\/types\/post"}],"author":[{"embeddable":true,"href":"https:\/\/www.culturalusa.com\/news\/wp-json\/wp\/v2\/users\/1"}],"replies":[{"embeddable":true,"href":"https:\/\/www.culturalusa.com\/news\/wp-json\/wp\/v2\/comments?post=441"}],"version-history":[{"count":0,"href":"https:\/\/www.culturalusa.com\/news\/wp-json\/wp\/v2\/posts\/441\/revisions"}],"wp:attachment":[{"href":"https:\/\/www.culturalusa.com\/news\/wp-json\/wp\/v2\/media?parent=441"}],"wp:term":[{"taxonomy":"category","embeddable":true,"href":"https:\/\/www.culturalusa.com\/news\/wp-json\/wp\/v2\/categories?post=441"},{"taxonomy":"post_tag","embeddable":true,"href":"https:\/\/www.culturalusa.com\/news\/wp-json\/wp\/v2\/tags?post=441"}],"curies":[{"name":"wp","href":"https:\/\/api.w.org\/{rel}","templated":true}]}}