{"id":443,"date":"2012-04-22T10:55:23","date_gmt":"2012-04-22T10:55:23","guid":{"rendered":"http:\/\/www.culturalusa.com\/news\/?p=443"},"modified":"2012-04-22T13:26:54","modified_gmt":"2012-04-22T13:26:54","slug":"le-ps-prevoit-ce-gouvernement-comme-temporaire","status":"publish","type":"post","link":"https:\/\/www.culturalusa.com\/news\/portugal\/le-ps-prevoit-ce-gouvernement-comme-temporaire\/","title":{"rendered":"Le PS pr\u00e9voit ce gouvernement comme temporaire"},"content":{"rendered":"<figure id=\"attachment_444\" aria-describedby=\"caption-attachment-444\" style=\"width: 275px\" class=\"wp-caption alignleft\"><img loading=\"lazy\" decoding=\"async\" class=\"size-medium wp-image-444\" title=\"Jos\u00e9 Junqueiro\" src=\"http:\/\/www.culturalusa.com\/news\/wp-content\/uploads\/2012\/04\/Jose-Junqueiro-275x157.jpg\" alt=\"\" width=\"275\" height=\"157\" srcset=\"https:\/\/www.culturalusa.com\/news\/wp-content\/uploads\/2012\/04\/Jose-Junqueiro-275x157.jpg 275w, https:\/\/www.culturalusa.com\/news\/wp-content\/uploads\/2012\/04\/Jose-Junqueiro.jpg 420w\" sizes=\"auto, (max-width: 275px) 100vw, 275px\" \/><figcaption id=\"caption-attachment-444\" class=\"wp-caption-text\">Jos\u00e9 Junqueiro (PS)<\/figcaption><\/figure>\n<p>\u00ab\u00a0Le gouvernement actuel est capable d&rsquo;\u00eatre temporaire s&rsquo;il continue de cette mani\u00e8re\u00a0\u00bb. La phrase est du socialiste Jos\u00e9 Junqueiro, qui, a pris l&rsquo;analyse de l&rsquo;ex\u00e9cution du budget du premier trimestre de 2012, pour faire valoir que l&rsquo;ex\u00e9cutif est en train de \u00ab\u00a0tuer l&rsquo;\u00e9conomie\u00a0\u00bb. Le CDS, partenaire de la coalition, a averti \u00e0 son tour que le pays s&rsquo;\u00e9loigne et lutte contre les conditions de pr\u00e9-faillite, r\u00e9ctifiant ainsi, une phrase de la ministre de la Justice Paula Teixeira da Cruz.<\/p>\n<p>En effet, la ministre avait d\u00e9clar\u00e9 que le pays \u00ab\u00a0est en faillite\u00a0\u00bb, \u00e0 deux fois, le vendredi dernier, afin de justifier la r\u00e9duction des cong\u00e9s pay\u00e9s et la prime de No\u00ebl.<\/p>\n<p>Le ministre des Affaires \u00e9trang\u00e8res (Paulo Portas), pr\u00e9sident du CDS, a rappel\u00e9 qu&rsquo;il fait le n\u00e9cessaire, depuis Juillet 2011, afin d&rsquo;\u00e9viter la faillite. Et le porte-parole centriste, Jo\u00e3o Almeida, a d\u00e9clar\u00e9 qu&rsquo;\u00e0 l&rsquo;avenir, il faudra une taxe fiscale \u00ab\u00a0compl\u00e8tement diff\u00e9rente\u00a0\u00bb, soulignant \u00e0 sa r\u00e9duction. L&rsquo;enjeu n&rsquo;est pas seulement une augmentation de 3,5% dans les d\u00e9penses effectives de l&rsquo;\u00c9tat, mais plut\u00f4t une diminution de 4,4% des recettes.<\/p>\n<p>Le Gouvernement veille \u00e0 ce que la perte de recettes ne remettent pas en cause les objectifs budg\u00e9taires, mais les caisses de s\u00e9curit\u00e9 sociale perdent autour de trois millions d&rsquo;euros par jour. Miguel Frasquilho du PSD, a rappel\u00e9 la baisse des d\u00e9penses.<\/p>\n<p><img loading=\"lazy\" decoding=\"async\" class=\"alignleft size-full wp-image-180\" style=\"border: 0pt none;\" title=\"icon-pt\" src=\"http:\/\/www.culturalusa.com\/news\/wp-content\/uploads\/2012\/04\/icon-pt.gif\" alt=\"\" width=\"14\" height=\"14\" \/> <span style=\"color: #800000;\">PS: Este Governo \u00e9 capaz de ser tempor\u00e1rio.<\/span><\/p>\n<p>O Governo \u00e9 capaz de ser tempor\u00e1rio se continuar assim\u00a0\u00bb. A frase \u00e9 do socialista Jos\u00e9 Junqueiro, que aproveitou a an\u00e1lise da execu\u00e7\u00e3o or\u00e7amental do primeiro trimestre de 2012, para defender que o Executivo est\u00e1 a \u00ab\u00a0matar a Economia\u00a0\u00bb. O CDS, parceiro de coliga\u00e7\u00e3o, avisou, por seu turno, que o Pa\u00eds se est\u00e1 a afastar das condi\u00e7\u00f5es de pr\u00e9-bancarrota, contrariando, de forma indirecta, uma frase da ministra da Justi\u00e7a, Paula Teixeira da Cruz.<\/p>\n<p>A governante afirmou que o Pa\u00eds \u00ab\u00a0est\u00e1 na bancarrota\u00a0\u00bb, por duas vezes, na sexta-feira, justificando , assim, o corte nos subs\u00eddios de f\u00e9rias e Natal.<\/p>\n<p>O ministro dos Neg\u00f3cios Estrangeiros \u2013 na qualidade de presidente do CDS \u2013, Paulo Portas, disse que se est\u00e1 a fazer tudo, desde Julho de 2011, para evitar a bancarrota. E, o porta-voz centrista, Jo\u00e3o Almeida, afirmou ainda que, de futuro, ser\u00e1 necess\u00e1ria uma carga fiscal \u00ab\u00a0completamente diferente\u00a0\u00bb, apontando para a sua redu\u00e7\u00e3o, sem apontar calend\u00e1rios. Em causa est\u00e1 n\u00e3o s\u00f3 o aumento de 3,5% na despesa efectiva do Estado, mas sobretudo a diminui\u00e7\u00e3o de 4,4% na receita.<\/p>\n<p>O Governo assegura que a quebra de receita n\u00e3o coloca em causa as metas or\u00e7amentais, mas os cofres da Seguran\u00e7a Social perdem cerca de tr\u00eas milh\u00f5es de euros por dia. Miguel Frasquilho, do PSD, destacou a queda na despesa.<\/p>\n<p><script type=\"text\/javascript\"><!--\ngoogle_ad_client = \"ca-pub-2727717456356200\";\n\/* CulturaLusa 468x60 *\/\ngoogle_ad_slot = \"2785499263\";\ngoogle_ad_width = 468;\ngoogle_ad_height = 60;\n\/\/-->\n<\/script><br \/>\n<script type=\"text\/javascript\"\nsrc=\"http:\/\/pagead2.googlesyndication.com\/pagead\/show_ads.js\">\n<\/script><\/p>\n","protected":false},"excerpt":{"rendered":"<p>\u00ab\u00a0Le gouvernement actuel est capable d&rsquo;\u00eatre temporaire s&rsquo;il continue de cette mani\u00e8re\u00a0\u00bb. La phrase est du socialiste Jos\u00e9 Junqueiro, qui, a pris l&rsquo;analyse de l&rsquo;ex\u00e9cution du budget du premier trimestre de 2012, pour faire valoir que l&rsquo;ex\u00e9cutif est en train de \u00ab\u00a0tuer l&rsquo;\u00e9conomie\u00a0\u00bb. Le CDS, partenaire de la coalition, a averti \u00e0 son tour que [&hellip;]<\/p>\n","protected":false},"author":1,"featured_media":0,"comment_status":"open","ping_status":"closed","sticky":false,"template":"","format":"standard","meta":{"footnotes":""},"categories":[3],"tags":[],"class_list":["post-443","post","type-post","status-publish","format-standard","hentry","category-portugal"],"aioseo_notices":[],"_links":{"self":[{"href":"https:\/\/www.culturalusa.com\/news\/wp-json\/wp\/v2\/posts\/443","targetHints":{"allow":["GET"]}}],"collection":[{"href":"https:\/\/www.culturalusa.com\/news\/wp-json\/wp\/v2\/posts"}],"about":[{"href":"https:\/\/www.culturalusa.com\/news\/wp-json\/wp\/v2\/types\/post"}],"author":[{"embeddable":true,"href":"https:\/\/www.culturalusa.com\/news\/wp-json\/wp\/v2\/users\/1"}],"replies":[{"embeddable":true,"href":"https:\/\/www.culturalusa.com\/news\/wp-json\/wp\/v2\/comments?post=443"}],"version-history":[{"count":0,"href":"https:\/\/www.culturalusa.com\/news\/wp-json\/wp\/v2\/posts\/443\/revisions"}],"wp:attachment":[{"href":"https:\/\/www.culturalusa.com\/news\/wp-json\/wp\/v2\/media?parent=443"}],"wp:term":[{"taxonomy":"category","embeddable":true,"href":"https:\/\/www.culturalusa.com\/news\/wp-json\/wp\/v2\/categories?post=443"},{"taxonomy":"post_tag","embeddable":true,"href":"https:\/\/www.culturalusa.com\/news\/wp-json\/wp\/v2\/tags?post=443"}],"curies":[{"name":"wp","href":"https:\/\/api.w.org\/{rel}","templated":true}]}}