{"id":4474,"date":"2019-02-12T18:40:18","date_gmt":"2019-02-12T17:40:18","guid":{"rendered":"https:\/\/www.culturalusa.com\/news\/?p=4474"},"modified":"2020-10-20T17:19:46","modified_gmt":"2020-10-20T15:19:46","slug":"condamnations-unanimes-apres-la-forte-poussee-des-actes-antisemites","status":"publish","type":"post","link":"https:\/\/www.culturalusa.com\/news\/actualite\/condamnations-unanimes-apres-la-forte-poussee-des-actes-antisemites\/","title":{"rendered":"Condamnations unanimes apr\u00e8s la forte pouss\u00e9e des actes antis\u00e9mites"},"content":{"rendered":"<p>La forte pouss\u00e9e des actes antis\u00e9mites en 2018 a suscit\u00e9 une condamnation unanime de la part du gouvernement, des oppositions et des organisations juives, certains s&rsquo;inqui\u00e9tant d&rsquo;une \u00ab\u00a0lib\u00e9ration de la parole\u00a0\u00bb.<\/p>\n<p>Image de Simone Veil barr\u00e9e d&rsquo;une croix gamm\u00e9e, tag \u00ab\u00a0Juden\u00a0\u00bb sur la vitrine d&rsquo;un restaurant parisien, arbre en m\u00e9moire d&rsquo;Ilan Halimi sci\u00e9: apr\u00e8s un week-end marqu\u00e9 par plusieurs d\u00e9gradations, le ministre de l&rsquo;Int\u00e9rieur Christophe Castaner a d\u00e9nonc\u00e9 lundi soir le \u00ab\u00a0poison\u00a0\u00bb de l&rsquo;antis\u00e9mitisme en annon\u00e7ant une hausse de 74% des actes antijuifs en 2018 apr\u00e8s deux ann\u00e9es de baisse.<\/p>\n<p>\u00ab\u00a0Ces actes sont r\u00e9pugnants\u00a0\u00bb, a r\u00e9agi le Premier ministre Edouard Philippe, qui doit d\u00e9cerner dans la soir\u00e9e le prix Ilan Halimi en m\u00e9moire du jeune homme juif tu\u00e9 en 2006 apr\u00e8s avoir \u00e9t\u00e9 s\u00e9questr\u00e9 par le gang des barbares.<\/p>\n<p>\u00ab\u00a0Je partage cette col\u00e8re qui, je crois, est tr\u00e8s largement partag\u00e9e au sein du peuple fran\u00e7ais\u00a0\u00bb, a-t-il ajout\u00e9.<\/p>\n<p>Francis Kalifat, le pr\u00e9sident du Conseil repr\u00e9sentatif des institutions juives de France (Crif), a, lui, appel\u00e9 \u00e0 \u00ab\u00a0un sursaut national\u00a0\u00bb, d\u00e9plorant aupr\u00e8s de l&rsquo;AFP la \u00ab\u00a0lib\u00e9ration et la banalisation de la haine antijuive\u00a0\u00bb, tandis que Jo\u00ebl Mergui, pr\u00e9sident du Consistoire isra\u00e9lite de France, \u00e9voquait sur BFMTV \u00ab\u00a0un climat o\u00f9 la d\u00e9sinhibition des haines est de plus en plus patente\u00a0\u00bb.<\/p>\n<p>\u00ab\u00a0La situation est ancienne\u00a0\u00bb, a not\u00e9 Jean Veil, avocat et fils de Simone Veil. \u00ab\u00a0Personne n&rsquo;osait manifester son antis\u00e9mitisme apr\u00e8s la Guerre. Mais au fond, on sentait que la l\u00e8pre \u00e9tait toujours l\u00e0\u00a0\u00bb, a-t-il comment\u00e9 sur RTL.<\/p>\n<p>L&rsquo;an pass\u00e9, 541 faits antis\u00e9mites ont \u00e9t\u00e9 enregistr\u00e9s dont 81 actions violentes, selon un bilan du minist\u00e8re de l&rsquo;Int\u00e9rieur publi\u00e9 mardi qui fait par ailleurs appara\u00eetre que les faits antimusulmans ont atteint leur plus faible niveau depuis 2010.<\/p>\n<p>\u00ab\u00a0Antis\u00e9mite, islamophobe, antichr\u00e9tien, raciste, x\u00e9nophobe : il n&rsquo;y a pas de petite atteinte, pas de petite insulte. Rien ne sera tol\u00e9r\u00e9\u00a0\u00bb, a comment\u00e9 M. Castaner.<\/p>\n<p>Dans la classe politique, la condamnation a \u00e9t\u00e9 large, du PCF \u00e0 Debout la France en passant par le MoDem et les \u00e9cologistes. Jean-Luc M\u00e9lenchon, chef de file de La France insoumise, a d\u00e9nonc\u00e9 dans un tweet ces \u00ab\u00a0tags antis\u00e9mites (qui) expriment la stupidit\u00e9 meurtri\u00e8re sans fin des pr\u00e9jug\u00e9s racistes\u00a0\u00bb.<\/p>\n<p>Avec \u00ab\u00a0une pens\u00e9e pour la courageuse m\u00e8re de Ilan Halimi, que des salopards refusent de laisser en paix\u00a0\u00bb, la pr\u00e9sidente du Rassemblement national Marine Le Pen a d\u00e9nonc\u00e9 la \u00ab\u00a0flamb\u00e9e des actes antis\u00e9mites\u00a0\u00bb mais aussi \u00ab\u00a0des d\u00e9gradations de lieux de cultes chr\u00e9tiens\u00a0\u00bb.<\/p>\n<p>Chez Les R\u00e9publicains, le premier vice-pr\u00e9sident du parti Guillaume Peltier a fustig\u00e9 \u00ab\u00a0des extr\u00e9mistes de gauche et de droite qui se croient tout permis\u00a0\u00bb.<\/p>\n<p><strong>Travail d&rsquo;\u00e9ducation<\/strong><\/p>\n<p>Le gouvernement par la voix de son porte-parole Benjamin Griveaux a promis une r\u00e9ponse \u00ab\u00a0p\u00e9nale, judiciaire\u00a0\u00bb forte, avec des poursuites \u00ab\u00a0y compris sur les r\u00e9seaux sociaux\u00a0\u00bb, et un travail d'\u00a0\u00bb\u00e9ducation\u00a0\u00bb d\u00e8s le plus jeune \u00e2ge.<\/p>\n<p>Il a lanc\u00e9 en mars 2018 un plan triennal de lutte contre l&rsquo;antis\u00e9mitisme et le racisme, qui pr\u00e9voit notamment l&rsquo;exp\u00e9rimentation d'\u00a0\u00bbun r\u00e9seau d&rsquo;enqu\u00eateurs et de magistrats sp\u00e9cifiquement form\u00e9s \u00e0 la lutte contre les actes haineux\u00a0\u00bb. Il pr\u00e9pare aussi une modification de la loi pour renforcer la lutte contre la cyberhaine.<\/p>\n<p>Samedi, M. Griveaux avait aussi plac\u00e9 une partie de la r\u00e9ponse sur le terrain politique en reliant entre eux les \u00ab\u00a0actes antis\u00e9mites\u00a0\u00bb et des incidents &#8212; l&rsquo;incendie contre le domicile de Richard Ferrand et \u00ab\u00a0l&rsquo;attaque\u00a0\u00bb contre l&rsquo;Assembl\u00e9e nationale&#8211; survenus en marge du mouvement des \u00ab\u00a0gilets jaunes\u00a0\u00bb.<\/p>\n<p>Niant mardi tout \u00ab\u00a0amalgame\u00a0\u00bb entre antis\u00e9mitisme et \u00ab\u00a0gilets jaunes\u00a0\u00bb, il a n\u00e9anmoins affirm\u00e9 que ces actes interviennent \u00ab\u00a0souvent en marge de ces cort\u00e8ges\u00a0\u00bb o\u00f9 extr\u00eame gauche et extr\u00eame droite \u00ab\u00a0se m\u00ealent\u00a0\u00bb.<\/p>\n<p>\u00ab\u00a0Le complotisme est tr\u00e8s pr\u00e9sent dans (les) rangs\u00a0\u00bb des \u00ab\u00a0gilets jaunes\u00a0\u00bb, dit le secr\u00e9taire d&rsquo;Etat Jean-Baptiste Lemoyne.<\/p>\n<p>D\u00e9non\u00e7ant une \u00ab\u00a0instrumentalisation\u00a0\u00bb, le d\u00e9put\u00e9 LFI Alexis Corbi\u00e8re a appel\u00e9 M. Griveaux \u00e0 ne pas \u00ab\u00a0raconter n&rsquo;importe quoi: le mouvement des gilets jaunes n&rsquo;est pas un mouvement antis\u00e9mite\u00a0\u00bb. Dire le contraire \u00ab\u00a0disqualifie la lutte contre l&rsquo;antis\u00e9mitisme\u00a0\u00bb. (AFP)<\/p>\n","protected":false},"excerpt":{"rendered":"<p>La forte pouss\u00e9e des actes antis\u00e9mites en 2018 a suscit\u00e9 une condamnation unanime de la part du gouvernement, des oppositions et des organisations juives, certains s&rsquo;inqui\u00e9tant d&rsquo;une \u00ab\u00a0lib\u00e9ration de la parole\u00a0\u00bb. Image de Simone Veil barr\u00e9e d&rsquo;une croix gamm\u00e9e, tag \u00ab\u00a0Juden\u00a0\u00bb sur la vitrine d&rsquo;un restaurant parisien, arbre en m\u00e9moire d&rsquo;Ilan Halimi sci\u00e9: apr\u00e8s un [&hellip;]<\/p>\n","protected":false},"author":1,"featured_media":4475,"comment_status":"open","ping_status":"closed","sticky":false,"template":"","format":"standard","meta":{"footnotes":""},"categories":[30],"tags":[959],"class_list":["post-4474","post","type-post","status-publish","format-standard","has-post-thumbnail","hentry","category-actualite","tag-actes-antisemites"],"aioseo_notices":[],"_links":{"self":[{"href":"https:\/\/www.culturalusa.com\/news\/wp-json\/wp\/v2\/posts\/4474","targetHints":{"allow":["GET"]}}],"collection":[{"href":"https:\/\/www.culturalusa.com\/news\/wp-json\/wp\/v2\/posts"}],"about":[{"href":"https:\/\/www.culturalusa.com\/news\/wp-json\/wp\/v2\/types\/post"}],"author":[{"embeddable":true,"href":"https:\/\/www.culturalusa.com\/news\/wp-json\/wp\/v2\/users\/1"}],"replies":[{"embeddable":true,"href":"https:\/\/www.culturalusa.com\/news\/wp-json\/wp\/v2\/comments?post=4474"}],"version-history":[{"count":0,"href":"https:\/\/www.culturalusa.com\/news\/wp-json\/wp\/v2\/posts\/4474\/revisions"}],"wp:featuredmedia":[{"embeddable":true,"href":"https:\/\/www.culturalusa.com\/news\/wp-json\/wp\/v2\/media\/4475"}],"wp:attachment":[{"href":"https:\/\/www.culturalusa.com\/news\/wp-json\/wp\/v2\/media?parent=4474"}],"wp:term":[{"taxonomy":"category","embeddable":true,"href":"https:\/\/www.culturalusa.com\/news\/wp-json\/wp\/v2\/categories?post=4474"},{"taxonomy":"post_tag","embeddable":true,"href":"https:\/\/www.culturalusa.com\/news\/wp-json\/wp\/v2\/tags?post=4474"}],"curies":[{"name":"wp","href":"https:\/\/api.w.org\/{rel}","templated":true}]}}