{"id":467,"date":"2012-04-28T00:46:59","date_gmt":"2012-04-28T00:46:59","guid":{"rendered":"http:\/\/www.culturalusa.com\/news\/?p=467"},"modified":"2012-04-28T09:00:04","modified_gmt":"2012-04-28T09:00:04","slug":"lausterite-est-necessaire-mais-pas-cette-maniere","status":"publish","type":"post","link":"https:\/\/www.culturalusa.com\/news\/portugal\/lausterite-est-necessaire-mais-pas-cette-maniere\/","title":{"rendered":"L&rsquo;Aust\u00e9rit\u00e9 est n\u00e9cessaire mais pas de cette mani\u00e8re"},"content":{"rendered":"<figure id=\"attachment_468\" aria-describedby=\"caption-attachment-468\" style=\"width: 275px\" class=\"wp-caption alignleft\"><img loading=\"lazy\" decoding=\"async\" class=\"size-medium wp-image-468\" title=\"Seguro no parlamento\" src=\"http:\/\/www.culturalusa.com\/news\/wp-content\/uploads\/2012\/04\/Seguro-parlamento-275x158.jpg\" alt=\"Seguro no parlamento\" width=\"275\" height=\"158\" \/><figcaption id=\"caption-attachment-468\" class=\"wp-caption-text\">Ant\u00f3nio Jos\u00e9 Seguro<\/figcaption><\/figure>\n<p><strong>L&rsquo;Aust\u00e9rit\u00e9 est n\u00e9cessaire, mais pas avec cette dose et ce rythme<\/strong>.<\/p>\n<p>Le Secr\u00e9taire g\u00e9n\u00e9ral du PS, Ant\u00f3nio Jos\u00e9 Seguro, a d\u00e9clar\u00e9, \u00e0 Cabeceiras de Basto, que l&rsquo;aust\u00e9rit\u00e9 \u00ab\u00a0est n\u00e9cessaire\u00a0\u00bb, mais \u00ab\u00a0pas dans la dose et rythme\u00a0\u00bb qui est appliqu\u00e9e par le gouvernement, en notant que \u00ab\u00a0assez d&rsquo;exp\u00e9rimentalisme.\u00a0\u00bb<\/p>\n<p>Ant\u00f3nio Jos\u00e9 Seguro, qui s&rsquo;adressait \u00e0 un colloque concernant la sortie du livre \u00ab\u00a0Palma In\u00e1cio e o Golpe dos Generais\u00a0\u00bb de Luis Vaz, avec une pr\u00e9face de Mario Soares, qui a assist\u00e9 \u00e0 la c\u00e9r\u00e9monie, a d\u00e9clar\u00e9 \u00ab\u00a0qu&rsquo;aujourd&rsquo;hui les id\u00e9aux qui ont conduit le 25 Avril au Portugal \u00ab\u00a0se sont affaiblis.\u00a0\u00bb<\/p>\n<p>Le leader socialiste a fait valoir que \u00ab\u00a0l&rsquo;aust\u00e9rit\u00e9 est n\u00e9cessaire, mais pas avec cette dose et le rythme qui est appliqu\u00e9e\u00a0\u00bb, expliquant que \u00ab\u00a0cette mani\u00e8re favorise la hausse du ch\u00f4mage.\u00a0\u00bb<\/p>\n<p>Seguro a fait valoir que \u00ab\u00a0si l&rsquo;aust\u00e9rit\u00e9 n&rsquo;est pas combin\u00e9e avec une strat\u00e9gie de croissance \u00e9conomique\u00a0\u00bb, il y aura \u00ab\u00a0plus de probl\u00e8mes\u00a0\u00bb.<\/p>\n<p>Ant\u00f3nio Jos\u00e9 Seguro a encore ajout\u00e9 \u00ab\u00a0assez d&rsquo;exp\u00e9rimentalismes, assez de volontaires.\u00a0\u00bb<\/p>\n<p>\u00ab\u00a0Quand on rentre dans un gouvernement il faut d&rsquo;abord r\u00e9fl\u00e9chir avant d&rsquo;agir. Assez de promesses avant les \u00e9lections, ayant pour objectif de prendre le vote des Portugais, et ensuite de faire quelque chose de compl\u00e8tement diff\u00e9rent quand on arrive au gouvernement\u00a0\u00bb, at-il not\u00e9.<\/p>\n<p><img loading=\"lazy\" decoding=\"async\" class=\"alignleft size-full wp-image-180\" style=\"border: 0pt none;\" title=\"icon-pt\" src=\"http:\/\/www.culturalusa.com\/news\/wp-content\/uploads\/2012\/04\/icon-pt.gif\" alt=\"\" width=\"14\" height=\"14\" \/> <span style=\"color: #800000;\">Austeridade \u00ab\u00a0\u00e9 necess\u00e1ria\u00a0\u00bb, mas n\u00e3o nesta \u00ab\u00a0dose e ritmo\u00a0\u00bb<\/span>.<br \/>\nO secret\u00e1rio-geral do PS, Ant\u00f3nio Jos\u00e9 Seguro, afirmou, em Cabeceiras de Basto, que a austeridade \u00ab\u00a0\u00e9 necess\u00e1ria\u00a0\u00bb, mas \u00ab\u00a0n\u00e3o na dose e ritmo\u00a0\u00bb que est\u00e1 a ser aplicada, sublinhando que \u00ab\u00a0chega de experimentalismos\u00a0\u00bb.<\/p>\n<p>Ant\u00f3nio Jos\u00e9 Seguro, que discursava num col\u00f3quio a prop\u00f3sito do lan\u00e7amento do livro \u00ab\u00a0Palma In\u00e1cio e o Golpe dos Generais\u00a0\u00bb, de Lu\u00eds Vaz, com pref\u00e1cio de M\u00e1rio Soares, que esteve presente na cerim\u00f3nia, disse ainda que \u00ab\u00a0hoje os ideais\u00a0\u00bb que conduziram o 25 de abril em Portugal \u00ab\u00a0esmoreceram\u00a0\u00bb.<\/p>\n<p>O l\u00edder socialista defendeu que \u00ab\u00a0a austeridade \u00e9 necess\u00e1ria, mas n\u00e3o na dose e ritmo a que est\u00e1 a ser aplicada\u00a0\u00bb, explicando que \u00ab\u00a0assim est\u00e1 a aumentar o desemprego\u00a0\u00bb.<\/p>\n<p>Seguro argumentou que, \u00ab\u00a0se a austeridade n\u00e3o for combinada com uma estrat\u00e9gia de crescimento econ\u00f3mico\u00a0\u00bb, arranjar-se-\u00e1 \u00ab\u00a0mais problemas\u00a0\u00bb.<\/p>\n<p>Ant\u00f3nio Jos\u00e9 Seguro disse ainda, que \u00ab\u00a0chega de experimentalismos, chega de voluntarismos\u00a0\u00bb.<\/p>\n<p>\u00ab\u00a0Quando se vai para um Governo \u00e9 preciso pensar antes de agir. Chega de prometer uma coisa antes das elei\u00e7\u00f5es, para apanhar o voto dos portugueses, e fazer outra completamente diferente quando se chega ao Governo\u00a0\u00bb, apontou. (comenta o DN) <\/p>\n<p style=\"text-align:center;\"><script type=\"text\/javascript\"><!--\ngoogle_ad_client = \"ca-pub-2727717456356200\";\n\/* CulturaLusa 468x60 *\/\ngoogle_ad_slot = \"2785499263\";\ngoogle_ad_width = 468;\ngoogle_ad_height = 60;\n\/\/-->\n<\/script><br \/>\n<script type=\"text\/javascript\"\nsrc=\"http:\/\/pagead2.googlesyndication.com\/pagead\/show_ads.js\">\n<\/script><\/p>\n","protected":false},"excerpt":{"rendered":"<p>L&rsquo;Aust\u00e9rit\u00e9 est n\u00e9cessaire, mais pas avec cette dose et ce rythme. Le Secr\u00e9taire g\u00e9n\u00e9ral du PS, Ant\u00f3nio Jos\u00e9 Seguro, a d\u00e9clar\u00e9, \u00e0 Cabeceiras de Basto, que l&rsquo;aust\u00e9rit\u00e9 \u00ab\u00a0est n\u00e9cessaire\u00a0\u00bb, mais \u00ab\u00a0pas dans la dose et rythme\u00a0\u00bb qui est appliqu\u00e9e par le gouvernement, en notant que \u00ab\u00a0assez d&rsquo;exp\u00e9rimentalisme.\u00a0\u00bb Ant\u00f3nio Jos\u00e9 Seguro, qui s&rsquo;adressait \u00e0 un colloque [&hellip;]<\/p>\n","protected":false},"author":1,"featured_media":0,"comment_status":"open","ping_status":"closed","sticky":false,"template":"","format":"standard","meta":{"footnotes":""},"categories":[3],"tags":[],"class_list":["post-467","post","type-post","status-publish","format-standard","hentry","category-portugal"],"aioseo_notices":[],"_links":{"self":[{"href":"https:\/\/www.culturalusa.com\/news\/wp-json\/wp\/v2\/posts\/467","targetHints":{"allow":["GET"]}}],"collection":[{"href":"https:\/\/www.culturalusa.com\/news\/wp-json\/wp\/v2\/posts"}],"about":[{"href":"https:\/\/www.culturalusa.com\/news\/wp-json\/wp\/v2\/types\/post"}],"author":[{"embeddable":true,"href":"https:\/\/www.culturalusa.com\/news\/wp-json\/wp\/v2\/users\/1"}],"replies":[{"embeddable":true,"href":"https:\/\/www.culturalusa.com\/news\/wp-json\/wp\/v2\/comments?post=467"}],"version-history":[{"count":0,"href":"https:\/\/www.culturalusa.com\/news\/wp-json\/wp\/v2\/posts\/467\/revisions"}],"wp:attachment":[{"href":"https:\/\/www.culturalusa.com\/news\/wp-json\/wp\/v2\/media?parent=467"}],"wp:term":[{"taxonomy":"category","embeddable":true,"href":"https:\/\/www.culturalusa.com\/news\/wp-json\/wp\/v2\/categories?post=467"},{"taxonomy":"post_tag","embeddable":true,"href":"https:\/\/www.culturalusa.com\/news\/wp-json\/wp\/v2\/tags?post=467"}],"curies":[{"name":"wp","href":"https:\/\/api.w.org\/{rel}","templated":true}]}}