{"id":478,"date":"2012-04-29T17:06:03","date_gmt":"2012-04-29T17:06:03","guid":{"rendered":"http:\/\/www.culturalusa.com\/news\/?p=478"},"modified":"2025-01-21T14:33:48","modified_gmt":"2025-01-21T13:33:48","slug":"ao-norte-album-de-uhf","status":"publish","type":"post","link":"https:\/\/www.culturalusa.com\/news\/media-gallery\/musique-albums\/ao-norte-album-de-uhf\/","title":{"rendered":"Ao Norte nouvel album de UHF"},"content":{"rendered":"<h2>Ao Norte nouvel album de UHF<\/h2>\n<p>Ao Norte Unplugged (2CD) CD \u00c1lbum (sortie 30 avril 2012)<\/p>\n<p>Cet album live, le quatri\u00e8me dans la vie des <strong>UHF<\/strong>, est une c\u00e9l\u00e9bration au nord et \u00e0 tous fans anonymes qui rejoign\u00e8rent la grande famille que le temps et les chansons ont offert au groupe.<\/p>\n<p>Apr\u00e8s les concerts enregistr\u00e9s \u00e0 Almada, Lisbonne et Porto, les UHF c\u00e9l\u00e8brent les \u00e9motions et le choeur que les gens du Nord pr\u00eatent \u00e0 chaque concert du groupe, sachant que d&rsquo;autres viendraient de tous les coins du royaume.<\/p>\n<blockquote><p>\u00ab\u00a0<strong>Ao Norte<\/strong>\u00a0\u00bb est le meilleur des deux concerts et spectacles d&rsquo;une formation mature, capable de se r\u00e9inventer comme c&rsquo;est le cas dans les versions de \u201cCavalos de Corrida\u201d, le premier single qui a touch\u00e9 toutes les radios, \u201cMatas-me Com o Teu Olhar\u201d, \u201cQuando (dentro de ti)\u201d ou \u201cNa Tua Cama\u201d.<\/p><\/blockquote>\n<p>C&rsquo;est le meilleur des UHF dans le format unplugged &#8211; seulement une bande avec un patrimoine et comp\u00e9tence peut arriver \u00e0 ce niveau musical.<br \/>\n<img decoding=\"async\" style=\"margin-right: 5px; vertical-align: middle;\" src=\"https:\/\/www.culturalusa.com\/images\/icon-music-achat-32.png\" alt=\"achat musique\" \/>Vous pouvez acheter l&rsquo;album de du groupe : <a href=\"https:\/\/www.amazon.fr\/gp\/search?ie=UTF8&amp;keywords=UHF&amp;tag=musica7-21&amp;index=music&amp;linkCode=ur2&amp;camp=1642&amp;creative=6746\" target=\"_blank\" rel=\"noopener noreferrer\">UHF<\/a><br \/>\n<img loading=\"lazy\" decoding=\"async\" style=\"border: none !important; margin: 0px !important;\" src=\"https:\/\/www.assoc-amazon.fr\/e\/ir?t=musica7-21&amp;l=ur2&amp;o=8\" alt=\"\" width=\"1\" height=\"1\" border=\"0\" \/><\/p>\n<div><iframe loading=\"lazy\" src=\"https:\/\/www.youtube.com\/embed\/iE6k0CxE8mE?list=PL82A2EE7684676A74\" width=\"100%\" height=\"450\" frameborder=\"0\" allowfullscreen=\"allowfullscreen\"><span style=\"display: inline-block; width: 0px; overflow: hidden; line-height: 0;\" data-mce-type=\"bookmark\" class=\"mce_SELRES_start\">\ufeff<\/span><\/iframe><\/div>\n<p>UHF &#8211; Videos<br \/>\n<img loading=\"lazy\" decoding=\"async\" class=\"alignleft size-full wp-image-180\" style=\"border: 0pt none;\" title=\"icon-pt\" src=\"https:\/\/www.culturalusa.com\/news\/wp-content\/uploads\/2012\/04\/icon-pt.gif\" alt=\"\" width=\"14\" height=\"14\" \/> Este disco ao vivo, o quarto na vida dos UHF, \u00e9 uma celebra\u00e7\u00e3o ao norte e a todos os f\u00e3s an\u00f3nimos que entraram para a grande fam\u00edlia que o tempo e as can\u00e7\u00f5es ofereceram ao grupo.<\/p>\n<p>Depois de concertos gravados em Almada, Lisboa e Porto, os UHF celebram as emo\u00e7\u00f5es e o coro que as gentes do norte emprestam em cada concerto do grupo, sabendo que viriam outros de todos os cantos do reino.<\/p>\n<p>\u201cAo Norte\u201d \u00e9 o melhor desses dois concertos e revela uma forma\u00e7\u00e3o madura, capaz de se reinventar como acontece nas vers\u00f5es de \u201cCavalos de Corrida\u201d, o primeiro single a chegar \u00e0s r\u00e1dios, \u201cMatas-me Com o Teu Olhar\u201d, \u201cQuando (dentro de ti)\u201d ou \u201cNa Tua Cama\u201d.<\/p>\n<p>\u00c9 o melhor dos UHF no formato unplugged \u2013 s\u00f3 uma banda com patrim\u00f3nio e compet\u00eancia pode chegar a este patamar musical.<\/p>\n<p><audio controls=\"controls\"><source src=\"\/news\/audio\/UHF-Portugal-somos-nos.mp3\" type=\"audio\/mp3\" \/>Votre navigateur ne prend pas en charge l&rsquo;\u00e9l\u00e9ment <code>audio<\/code>.<\/audio><\/p>\n<p><img decoding=\"async\" style=\"margin-right: 5px; vertical-align: middle;\" src=\"https:\/\/www.culturalusa.com\/images\/icon-music-achat-32.png\" alt=\"achat musique\" \/>Acheter &#8211; Comprar : <a href=\"https:\/\/www.amazon.fr\/gp\/search?ie=UTF8&amp;keywords=UHF&amp;tag=musica7-21&amp;index=music&amp;linkCode=ur2&amp;camp=1642&amp;creative=6746\" target=\"_blank\" rel=\"noopener noreferrer\"><strong>Album UHF &#8211; Ao Norte<\/strong><\/a><\/p>\n<p style=\"text-align: center;\"><script type=\"text\/javascript\"><!-- google_ad_client = \"ca-pub-2727717456356200\"; \/* CulturaLusa 468x60 *\/ google_ad_slot = \"2785499263\"; google_ad_width = 468; google_ad_height = 60; \/\/-->\n<\/script><br \/>\n<script type=\"text\/javascript\" src=\"https:\/\/pagead2.googlesyndication.com\/pagead\/show_ads.js\">\n<\/script><\/p>\n","protected":false},"excerpt":{"rendered":"<p>Ao Norte nouvel album de UHF Ao Norte Unplugged (2CD) CD \u00c1lbum (sortie 30 avril 2012) Cet album live, le quatri\u00e8me dans la vie des UHF, est une c\u00e9l\u00e9bration au nord et \u00e0 tous fans anonymes qui rejoign\u00e8rent la grande famille que le temps et les chansons ont offert au groupe. Apr\u00e8s les concerts enregistr\u00e9s [&hellip;]<\/p>\n","protected":false},"author":1,"featured_media":13206,"comment_status":"open","ping_status":"closed","sticky":false,"template":"","format":"standard","meta":{"footnotes":""},"categories":[29],"tags":[1120,1119],"class_list":["post-478","post","type-post","status-publish","format-standard","has-post-thumbnail","hentry","category-musique-albums","tag-album-uhf","tag-uhf"],"aioseo_notices":[],"_links":{"self":[{"href":"https:\/\/www.culturalusa.com\/news\/wp-json\/wp\/v2\/posts\/478","targetHints":{"allow":["GET"]}}],"collection":[{"href":"https:\/\/www.culturalusa.com\/news\/wp-json\/wp\/v2\/posts"}],"about":[{"href":"https:\/\/www.culturalusa.com\/news\/wp-json\/wp\/v2\/types\/post"}],"author":[{"embeddable":true,"href":"https:\/\/www.culturalusa.com\/news\/wp-json\/wp\/v2\/users\/1"}],"replies":[{"embeddable":true,"href":"https:\/\/www.culturalusa.com\/news\/wp-json\/wp\/v2\/comments?post=478"}],"version-history":[{"count":2,"href":"https:\/\/www.culturalusa.com\/news\/wp-json\/wp\/v2\/posts\/478\/revisions"}],"predecessor-version":[{"id":13205,"href":"https:\/\/www.culturalusa.com\/news\/wp-json\/wp\/v2\/posts\/478\/revisions\/13205"}],"wp:featuredmedia":[{"embeddable":true,"href":"https:\/\/www.culturalusa.com\/news\/wp-json\/wp\/v2\/media\/13206"}],"wp:attachment":[{"href":"https:\/\/www.culturalusa.com\/news\/wp-json\/wp\/v2\/media?parent=478"}],"wp:term":[{"taxonomy":"category","embeddable":true,"href":"https:\/\/www.culturalusa.com\/news\/wp-json\/wp\/v2\/categories?post=478"},{"taxonomy":"post_tag","embeddable":true,"href":"https:\/\/www.culturalusa.com\/news\/wp-json\/wp\/v2\/tags?post=478"}],"curies":[{"name":"wp","href":"https:\/\/api.w.org\/{rel}","templated":true}]}}