{"id":4802,"date":"2019-02-25T22:40:19","date_gmt":"2019-02-25T21:40:19","guid":{"rendered":"https:\/\/www.culturalusa.com\/news\/?p=4802"},"modified":"2020-10-20T17:17:23","modified_gmt":"2020-10-20T15:17:23","slug":"brexit-lue-a-ouvert-la-porte-pour-un-delai-supplementaire","status":"publish","type":"post","link":"https:\/\/www.culturalusa.com\/news\/actualite\/brexit-lue-a-ouvert-la-porte-pour-un-delai-supplementaire\/","title":{"rendered":"Brexit: l&rsquo;UE a ouvert la porte pour un d\u00e9lai suppl\u00e9mentaire"},"content":{"rendered":"<p>L&rsquo;Union europ\u00e9enne a ouvert la porte \u00e0 un report de la date du Brexit, pr\u00e9vu le 29 mars, y voyant une solution \u00ab\u00a0rationnelle\u00a0\u00bb \u00e0 la crise politique au Royaume-Uni sur les modalit\u00e9s du divorce.<\/p>\n<p>Dans le m\u00eame temps, le Parti travailliste, principale formation d&rsquo;opposition britannique, a annonc\u00e9 qu&rsquo;il soutiendra un amendement r\u00e9clamant un second r\u00e9f\u00e9rendum, une position que son leader, Jeremy Corbyn, avait jusque-l\u00e0 pris soin d&rsquo;\u00e9viter.<\/p>\n<p>Le pr\u00e9sident du conseil europ\u00e9en Donald Tusk a pr\u00e9cis\u00e9 lundi qu&rsquo;il avait discut\u00e9 avec Theresa May du \u00ab\u00a0contexte juridique et proc\u00e9dural d&rsquo;une possible extension\u00a0\u00bb du d\u00e9lai, lors d&rsquo;une rencontre avec la Premi\u00e8re ministre britannique en marge du sommet UE-Ligue arabe \u00e0 Charm el-Cheikh (est de l&rsquo;Egypte).<\/p>\n<p>\u00ab\u00a0Je pense que, compte tenu de la situation dans laquelle nous nous trouvons, un d\u00e9lai suppl\u00e9mentaire serait une solution rationnelle\u00a0\u00bb, a-t-il dit lors d&rsquo;une conf\u00e9rence de presse \u00e0 l&rsquo;issue de deux jours de sommet.<\/p>\n<p>L&rsquo;UE et ses 27 autres membres ont jusqu&rsquo;\u00e0 pr\u00e9sent douch\u00e9 les efforts de Mme May visant \u00e0 ouvrir de nouveau les n\u00e9gociations sur le Brexit conclues en novembre dernier avec le gouvernement britannique.<\/p>\n<p>Dimanche, lors de la conf\u00e9rence de presse, M. Tusk a affirm\u00e9 avoir dit \u00e0 Mme May que \u00ab\u00a0quel que soit le sc\u00e9nario, les 27 montreront un maximum de compr\u00e9hension et de bonne volont\u00e9\u00a0\u00bb.<\/p>\n<p>Mais la Premi\u00e8re ministre britannique estime pouvoir \u00e9viter le sc\u00e9nario d&rsquo;un d\u00e9lai suppl\u00e9mentaire. \u00ab\u00a0J&rsquo;ai un vrai sentiment, sur la base des r\u00e9unions que j&rsquo;ai eues ici et des conversations que j&rsquo;ai eues ces derniers jours, que nous pouvons parvenir \u00e0 cet accord\u00a0\u00bb, a-t-elle d\u00e9clar\u00e9 \u00e0 la presse \u00e0 Charm el-Cheikh.<\/p>\n<p>Provoquant une lev\u00e9e de boucliers au Royaume-Uni, Mme May a diff\u00e9r\u00e9 dimanche \u00ab\u00a0d&rsquo;ici au 12 mars\u00a0\u00bb un vote des d\u00e9put\u00e9s britanniques sur l&rsquo;accord de Brexit. Elle affirme vouloir se donner plus de temps pour tenter de ren\u00e9gocier le texte avec Bruxelles avant la date butoir actuelle du 29 mars.<\/p>\n<p><strong>Accord b\u00e2cl\u00e9<\/strong><\/p>\n<p>Le Parti travailliste, principal parti d&rsquo;opposition, a r\u00e9pliqu\u00e9 en annon\u00e7ant qu&rsquo;il allait soutenir au Parlement un amendement favorable \u00e0 un second r\u00e9f\u00e9rendum pour \u00ab\u00a0\u00e9viter le Brexit destructeur\u00a0\u00bb des conservateurs, un soutien que son chef Jeremy Corbyn s&rsquo;\u00e9tait jusqu&rsquo;ici refus\u00e9 \u00e0 accorder.<\/p>\n<p>Un communiqu\u00e9 du Labour pr\u00e9cise que le parti va d&rsquo;abord d\u00e9poser un amendement r\u00e9clamant le maintien du pays dans une Union douani\u00e8re avec l&rsquo;UE apr\u00e8s le Brexit. Si cet amendement est rejet\u00e9, le Labour pr\u00e9voit, sans pr\u00e9ciser de date, d&rsquo;en d\u00e9poser un autre r\u00e9clamant un second r\u00e9f\u00e9rendum, apr\u00e8s celui de juin 2016 ayant d\u00e9cid\u00e9 le Brexit.<\/p>\n<p>\u00ab\u00a0La Premi\u00e8re ministre joue la montre, dangereusement, pour contraindre les d\u00e9put\u00e9s \u00e0 choisir entre son accord b\u00e2cl\u00e9 et un \u00ab\u00a0no deal\u00a0\u00bb d\u00e9sastreux\u00a0\u00bb, a tanc\u00e9 le leader travailliste, cit\u00e9 dans le communiqu\u00e9. \u00ab\u00a0Nous ne pouvons pas l&rsquo;accepter, et nous ne le ferons pas\u00a0\u00bb.<\/p>\n<p>Les milieux \u00e9conomiques britanniques ont de leur c\u00f4t\u00e9 d\u00e9plor\u00e9 que \u00ab\u00a0chaque jour sans accord signifie moins d&rsquo;investissements et moins d&#8217;emplois cr\u00e9\u00e9s\u00a0\u00bb, selon Josh Hardien, directeur g\u00e9n\u00e9ral adjoint du CBI, principale organisation patronale.<\/p>\n<p>Theresa May avait pr\u00e9c\u00e9demment indiqu\u00e9 se laisser jusqu&rsquo;\u00e0 ce mardi pour trouver une issue sur le Brexit.<\/p>\n<p><strong>Bons progr\u00e8s<\/strong><\/p>\n<p>Mme May, qui a particip\u00e9 au sommet de Charm el-Cheikh, a eu plusieurs \u00e9changes sur la question avec ses partenaires europ\u00e9ens dimanche et lundi, dont la chanceli\u00e8re allemande Angela Merkel.<\/p>\n<p>Outre M. Tusk, elle a \u00e9galement rencontr\u00e9 Jean-Claude Juncker, le pr\u00e9sident de la Commission europ\u00e9enne. \u00ab\u00a0Nous faisons de bons progr\u00e8s\u00a0\u00bb, a assur\u00e9 ce dernier devant la presse lundi.<\/p>\n<p>Depuis le rejet massif de l&rsquo;accord de divorce par les d\u00e9put\u00e9s britanniques en janvier, Theresa May tente de ren\u00e9gocier avec Bruxelles une nouvelle version du texte susceptible de rallier une majorit\u00e9 parlementaire.<\/p>\n<p>Elle souhaite obtenir des \u00ab\u00a0changements contraignants\u00a0\u00bb au \u00ab\u00a0filet de s\u00e9curit\u00e9\u00a0\u00bb (ou \u00ab\u00a0backstop\u00a0\u00bb en anglais), une disposition d\u00e9cri\u00e9e au Royaume-Uni cens\u00e9e garder ouverte la fronti\u00e8re en Irlande apr\u00e8s le Brexit.<\/p>\n<p>Londres veut que le \u00ab\u00a0backstop\u00a0\u00bb soit limit\u00e9 dans le temps, ou bien veut \u00eatre autoris\u00e9 \u00e0 y mettre fin de fa\u00e7on unilat\u00e9rale.<\/p>\n<p>Apr\u00e8s deux ans de n\u00e9gociations difficiles, le gouvernement britannique reste plus divis\u00e9 que jamais sur le Brexit.<\/p>\n<p>Mme May esp\u00e8re que si le texte est modifi\u00e9 dans ce sens, les parlementaires britanniques apporteront leur soutien au nouveau texte.<\/p>\n<p>Lundi, M. Tusk a estim\u00e9 que le choix relatif au Brexit se situait actuellement entre \u00ab\u00a0un Brexit chaotique ou une prolongation (du d\u00e9lai)\u00a0\u00bb. Selon lui, il est \u00ab\u00a0absolument clair\u00a0\u00bb qu&rsquo;il n&rsquo;y a aucune majorit\u00e9 au Parlement britannique pour l&rsquo;accord de Mme May. (AFP)<\/p>\n","protected":false},"excerpt":{"rendered":"<p>L&rsquo;Union europ\u00e9enne a ouvert la porte \u00e0 un report de la date du Brexit, pr\u00e9vu le 29 mars, y voyant une solution \u00ab\u00a0rationnelle\u00a0\u00bb \u00e0 la crise politique au Royaume-Uni sur les modalit\u00e9s du divorce. Dans le m\u00eame temps, le Parti travailliste, principale formation d&rsquo;opposition britannique, a annonc\u00e9 qu&rsquo;il soutiendra un amendement r\u00e9clamant un second r\u00e9f\u00e9rendum, [&hellip;]<\/p>\n","protected":false},"author":1,"featured_media":5861,"comment_status":"open","ping_status":"closed","sticky":false,"template":"","format":"standard","meta":{"footnotes":""},"categories":[30],"tags":[514],"class_list":["post-4802","post","type-post","status-publish","format-standard","has-post-thumbnail","hentry","category-actualite","tag-brexit"],"aioseo_notices":[],"_links":{"self":[{"href":"https:\/\/www.culturalusa.com\/news\/wp-json\/wp\/v2\/posts\/4802","targetHints":{"allow":["GET"]}}],"collection":[{"href":"https:\/\/www.culturalusa.com\/news\/wp-json\/wp\/v2\/posts"}],"about":[{"href":"https:\/\/www.culturalusa.com\/news\/wp-json\/wp\/v2\/types\/post"}],"author":[{"embeddable":true,"href":"https:\/\/www.culturalusa.com\/news\/wp-json\/wp\/v2\/users\/1"}],"replies":[{"embeddable":true,"href":"https:\/\/www.culturalusa.com\/news\/wp-json\/wp\/v2\/comments?post=4802"}],"version-history":[{"count":0,"href":"https:\/\/www.culturalusa.com\/news\/wp-json\/wp\/v2\/posts\/4802\/revisions"}],"wp:featuredmedia":[{"embeddable":true,"href":"https:\/\/www.culturalusa.com\/news\/wp-json\/wp\/v2\/media\/5861"}],"wp:attachment":[{"href":"https:\/\/www.culturalusa.com\/news\/wp-json\/wp\/v2\/media?parent=4802"}],"wp:term":[{"taxonomy":"category","embeddable":true,"href":"https:\/\/www.culturalusa.com\/news\/wp-json\/wp\/v2\/categories?post=4802"},{"taxonomy":"post_tag","embeddable":true,"href":"https:\/\/www.culturalusa.com\/news\/wp-json\/wp\/v2\/tags?post=4802"}],"curies":[{"name":"wp","href":"https:\/\/api.w.org\/{rel}","templated":true}]}}