{"id":487,"date":"2012-05-02T00:20:54","date_gmt":"2012-05-02T00:20:54","guid":{"rendered":"http:\/\/www.culturalusa.com\/news\/?p=487"},"modified":"2012-05-02T10:17:15","modified_gmt":"2012-05-02T10:17:15","slug":"les-mots-dordre-des-syndicats-pour-le-1er-mai","status":"publish","type":"post","link":"https:\/\/www.culturalusa.com\/news\/portugal\/les-mots-dordre-des-syndicats-pour-le-1er-mai\/","title":{"rendered":"Les mots d&rsquo;ordre des syndicats pour le 1er mai"},"content":{"rendered":"<figure id=\"attachment_488\" aria-describedby=\"caption-attachment-488\" style=\"width: 275px\" class=\"wp-caption alignleft\"><img loading=\"lazy\" decoding=\"async\" class=\"size-medium wp-image-488\" title=\"1 de maio\" src=\"http:\/\/www.culturalusa.com\/news\/wp-content\/uploads\/2012\/05\/1Maio-275x158.jpg\" alt=\"\" width=\"275\" height=\"158\" srcset=\"https:\/\/www.culturalusa.com\/news\/wp-content\/uploads\/2012\/05\/1Maio-275x158.jpg 275w, https:\/\/www.culturalusa.com\/news\/wp-content\/uploads\/2012\/05\/1Maio.jpg 450w\" sizes=\"auto, (max-width: 275px) 100vw, 275px\" \/><figcaption id=\"caption-attachment-488\" class=\"wp-caption-text\">1er mai \u00e0 Lisbonne<\/figcaption><\/figure>\n<p><strong>Les mots d&rsquo;ordre du 1er mai<\/strong>.<\/p>\n<p>Des milliers de personnes ont d\u00e9fil\u00e9, mardi, sur l&rsquo;Avenue Almirante Reis \u00e0 Lisbonne, dans la manifestation organis\u00e9 par le syndicat CGTP.<\/p>\n<p>Avec des pancartes \u00e0 la main, les manifestants ont cri\u00e9 des slogans contre l&rsquo;aust\u00e9rit\u00e9 et le ch\u00f4mage. Pendant la travers\u00e9e, les manifestants sont pass\u00e9s devant un supermarch\u00e9 Pingo Doce (qui \u00e9tait ferm\u00e9) et ils n&rsquo;ont pas \u00e9pargn\u00e9 des critiques envers le groupe Jer\u00f3nimo Martins.<\/p>\n<p>1er mai : le syndicat UGT menace lui aussi le Gouvernement portugais<\/p>\n<p>Si le gouvernement ne respecte pas l&rsquo;accord social, l&rsquo;UGT garantit qu&rsquo;il d\u00e9noncera les mesures d&rsquo;engagement pour la croissance, la comp\u00e9titivit\u00e9 et l&#8217;emploi.<\/p>\n<p>L&rsquo;UGT a exig\u00e9 la r\u00e9alisation de l&rsquo;accord social triparti, affirmant la n\u00e9cessit\u00e9 pour le gouvernement de fixer un calendrier qui permettra la mise en \u0153uvre des mesures pour croissance et l&#8217;emploi pr\u00e9vues dans le document.<\/p>\n<p>La demande a \u00e9t\u00e9 faite par le pr\u00e9sident de l&rsquo;UGT, Jo\u00e3o de Deus, et par le secr\u00e9taire-g\u00e9n\u00e9ral de la conf\u00e9d\u00e9ration syndicale, Joao Proenca, dans les interventions faites dans la Pra\u00e7a dos Restauradores \u00e0 Lisbonne pour c\u00e9l\u00e9brer la f\u00eate du Travail.<\/p>\n<p>\u00ab\u00a0En ce jour, l&rsquo;UGT oblige le gouvernement \u00e0 s&rsquo;acquitter de sa parole et de l&rsquo;accord sign\u00e9. L&rsquo;UGT exige plus d&rsquo;efficacit\u00e9 et de rapidit\u00e9 de la part du gouvernement dans la mise en \u0153uvre de cet accord.<\/p>\n<p>En ce jour, une fois de plus, l&rsquo;UGT affirme sa d\u00e9termination \u00e0 exiger le respect de l&rsquo;accord sur la concertation sociale, sous peine d&rsquo;\u00eatre d\u00e9nonc\u00e9 par la m\u00eame UGT, pour le non-respect de la part du gouvernement\u00a0\u00bb, a d\u00e9clar\u00e9 Jo\u00e3o de Deus.<\/p>\n<p>Le pr\u00e9sident de l&rsquo;UGT a d\u00e9clar\u00e9 qu&rsquo;il \u00e9tait impossible de comprendre les raisons qui ont conduit le gouvernement \u00e0 \u00ab\u00a0n\u00e9gliger\u00a0\u00bb l&rsquo;accomplissement des mesures pour l&rsquo;engagement de la croissance, la comp\u00e9titivit\u00e9 et l&#8217;emploi, en particulier ceux qui visent le ch\u00f4mage et la croissance \u00e9conomique.<\/p>\n<p><embed height=\"320\" width=\"470\" flashvars=\"file=http:\/\/rd3.videos.sapo.pt\/85mG9zbZoq5JgPUoEzy8\/mov\/1&amp;type=video&amp;image=http:\/\/sicnoticias.sapo.pt\/economia\/article1522967.ece\/ALTERNATES\/w570\/1401101_2.png&amp;skin=http:\/\/sicnoticias.sapo.pt\/skins\/sicnot\/gfx\/jwplayer\/sic_noticias.xml&amp;autostart=false&amp;repeat=list&amp;bufferlength=3&amp;controlbar=over&amp;plugins=ova&amp;config=http%3A%2F%2Fsicnoticias.sapo.pt%2Ftemplate%2Fframework%2Fvideo%2Fovaconfig.jsp%3Fserver%3Dsapo%26zoneid%3D1137%26msg%3Ddisabled%26clickSign%3Dtrue%26random%3D463522234%26cpid%3Dsicnot\" wmode=\"transparent\" allowscriptaccess=\"always\" allowfullscreen=\"true\" quality=\"high\" name=\"player\" id=\"player\" style=\"\" src=\"http:\/\/sicnoticias.sapo.pt\/skins\/sicnot\/gfx\/jwplayer\/player.swf\" type=\"application\/x-shockwave-flash\" \/><\/p>\n<p><img loading=\"lazy\" decoding=\"async\" class=\"alignleft size-full wp-image-180\" style=\"border: 0pt none;\" title=\"icon-pt\" src=\"http:\/\/www.culturalusa.com\/news\/wp-content\/uploads\/2012\/04\/icon-pt.gif\" alt=\"\" width=\"14\" height=\"14\" \/> <span style=\"color: #800000;\">Milhares de pessoas desfilaram, ter\u00e7a-feira, pela Av. Almirante Reis, em Lisboa<\/span>, na manifesta\u00e7\u00e3o da CGTP.<\/p>\n<p>Com cartazes em punho, gritaram palavras de ordem contra a austeridade e o desemprego. \u00c0 passagem por um supermercado Pingo Doce, entretanto encerrado, os manifestantes n\u00e3o pouparam cr\u00edticas ao grupo Jer\u00f3nimo Martins.<\/p>\n<p>1.\u00ba de maio: <span style=\"color: #800000;\">UGT tamb\u00e9m amea\u00e7a Governo<\/span><\/p>\n<p>Se o Governo n\u00e3o cumprir o acordo de concerta\u00e7\u00e3o social a UGT garante que ir\u00e1 denunciar as medidas do Compromisso para o Crescimento, a Competitividade e o Emprego.<\/p>\n<p>A UGT exigiu o cumprimento do acordo tripartido de concerta\u00e7\u00e3o social, reivindicando a necessidade de o Governo definir um calend\u00e1rio que permita a concretiza\u00e7\u00e3o das medidas de crescimento e de emprego previstas no documento.<\/p>\n<p>A exig\u00eancia foi feita pelo presidente da UGT, Jo\u00e3o de Deus, e pelo secret\u00e1rio-geral da central sindical, Jo\u00e3o Proen\u00e7a, nas interven\u00e7\u00f5es que fizeram na Pra\u00e7a dos Restauradores, em Lisboa, para celebrar o Dia do Trabalhador.<\/p>\n<p>\u00ab\u00a0Neste dia, a UGT exige que o Governo cumpra a palavra dada e o acordo assinado. A UGT exige mais efic\u00e1cia e rapidez de todo o Governo na implementa\u00e7\u00e3o do acordo.<\/p>\n<p>Neste dia, mais uma vez, a UGT afirma a sua firme determina\u00e7\u00e3o em exigir o cumprimento do acordo de concerta\u00e7\u00e3o, sob pena de o mesmo ser denunciado pela UGT, por incumprimento do Governo\u00a0\u00bb, afirmou Jo\u00e3o de Deus.<\/p>\n<p>O presidente da UGT afirmou ser imposs\u00edvel compreender as raz\u00f5es que levaram o Governo a \u00ab\u00a0negligenciar\u00a0\u00bb o cumprimento das medidas do Compromisso para o Crescimento, a Competitividade e o Emprego, especialmente as destinadas a desemprego e ao crescimento econ\u00f3mico. (fontes:JN e Expresso)<\/p>\n<p style=\"text-align:center;\"><script type=\"text\/javascript\"><!--\ngoogle_ad_client = \"ca-pub-2727717456356200\";\n\/* CulturaLusa 468x60 *\/\ngoogle_ad_slot = \"2785499263\";\ngoogle_ad_width = 468;\ngoogle_ad_height = 60;\n\/\/-->\n<\/script><br \/>\n<script type=\"text\/javascript\"\nsrc=\"http:\/\/pagead2.googlesyndication.com\/pagead\/show_ads.js\">\n<\/script><\/p>\n","protected":false},"excerpt":{"rendered":"<p>Les mots d&rsquo;ordre du 1er mai. Des milliers de personnes ont d\u00e9fil\u00e9, mardi, sur l&rsquo;Avenue Almirante Reis \u00e0 Lisbonne, dans la manifestation organis\u00e9 par le syndicat CGTP. Avec des pancartes \u00e0 la main, les manifestants ont cri\u00e9 des slogans contre l&rsquo;aust\u00e9rit\u00e9 et le ch\u00f4mage. Pendant la travers\u00e9e, les manifestants sont pass\u00e9s devant un supermarch\u00e9 Pingo [&hellip;]<\/p>\n","protected":false},"author":1,"featured_media":0,"comment_status":"open","ping_status":"closed","sticky":false,"template":"","format":"standard","meta":{"footnotes":""},"categories":[3],"tags":[],"class_list":["post-487","post","type-post","status-publish","format-standard","hentry","category-portugal"],"aioseo_notices":[],"_links":{"self":[{"href":"https:\/\/www.culturalusa.com\/news\/wp-json\/wp\/v2\/posts\/487","targetHints":{"allow":["GET"]}}],"collection":[{"href":"https:\/\/www.culturalusa.com\/news\/wp-json\/wp\/v2\/posts"}],"about":[{"href":"https:\/\/www.culturalusa.com\/news\/wp-json\/wp\/v2\/types\/post"}],"author":[{"embeddable":true,"href":"https:\/\/www.culturalusa.com\/news\/wp-json\/wp\/v2\/users\/1"}],"replies":[{"embeddable":true,"href":"https:\/\/www.culturalusa.com\/news\/wp-json\/wp\/v2\/comments?post=487"}],"version-history":[{"count":0,"href":"https:\/\/www.culturalusa.com\/news\/wp-json\/wp\/v2\/posts\/487\/revisions"}],"wp:attachment":[{"href":"https:\/\/www.culturalusa.com\/news\/wp-json\/wp\/v2\/media?parent=487"}],"wp:term":[{"taxonomy":"category","embeddable":true,"href":"https:\/\/www.culturalusa.com\/news\/wp-json\/wp\/v2\/categories?post=487"},{"taxonomy":"post_tag","embeddable":true,"href":"https:\/\/www.culturalusa.com\/news\/wp-json\/wp\/v2\/tags?post=487"}],"curies":[{"name":"wp","href":"https:\/\/api.w.org\/{rel}","templated":true}]}}