{"id":497,"date":"2012-05-04T00:24:41","date_gmt":"2012-05-04T00:24:41","guid":{"rendered":"http:\/\/www.culturalusa.com\/news\/?p=497"},"modified":"2012-05-04T00:32:24","modified_gmt":"2012-05-04T00:32:24","slug":"une-candidature-lusophone-sera-la-bienvenue-pour-la-tap","status":"publish","type":"post","link":"https:\/\/www.culturalusa.com\/news\/portugal\/une-candidature-lusophone-sera-la-bienvenue-pour-la-tap\/","title":{"rendered":"Une candidature lusophone sera la bienvenue pour la TAP"},"content":{"rendered":"<figure id=\"attachment_498\" aria-describedby=\"caption-attachment-498\" style=\"width: 275px\" class=\"wp-caption alignleft\"><img loading=\"lazy\" decoding=\"async\" src=\"http:\/\/www.culturalusa.com\/news\/wp-content\/uploads\/2012\/05\/Paulo-Portas-275x158.jpg\" alt=\"\" title=\"Paulo Portas\" width=\"275\" height=\"158\" class=\"size-medium wp-image-498\" \/><figcaption id=\"caption-attachment-498\" class=\"wp-caption-text\">Paulo Portas - Ministre des Affaires Etrang\u00e8res<\/figcaption><\/figure>Le ministre d&rsquo;\u00c9tat aux Affaires \u00e9trang\u00e8res, <strong>Paulo Portas<\/strong>, a d\u00e9clar\u00e9 lors d&rsquo;un d\u00e9jeuner avec les chefs d&rsquo;entreprises \u00e0 Sao Paulo, que la participation d&rsquo;une soci\u00e9t\u00e9 lusophone dans la <strong>privatisation de la TAP<\/strong> sera la bienvenue.<\/p>\n<p>\u00ab\u00a0Il est \u00e9vident que les candidatures lusophones ne peuvent \u00eatre que les bienvenues pour la privatisation de la TAP\u00a0\u00bb, a-t-il d\u00e9clar\u00e9 lors d&rsquo;une r\u00e9union avec une vingtaine de chefs d&rsquo;entreprises br\u00e9siliens et portugais au Br\u00e9sil.<\/p>\n<p>Paulo Portas, actuellement au Br\u00e9sil pour une visite de trois jours, \u00e0 la recherche d&rsquo;investissements, a pr\u00e9sent\u00e9 les privatisations d\u00e9j\u00e0 r\u00e9alis\u00e9es aux entrepreneurs, tels que l&rsquo;EDP, l&rsquo;ANA, les A\u00e9roports du Portugal et la TAP ainsi que les prochaines entreprises \u00e0 \u00eatre privatis\u00e9es.<\/p>\n<p>Pour attirer les capitaux des entreprises br\u00e9siliennes, Portas a pr\u00e9sent\u00e9 les avantages du \u00ab\u00a0Visto Gold\u00a0\u00bb, un titre qui sera accord\u00e9 aux entrepreneurs. Avec lui, les investisseurs qui ont pari\u00e9 sur le Portugal ou pour cr\u00e9ation d&#8217;emplois dans le pays auront des avantages de r\u00e9sidence territoriale, avec un visa d&rsquo;un an, renouvelable pour deux ann\u00e9es suppl\u00e9mentaires et deux ans de plus. Actuellement, chaque renouvellement ne donne droit qu&rsquo;\u00e0 une seule ann\u00e9e de r\u00e9sidence.<\/p>\n<p>Paulo Portas a \u00e9galement pr\u00e9sent\u00e9 les r\u00e9formes en cours au Portugal ayant pour objectif de surmonter la crise \u00e9conomique, ainsi que la tentative d&rsquo;une diminution des f\u00eates civiles et religieuses dans le pays.<\/p>\n<p>En raison de la crise, et de la difficult\u00e9 d&rsquo;exporter vers les pays europ\u00e9ens ainsi que d&rsquo;un \u00e9cart par rapport \u00e0 l&rsquo;engagement avec l&rsquo;Am\u00e9rique latine, Asie et en Afrique, Portas a d\u00e9fendu la croissance des exportations vers le Br\u00e9sil, pour cette ann\u00e9e, au premier trimestre avec d\u00e9j\u00e0 une augmentation de 26,68 pour cent par rapport \u00e0 la m\u00eame p\u00e9riode l&rsquo;an dernier, selon le Minist\u00e8re du D\u00e9veloppement, de l&rsquo;Industrie et du Commerce Ext\u00e9rieur du Br\u00e9sil. Concernant les importations, celles-ci ont diminu\u00e9 de 0,14 pour cent par rapport \u00e0 la m\u00eame p\u00e9riode.<\/p>\n<p><img loading=\"lazy\" decoding=\"async\" class=\"alignleft size-full wp-image-180\" style=\"border: 0pt none;\" title=\"icon-pt\" src=\"http:\/\/www.culturalusa.com\/news\/wp-content\/uploads\/2012\/04\/icon-pt.gif\" alt=\"\" width=\"14\" height=\"14\" \/> <span style=\"color: #800000;\">Candidatura lus\u00f3fona para a TAP ser\u00e1 \u00ab\u00a0bem-vinda\u00a0\u00bb<\/span><\/p>\n<p>O ministro de Estado e dos Neg\u00f3cios Estrangeiros, <strong>Paulo Portas<\/strong>, afirmou hoje, num almo\u00e7o com empres\u00e1rios em S\u00e3o Paulo, que ser\u00e1 bem-vinda a participa\u00e7\u00e3o de uma empresa lus\u00f3fona na privatiza\u00e7\u00e3o da TAP.<\/p>\n<p>\u00ab\u00a0\u00c9 evidente que s\u00f3 podem ser bem-vindas candidaturas lus\u00f3fonas para a privatiza\u00e7\u00e3o da TAP\u00a0\u00bb, disse num encontro com cerca de 20 empres\u00e1rios brasileiros e portugueses no Brasil.<\/p>\n<p>Portas, que est\u00e1 no Brasil numa visita de tr\u00eas dias, \u00e0 procura de investimentos, apresentou aos empres\u00e1rios as privatiza\u00e7\u00f5es j\u00e1 feitas, como a da EDP, e apontou a ANA, Aeroportos de Portugal e a TAP como as pr\u00f3ximas empresas a privatizar.<\/p>\n<p>Para atrair o capital das empresas brasileiras, Portas apresentou as vantagens do \u00ab\u00a0Visto Gold\u00a0\u00bb, um t\u00edtulo que ser\u00e1 concedido a empres\u00e1rios. Com ele, os investidores que apostem em Portugal ou criem postos de trabalho no pa\u00eds poder\u00e3o ter facilidades para permanecer nele, com um visto de um ano, renov\u00e1vel por mais dois anos e ainda mais dois anos. Atualmente, cada renova\u00e7\u00e3o s\u00f3 d\u00e1 direito a mais um ano de perman\u00eancia.<\/p>\n<p>Portas tamb\u00e9m apresentou as reformas que est\u00e3o a ser feitas em Portugal para ultrapassar a crise econ\u00f3mica, como a tentativa de diminui\u00e7\u00e3o de feriados civis e religiosos.<\/p>\n<p>Devido \u00e0 crise, e \u00e0 consequente dificuldade de exporta\u00e7\u00e3o para pa\u00edses europeus e um desvio da aposta para a Am\u00e9rica Latina, \u00c1sia e \u00c1frica, Portas defendeu o crescimento das exporta\u00e7\u00f5es para o Brasil, que este ano, no primeiro trimestre j\u00e1 aumentaram 26,68 por cento em rela\u00e7\u00e3o ao mesmo per\u00edodo do ano passado, segundo dados do Minist\u00e9rio do Desenvolvimento, Ind\u00fastria e Com\u00e9rcio Exterior Brasileiro. J\u00e1 as importa\u00e7\u00f5es registaram uma queda de 0,14 por cento no mesmo per\u00edodo. (fonte:DN)<\/p>\n<p style=\"text-align:center;\"><script type=\"text\/javascript\"><!--\ngoogle_ad_client = \"ca-pub-2727717456356200\";\n\/* CulturaLusa 468x60 *\/\ngoogle_ad_slot = \"2785499263\";\ngoogle_ad_width = 468;\ngoogle_ad_height = 60;\n\/\/-->\n<\/script><br \/>\n<script type=\"text\/javascript\"\nsrc=\"http:\/\/pagead2.googlesyndication.com\/pagead\/show_ads.js\">\n<\/script><\/p>\n","protected":false},"excerpt":{"rendered":"<p>Le ministre d&rsquo;\u00c9tat aux Affaires \u00e9trang\u00e8res, Paulo Portas, a d\u00e9clar\u00e9 lors d&rsquo;un d\u00e9jeuner avec les chefs d&rsquo;entreprises \u00e0 Sao Paulo, que la participation d&rsquo;une soci\u00e9t\u00e9 lusophone dans la privatisation de la TAP sera la bienvenue. \u00ab\u00a0Il est \u00e9vident que les candidatures lusophones ne peuvent \u00eatre que les bienvenues pour la privatisation de la TAP\u00a0\u00bb, a-t-il [&hellip;]<\/p>\n","protected":false},"author":1,"featured_media":0,"comment_status":"open","ping_status":"closed","sticky":false,"template":"","format":"standard","meta":{"footnotes":""},"categories":[3],"tags":[33],"class_list":["post-497","post","type-post","status-publish","format-standard","hentry","category-portugal","tag-paulo-portas"],"aioseo_notices":[],"_links":{"self":[{"href":"https:\/\/www.culturalusa.com\/news\/wp-json\/wp\/v2\/posts\/497","targetHints":{"allow":["GET"]}}],"collection":[{"href":"https:\/\/www.culturalusa.com\/news\/wp-json\/wp\/v2\/posts"}],"about":[{"href":"https:\/\/www.culturalusa.com\/news\/wp-json\/wp\/v2\/types\/post"}],"author":[{"embeddable":true,"href":"https:\/\/www.culturalusa.com\/news\/wp-json\/wp\/v2\/users\/1"}],"replies":[{"embeddable":true,"href":"https:\/\/www.culturalusa.com\/news\/wp-json\/wp\/v2\/comments?post=497"}],"version-history":[{"count":0,"href":"https:\/\/www.culturalusa.com\/news\/wp-json\/wp\/v2\/posts\/497\/revisions"}],"wp:attachment":[{"href":"https:\/\/www.culturalusa.com\/news\/wp-json\/wp\/v2\/media?parent=497"}],"wp:term":[{"taxonomy":"category","embeddable":true,"href":"https:\/\/www.culturalusa.com\/news\/wp-json\/wp\/v2\/categories?post=497"},{"taxonomy":"post_tag","embeddable":true,"href":"https:\/\/www.culturalusa.com\/news\/wp-json\/wp\/v2\/tags?post=497"}],"curies":[{"name":"wp","href":"https:\/\/api.w.org\/{rel}","templated":true}]}}